{"id":1693,"date":"2020-04-29T12:18:46","date_gmt":"2020-04-29T10:18:46","guid":{"rendered":"http:\/\/agora.xtec.cat\/ceip-santacreu-anglesola\/?p=1693"},"modified":"2020-04-30T10:17:28","modified_gmt":"2020-04-30T08:17:28","slug":"que-veieu-des-de-la-finestra-o-balco","status":"publish","type":"post","link":"https:\/\/agora.xtec.cat\/ceip-santacreu-anglesola\/general\/que-veieu-des-de-la-finestra-o-balco\/","title":{"rendered":"QU\u00c8 VEIEU DES DE LA FINESTRA O BALC\u00d3?"},"content":{"rendered":"<p>En aquests dies de confinament, segur que heu mirat per la finestra o pel balc\u00f3 m\u00e9s que mai&#8230;..Aprofitem l&#8217;ocasi\u00f3 per fer una obra d&#8217;art!!!<br \/>\n<span style=\"font-family: inherit; font-size: 1em; line-height: 1.6;\">Relaxem-nos&#8230;&#8230;.<br \/>\n<\/span><span style=\"font-family: inherit; font-size: 1em; line-height: 1.6;\">Agafem llapis, goma i un paper en blanc&#8230;&#8230;.<br \/>\n<\/span><span style=\"font-family: inherit; font-size: 1em; line-height: 1.6;\">Mirem per la finestra i&#8230;&#8230;. sense pressionar massa el llapis&#8230;&#8230;..<br \/>\n<\/span><span style=\"font-family: inherit; font-size: 1em; line-height: 1.6;\">Dibuixem tot all\u00f2 que observem a l&#8217;exterior!<br \/>\n<\/span><span style=\"font-family: inherit; font-size: 1em; line-height: 1.6;\">Posem-hi una mica de color amb aquarel\u00b7les, retoladors o&#8230;. deixem-lo en blanc i negre.<br \/>\n<\/span><span style=\"font-family: inherit; font-size: 1em; line-height: 1.6;\">Entreu a la galeria per veure les magn\u00edfiques obres d&#8217;art dels i les alumnes del nostre centre!<\/span><\/p>\n<p data-wp-editing=\"1\"><a href=\"https:\/\/photos.app.goo.gl\/dwuNghEHFrtjyyUa8\"><img loading=\"lazy\" decoding=\"async\" class=\"wp-image-1727 size-thumbnail alignleft\" src=\"https:\/\/agora.xtec.cat\/ceip-santacreu-anglesola\/wp-content\/uploads\/usu483\/2020\/04\/6\u00e8-Aura-M\u00f2-150x150.jpg\" alt=\"\" width=\"150\" height=\"150\" \/><\/a><a href=\"https:\/\/photos.app.goo.gl\/dwuNghEHFrtjyyUa8\"><img loading=\"lazy\" decoding=\"async\" class=\"alignleft wp-image-1712 size-thumbnail\" src=\"https:\/\/agora.xtec.cat\/ceip-santacreu-anglesola\/wp-content\/uploads\/usu483\/2020\/04\/4tAndrei-150x150.jpeg\" alt=\"\" width=\"150\" height=\"150\" \/><\/a><a href=\"https:\/\/photos.app.goo.gl\/dwuNghEHFrtjyyUa8\"><img loading=\"lazy\" decoding=\"async\" class=\"alignleft wp-image-1731 size-thumbnail\" src=\"https:\/\/agora.xtec.cat\/ceip-santacreu-anglesola\/wp-content\/uploads\/usu483\/2020\/04\/\u00c0lex-150x150.jpg\" alt=\"\" width=\"150\" height=\"150\" \/><\/a><\/p>\n<p><a href=\"https:\/\/photos.app.goo.gl\/dwuNghEHFrtjyyUa8\"><img loading=\"lazy\" decoding=\"async\" class=\"alignnone wp-image-1729 size-thumbnail alignleft\" src=\"https:\/\/agora.xtec.cat\/ceip-santacreu-anglesola\/wp-content\/uploads\/usu483\/2020\/04\/1r-DAMI\u00c0-VILAPLANA-150x150.jpg\" alt=\"\" width=\"150\" height=\"150\" \/><\/a><\/p>\n<p>&nbsp;<\/p>\n<p>&nbsp;<\/p>\n<p>&nbsp;<\/p>\n","protected":false},"excerpt":{"rendered":"<p>En aquests dies de confinament, segur que heu mirat per la finestra o pel balc\u00f3 m\u00e9s que mai&#8230;..Aprofitem l&#8217;ocasi\u00f3 per fer una obra d&#8217;art!!!<br \/>\nRelaxem-nos&#8230;&#8230;.<br \/>\nAgafem llapis, goma i un paper en blanc&#8230;&#8230;.<br \/>\nMirem per la finestra i&#8230;&#8230;. sense pressionar massa el llapis&#8230;&#8230;..<br \/>\nDibuixem tot all\u00f2 que observem a&hellip;  <a href=\"https:\/\/agora.xtec.cat\/ceip-santacreu-anglesola\/general\/que-veieu-des-de-la-finestra-o-balco\/\" title=\"Read QU\u00c8 VEIEU DES DE LA FINESTRA O BALC\u00d3?\">Llegeix m\u00e9s\u00bb<\/a><\/p>\n","protected":false},"author":1,"featured_media":0,"comment_status":"open","ping_status":"closed","sticky":false,"template":"","format":"standard","meta":{"_bbp_topic_count":0,"_bbp_reply_count":0,"_bbp_total_topic_count":0,"_bbp_total_reply_count":0,"_bbp_voice_count":0,"_bbp_anonymous_reply_count":0,"_bbp_topic_count_hidden":0,"_bbp_reply_count_hidden":0,"_bbp_forum_subforum_count":0,"footnotes":""},"categories":[1,4],"tags":[],"class_list":["post-1693","post","type-post","status-publish","format-standard","hentry","category-general","category-portada"],"post_mailing_queue_ids":[],"_links":{"self":[{"href":"https:\/\/agora.xtec.cat\/ceip-santacreu-anglesola\/wp-json\/wp\/v2\/posts\/1693","targetHints":{"allow":["GET"]}}],"collection":[{"href":"https:\/\/agora.xtec.cat\/ceip-santacreu-anglesola\/wp-json\/wp\/v2\/posts"}],"about":[{"href":"https:\/\/agora.xtec.cat\/ceip-santacreu-anglesola\/wp-json\/wp\/v2\/types\/post"}],"author":[{"embeddable":true,"href":"https:\/\/agora.xtec.cat\/ceip-santacreu-anglesola\/wp-json\/wp\/v2\/users\/1"}],"replies":[{"embeddable":true,"href":"https:\/\/agora.xtec.cat\/ceip-santacreu-anglesola\/wp-json\/wp\/v2\/comments?post=1693"}],"version-history":[{"count":4,"href":"https:\/\/agora.xtec.cat\/ceip-santacreu-anglesola\/wp-json\/wp\/v2\/posts\/1693\/revisions"}],"predecessor-version":[{"id":1733,"href":"https:\/\/agora.xtec.cat\/ceip-santacreu-anglesola\/wp-json\/wp\/v2\/posts\/1693\/revisions\/1733"}],"wp:attachment":[{"href":"https:\/\/agora.xtec.cat\/ceip-santacreu-anglesola\/wp-json\/wp\/v2\/media?parent=1693"}],"wp:term":[{"taxonomy":"category","embeddable":true,"href":"https:\/\/agora.xtec.cat\/ceip-santacreu-anglesola\/wp-json\/wp\/v2\/categories?post=1693"},{"taxonomy":"post_tag","embeddable":true,"href":"https:\/\/agora.xtec.cat\/ceip-santacreu-anglesola\/wp-json\/wp\/v2\/tags?post=1693"}],"curies":[{"name":"wp","href":"https:\/\/api.w.org\/{rel}","templated":true}]}}