{"id":1608,"date":"2020-04-26T17:37:12","date_gmt":"2020-04-26T15:37:12","guid":{"rendered":"http:\/\/agora.xtec.cat\/ceip-santacreu-anglesola\/?p=1608"},"modified":"2020-04-26T22:01:38","modified_gmt":"2020-04-26T20:01:38","slug":"gent-activa-des-de-casa","status":"publish","type":"post","link":"https:\/\/agora.xtec.cat\/ceip-santacreu-anglesola\/general\/gent-activa-des-de-casa\/","title":{"rendered":"GENT ACTIVA DES DE CASA"},"content":{"rendered":"<p>Benvolgudes fam\u00edlies,<\/p>\n<p>us fem arribar aquest v\u00eddeo recopilatori amb totes les aportacions que ens heu fet arribar de la proposta d&#8217;Educaci\u00f3 F\u00edsica, <em><strong>&#8220;Gent Activa des de Casa&#8221;<\/strong><\/em>.<\/p>\n<p>Molt\u00edssimes gr\u00e0cies per la vostra col\u00b7laboraci\u00f3.<\/p>\n<p><iframe loading=\"lazy\" src=\"\/\/www.youtube.com\/embed\/qIyTkhV_egk\" width=\"560\" height=\"315\" frameborder=\"0\"><\/iframe><\/p>\n","protected":false},"excerpt":{"rendered":"<p>Benvolgudes fam\u00edlies,<br \/>\nus fem arribar aquest v\u00eddeo recopilatori amb totes les aportacions que ens heu fet arribar de la proposta d&#8217;Educaci\u00f3 F\u00edsica, &#8220;Gent Activa des de Casa&#8221;.<br \/>\nMolt\u00edssimes gr\u00e0cies per la vostra col\u00b7laboraci\u00f3.<\/p>\n","protected":false},"author":11,"featured_media":0,"comment_status":"open","ping_status":"closed","sticky":false,"template":"","format":"standard","meta":{"_bbp_topic_count":0,"_bbp_reply_count":0,"_bbp_total_topic_count":0,"_bbp_total_reply_count":0,"_bbp_voice_count":0,"_bbp_anonymous_reply_count":0,"_bbp_topic_count_hidden":0,"_bbp_reply_count_hidden":0,"_bbp_forum_subforum_count":0,"footnotes":""},"categories":[1,4],"tags":[],"class_list":["post-1608","post","type-post","status-publish","format-standard","hentry","category-general","category-portada"],"post_mailing_queue_ids":[],"_links":{"self":[{"href":"https:\/\/agora.xtec.cat\/ceip-santacreu-anglesola\/wp-json\/wp\/v2\/posts\/1608","targetHints":{"allow":["GET"]}}],"collection":[{"href":"https:\/\/agora.xtec.cat\/ceip-santacreu-anglesola\/wp-json\/wp\/v2\/posts"}],"about":[{"href":"https:\/\/agora.xtec.cat\/ceip-santacreu-anglesola\/wp-json\/wp\/v2\/types\/post"}],"author":[{"embeddable":true,"href":"https:\/\/agora.xtec.cat\/ceip-santacreu-anglesola\/wp-json\/wp\/v2\/users\/11"}],"replies":[{"embeddable":true,"href":"https:\/\/agora.xtec.cat\/ceip-santacreu-anglesola\/wp-json\/wp\/v2\/comments?post=1608"}],"version-history":[{"count":3,"href":"https:\/\/agora.xtec.cat\/ceip-santacreu-anglesola\/wp-json\/wp\/v2\/posts\/1608\/revisions"}],"predecessor-version":[{"id":1637,"href":"https:\/\/agora.xtec.cat\/ceip-santacreu-anglesola\/wp-json\/wp\/v2\/posts\/1608\/revisions\/1637"}],"wp:attachment":[{"href":"https:\/\/agora.xtec.cat\/ceip-santacreu-anglesola\/wp-json\/wp\/v2\/media?parent=1608"}],"wp:term":[{"taxonomy":"category","embeddable":true,"href":"https:\/\/agora.xtec.cat\/ceip-santacreu-anglesola\/wp-json\/wp\/v2\/categories?post=1608"},{"taxonomy":"post_tag","embeddable":true,"href":"https:\/\/agora.xtec.cat\/ceip-santacreu-anglesola\/wp-json\/wp\/v2\/tags?post=1608"}],"curies":[{"name":"wp","href":"https:\/\/api.w.org\/{rel}","templated":true}]}}