{"id":1548,"date":"2020-04-23T12:47:14","date_gmt":"2020-04-23T10:47:14","guid":{"rendered":"http:\/\/agora.xtec.cat\/ceip-santacreu-anglesola\/?p=1548"},"modified":"2020-05-01T10:32:00","modified_gmt":"2020-05-01T08:32:00","slug":"flors-i-roses-als-balcons-sant-jordi-2020","status":"publish","type":"post","link":"https:\/\/agora.xtec.cat\/ceip-santacreu-anglesola\/general\/flors-i-roses-als-balcons-sant-jordi-2020\/","title":{"rendered":"FLORS I ROSES ALS BALCONS- SANT JORDI 2020"},"content":{"rendered":"<p><span style=\"color: #ff99cc;\">Sant Jordi arriba com un cavaller&#8230; aix\u00ed diu la can\u00e7\u00f3, una festa aquest any diferent, per\u00f2 no per aix\u00f2 menys bonica.<\/span><\/p>\n<p><span style=\"color: #cc99ff;\">Malgrat haver d&#8217;estar-nos a casa, tamb\u00e9 ho celebrarem<\/span>.<\/p>\n<p><span style=\"color: #ff00ff;\">Per aix\u00f2 hem fet moltes roses que hem penjat al nostre balc\u00f3 perqu\u00e8 el nostre cavaller vegi que no ens oblidem d&#8217;ell i que potser el proper any si que podrem sortir al carrer perqu\u00e8 s&#8217;haur\u00e0 endut aquest virus que ens est\u00e0 fent la guitza.<\/span><\/p>\n<p><span style=\"color: #ff0000;\">A m\u00e9s de fer una rosa per penjar al balc\u00f3 podem fer altres coses i aix\u00ed fer un Sant Jordi alternatiu: podem llegir molts llibres de Sant Jordi n&#8217;hi ha molts i amb hist\u00f2ries diferents, en els que la princesa \u00e9s una antip\u00e0tica i el drac un dol\u00e7 cavaller&#8230; fabricar roses de mil maneres, comprar un roser i que ens \u00a0el duguin a casa&#8230;<\/span><\/p>\n<p><span style=\"color: #800000;\">Amb les nostres roses farem un poble m\u00e9s bonic i alegre! \u00a0Bona Diada de Sant Jordi!<\/span><\/p>\n<p><iframe loading=\"lazy\" title=\"Sant Jordi   Roses al balc\u00f3\" width=\"500\" height=\"281\" src=\"https:\/\/www.youtube.com\/embed\/NzkqseoFbEY?feature=oembed\" frameborder=\"0\" allow=\"accelerometer; autoplay; clipboard-write; encrypted-media; gyroscope; picture-in-picture; web-share\" referrerpolicy=\"strict-origin-when-cross-origin\" allowfullscreen><\/iframe><\/p>\n<p><a href=\"https:\/\/photos.app.goo.gl\/iV7YYczqfDQsHL6dA\"><span style=\"color: #ff0000;\">MIRA AQU\u00cd L&#8217;\u00c0LBUM DE FOTOS<\/span><\/a><\/p>\n","protected":false},"excerpt":{"rendered":"<p>Amb les nostres roses farem un poble m\u00e9s bonic i alebre! Bona Diada de Sant Jordi!<br \/>\n&hellip;  <a href=\"https:\/\/agora.xtec.cat\/ceip-santacreu-anglesola\/general\/flors-i-roses-als-balcons-sant-jordi-2020\/\" title=\"Read FLORS I ROSES ALS BALCONS- SANT JORDI 2020\">Llegeix m\u00e9s\u00bb<\/a><\/p>\n","protected":false},"author":1,"featured_media":1578,"comment_status":"open","ping_status":"closed","sticky":false,"template":"","format":"standard","meta":{"_bbp_topic_count":0,"_bbp_reply_count":0,"_bbp_total_topic_count":0,"_bbp_total_reply_count":0,"_bbp_voice_count":0,"_bbp_anonymous_reply_count":0,"_bbp_topic_count_hidden":0,"_bbp_reply_count_hidden":0,"_bbp_forum_subforum_count":0,"footnotes":""},"categories":[1,4],"tags":[],"class_list":["post-1548","post","type-post","status-publish","format-standard","has-post-thumbnail","hentry","category-general","category-portada"],"post_mailing_queue_ids":[],"_links":{"self":[{"href":"https:\/\/agora.xtec.cat\/ceip-santacreu-anglesola\/wp-json\/wp\/v2\/posts\/1548","targetHints":{"allow":["GET"]}}],"collection":[{"href":"https:\/\/agora.xtec.cat\/ceip-santacreu-anglesola\/wp-json\/wp\/v2\/posts"}],"about":[{"href":"https:\/\/agora.xtec.cat\/ceip-santacreu-anglesola\/wp-json\/wp\/v2\/types\/post"}],"author":[{"embeddable":true,"href":"https:\/\/agora.xtec.cat\/ceip-santacreu-anglesola\/wp-json\/wp\/v2\/users\/1"}],"replies":[{"embeddable":true,"href":"https:\/\/agora.xtec.cat\/ceip-santacreu-anglesola\/wp-json\/wp\/v2\/comments?post=1548"}],"version-history":[{"count":3,"href":"https:\/\/agora.xtec.cat\/ceip-santacreu-anglesola\/wp-json\/wp\/v2\/posts\/1548\/revisions"}],"predecessor-version":[{"id":1734,"href":"https:\/\/agora.xtec.cat\/ceip-santacreu-anglesola\/wp-json\/wp\/v2\/posts\/1548\/revisions\/1734"}],"wp:featuredmedia":[{"embeddable":true,"href":"https:\/\/agora.xtec.cat\/ceip-santacreu-anglesola\/wp-json\/wp\/v2\/media\/1578"}],"wp:attachment":[{"href":"https:\/\/agora.xtec.cat\/ceip-santacreu-anglesola\/wp-json\/wp\/v2\/media?parent=1548"}],"wp:term":[{"taxonomy":"category","embeddable":true,"href":"https:\/\/agora.xtec.cat\/ceip-santacreu-anglesola\/wp-json\/wp\/v2\/categories?post=1548"},{"taxonomy":"post_tag","embeddable":true,"href":"https:\/\/agora.xtec.cat\/ceip-santacreu-anglesola\/wp-json\/wp\/v2\/tags?post=1548"}],"curies":[{"name":"wp","href":"https:\/\/api.w.org\/{rel}","templated":true}]}}