{"id":6310,"date":"2022-04-21T11:59:32","date_gmt":"2022-04-21T09:59:32","guid":{"rendered":"https:\/\/agora.xtec.cat\/ceip-santa-anna-castellvell\/?p=6310"},"modified":"2022-08-29T17:50:02","modified_gmt":"2022-08-29T15:50:02","slug":"preinscripcio-2022-23-calendari","status":"publish","type":"post","link":"https:\/\/agora.xtec.cat\/ceip-santa-anna-castellvell\/portada\/preinscripcio-2022-23-calendari\/","title":{"rendered":"Preinscripci\u00f3 2022-23: calendari"},"content":{"rendered":"<p style=\"text-align: justify;\"><a href=\"https:\/\/agora.xtec.cat\/ceip-santa-anna-castellvell\/wp-content\/uploads\/usu47\/2022\/04\/INFOGRAFIA-PREINSCRIPCIO-22-23-2.pdf\"><img loading=\"lazy\" decoding=\"async\" class=\"size-medium wp-image-6314 alignright\" src=\"https:\/\/agora.xtec.cat\/ceip-santa-anna-castellvell\/wp-content\/uploads\/usu47\/2022\/04\/INFOGRAFIA-PREINSCRIPCIO-22-23-120x300.png\" alt=\"\" width=\"120\" height=\"300\" srcset=\"https:\/\/agora.xtec.cat\/ceip-santa-anna-castellvell\/wp-content\/uploads\/usu47\/2022\/04\/INFOGRAFIA-PREINSCRIPCIO-22-23-120x300.png 120w, https:\/\/agora.xtec.cat\/ceip-santa-anna-castellvell\/wp-content\/uploads\/usu47\/2022\/04\/INFOGRAFIA-PREINSCRIPCIO-22-23-410x1024.png 410w, https:\/\/agora.xtec.cat\/ceip-santa-anna-castellvell\/wp-content\/uploads\/usu47\/2022\/04\/INFOGRAFIA-PREINSCRIPCIO-22-23.png 500w\" sizes=\"auto, (max-width: 120px) 100vw, 120px\" \/><\/a>Calendari del proc\u00e9s de Preinscripci\u00f3 per al curs 2022-23. Consulteu fent clic en la imatge les principals dates a tenir en compte durant tot el per\u00edode:<\/p>\n<ul>\n<li style=\"text-align: justify;\">El proc\u00e9s de preinscripci\u00f3 escolar<strong>\u00a0s&#8217;inicia al mar\u00e7 i acaba amb la formalitzaci\u00f3 de la matr\u00edcula, a mitjans de juny.<\/strong><\/li>\n<li style=\"text-align: justify;\"><strong>Durant tot aquest temps, hi ha dates i terminis associats a actuacions clau<\/strong> que cal tenir presents, ja que determinen l&#8217;assignaci\u00f3 final de places als centres educatius.<\/li>\n<\/ul>\n<p style=\"text-align: center;\"><strong>\u21d2<\/strong> <a href=\"https:\/\/agora.xtec.cat\/ceip-santa-anna-castellvell\/wp-content\/uploads\/usu47\/2022\/04\/INFOGRAFIA-PREINSCRIPCIO-22-23-2.pdf\">INFOGRAFIA PREINSCRIPCI\u00d3 22-23 (2)<\/a><\/p>\n<p>&nbsp;<\/p>\n","protected":false},"excerpt":{"rendered":"<p>Infografia amb les dates a tenir en compte durant el proc\u00e9s de Preinscripci\u00f3 per al curs 2022-23<\/p>\n","protected":false},"author":4,"featured_media":6314,"comment_status":"open","ping_status":"closed","sticky":false,"template":"","format":"standard","meta":{"_bbp_topic_count":0,"_bbp_reply_count":0,"_bbp_total_topic_count":0,"_bbp_total_reply_count":0,"_bbp_voice_count":0,"_bbp_anonymous_reply_count":0,"_bbp_topic_count_hidden":0,"_bbp_reply_count_hidden":0,"_bbp_forum_subforum_count":0,"site-sidebar-layout":"default","site-content-layout":"","ast-site-content-layout":"","site-content-style":"default","site-sidebar-style":"default","ast-global-header-display":"","ast-banner-title-visibility":"","ast-main-header-display":"","ast-hfb-above-header-display":"","ast-hfb-below-header-display":"","ast-hfb-mobile-header-display":"","site-post-title":"","ast-breadcrumbs-content":"","ast-featured-img":"","footer-sml-layout":"","theme-transparent-header-meta":"","adv-header-id-meta":"","stick-header-meta":"","header-above-stick-meta":"","header-main-stick-meta":"","header-below-stick-meta":"","astra-migrate-meta-layouts":"default","ast-page-background-enabled":"default","ast-page-background-meta":{"desktop":{"background-color":"var(--ast-global-color-4)","background-image":"","background-repeat":"repeat","background-position":"center center","background-size":"auto","background-attachment":"scroll","background-type":"","background-media":"","overlay-type":"","overlay-color":"","overlay-opacity":"","overlay-gradient":""},"tablet":{"background-color":"","background-image":"","background-repeat":"repeat","background-position":"center center","background-size":"auto","background-attachment":"scroll","background-type":"","background-media":"","overlay-type":"","overlay-color":"","overlay-opacity":"","overlay-gradient":""},"mobile":{"background-color":"","background-image":"","background-repeat":"repeat","background-position":"center center","background-size":"auto","background-attachment":"scroll","background-type":"","background-media":"","overlay-type":"","overlay-color":"","overlay-opacity":"","overlay-gradient":""}},"ast-content-background-meta":{"desktop":{"background-color":"var(--ast-global-color-5)","background-image":"","background-repeat":"repeat","background-position":"center center","background-size":"auto","background-attachment":"scroll","background-type":"","background-media":"","overlay-type":"","overlay-color":"","overlay-opacity":"","overlay-gradient":""},"tablet":{"background-color":"var(--ast-global-color-5)","background-image":"","background-repeat":"repeat","background-position":"center center","background-size":"auto","background-attachment":"scroll","background-type":"","background-media":"","overlay-type":"","overlay-color":"","overlay-opacity":"","overlay-gradient":""},"mobile":{"background-color":"var(--ast-global-color-5)","background-image":"","background-repeat":"repeat","background-position":"center center","background-size":"auto","background-attachment":"scroll","background-type":"","background-media":"","overlay-type":"","overlay-color":"","overlay-opacity":"","overlay-gradient":""}},"footnotes":""},"categories":[108,4],"tags":[118,300],"class_list":["post-6310","post","type-post","status-publish","format-standard","has-post-thumbnail","hentry","category-funcionament-informacions-escola","category-portada","tag-comunitat-educativa","tag-preinscripcio-22-23"],"post_mailing_queue_ids":[],"_links":{"self":[{"href":"https:\/\/agora.xtec.cat\/ceip-santa-anna-castellvell\/wp-json\/wp\/v2\/posts\/6310","targetHints":{"allow":["GET"]}}],"collection":[{"href":"https:\/\/agora.xtec.cat\/ceip-santa-anna-castellvell\/wp-json\/wp\/v2\/posts"}],"about":[{"href":"https:\/\/agora.xtec.cat\/ceip-santa-anna-castellvell\/wp-json\/wp\/v2\/types\/post"}],"author":[{"embeddable":true,"href":"https:\/\/agora.xtec.cat\/ceip-santa-anna-castellvell\/wp-json\/wp\/v2\/users\/4"}],"replies":[{"embeddable":true,"href":"https:\/\/agora.xtec.cat\/ceip-santa-anna-castellvell\/wp-json\/wp\/v2\/comments?post=6310"}],"version-history":[{"count":3,"href":"https:\/\/agora.xtec.cat\/ceip-santa-anna-castellvell\/wp-json\/wp\/v2\/posts\/6310\/revisions"}],"predecessor-version":[{"id":6357,"href":"https:\/\/agora.xtec.cat\/ceip-santa-anna-castellvell\/wp-json\/wp\/v2\/posts\/6310\/revisions\/6357"}],"wp:featuredmedia":[{"embeddable":true,"href":"https:\/\/agora.xtec.cat\/ceip-santa-anna-castellvell\/wp-json\/wp\/v2\/media\/6314"}],"wp:attachment":[{"href":"https:\/\/agora.xtec.cat\/ceip-santa-anna-castellvell\/wp-json\/wp\/v2\/media?parent=6310"}],"wp:term":[{"taxonomy":"category","embeddable":true,"href":"https:\/\/agora.xtec.cat\/ceip-santa-anna-castellvell\/wp-json\/wp\/v2\/categories?post=6310"},{"taxonomy":"post_tag","embeddable":true,"href":"https:\/\/agora.xtec.cat\/ceip-santa-anna-castellvell\/wp-json\/wp\/v2\/tags?post=6310"}],"curies":[{"name":"wp","href":"https:\/\/api.w.org\/{rel}","templated":true}]}}