{"id":6217,"date":"2022-02-27T20:26:54","date_gmt":"2022-02-27T19:26:54","guid":{"rendered":"https:\/\/agora.xtec.cat\/ceip-santa-anna-castellvell\/?p=6217"},"modified":"2022-04-05T18:31:51","modified_gmt":"2022-04-05T16:31:51","slug":"preinscripcio-22-23-informacio-tramit","status":"publish","type":"post","link":"https:\/\/agora.xtec.cat\/ceip-santa-anna-castellvell\/portada\/preinscripcio-22-23-informacio-tramit\/","title":{"rendered":"Preinscripci\u00f3 22-23: informaci\u00f3 tr\u00e0mit"},"content":{"rendered":"<p><a href=\"https:\/\/agora.xtec.cat\/ceip-santa-anna-castellvell\/wp-content\/uploads\/usu47\/2022\/02\/PREINSCRIPCIO-infor.jpg\"><img loading=\"lazy\" decoding=\"async\" class=\" wp-image-6221 alignleft\" src=\"https:\/\/agora.xtec.cat\/ceip-santa-anna-castellvell\/wp-content\/uploads\/usu47\/2022\/02\/PREINSCRIPCIO-infor-300x231.jpg\" alt=\"\" width=\"258\" height=\"199\" srcset=\"https:\/\/agora.xtec.cat\/ceip-santa-anna-castellvell\/wp-content\/uploads\/usu47\/2022\/02\/PREINSCRIPCIO-infor-300x231.jpg 300w, https:\/\/agora.xtec.cat\/ceip-santa-anna-castellvell\/wp-content\/uploads\/usu47\/2022\/02\/PREINSCRIPCIO-infor.jpg 350w\" sizes=\"auto, (max-width: 258px) 100vw, 258px\" \/><\/a><\/p>\n<p>El Departament d&#8217;Educaci\u00f3 ha editat aquesta p\u00edndola informativa per ajudar-vos a realitzar el tr\u00e0mit electr\u00f2nic de la sol\u00b7licitud de Preinscripci\u00f3 per al curs 2022-23.<\/p>\n<p><!--more--><\/p>\n<p>La sol\u00b7licitud s&#8217;ha de presentar en l\u00ednia:\u00a0<strong><a href=\"https:\/\/preinscripcio.gencat.cat\/ca\/inici\">https:\/\/preinscripcio.gencat.cat\/ca\/inici <\/a><\/strong>\u00a0.En aquesta web de la Generalitat de Catalunya, tamb\u00e9 hi trobareu tota la informaci\u00f3 i els passos a seguir. Si teniu algun dubte, us podeu posar en contacte amb la secretaria de l&#8217;escola (els dimarts\/els dijous i els divendres) i us ajudarem. El per\u00edode de presentaci\u00f3 de sol\u00b7licituds \u00e9s:<\/p>\n<p>&#8211; <strong>del 7 al 21 de mar\u00e7<\/strong>: Educaci\u00f3 infantil (3-6 anys) i educaci\u00f3 prim\u00e0ria<\/p>\n<p>&#8211; <strong>del 9 al 21 de mar\u00e7<\/strong>:<\/p>\n<p>Educaci\u00f3 secund\u00e0ria obligat\u00f2ria Feu <em>clic a l&#8217;enlla\u00e7<\/em> per veure <strong>el calendari<\/strong> del proc\u00e9s de Preinscripci\u00f3<\/p>\n<p style=\"text-align: center;\"><a href=\"https:\/\/agora.xtec.cat\/ceip-santa-anna-castellvell\/wp-content\/uploads\/usu47\/2022\/02\/INFOGRAFIA-PREINSCRIPCIO-22-23.pdf\"><strong>INFOGRAFIA<\/strong><\/a><strong><a href=\"https:\/\/agora.xtec.cat\/ceip-santa-anna-castellvell\/wp-content\/uploads\/usu47\/2022\/02\/INFOGRAFIA-PREINSCRIPCIO-22-23.png\"><img loading=\"lazy\" decoding=\"async\" class=\"wp-image-6259 aligncenter\" src=\"https:\/\/agora.xtec.cat\/ceip-santa-anna-castellvell\/wp-content\/uploads\/usu47\/2022\/02\/INFOGRAFIA-PREINSCRIPCIO-22-23-120x300.png\" alt=\"\" width=\"47\" height=\"117\" \/><\/a><\/strong><\/p>\n<p><strong><a href=\"https:\/\/youtu.be\/5DvAVUSNLCQ\">Com fer el tr\u00e0mit de la Preinscripci\u00f3 en l\u00ednia<\/a><\/strong><\/p>\n<p>https:\/\/youtu.be\/5DvAVUSNLCQ<\/p>\n<p>I si tens dubtes sobre com digitalitzar la documentaci\u00f3 que has de presentar, en el seg\u00fcent enlla\u00e7 t&#8217;ho explicaran: <a href=\"https:\/\/youtu.be\/NF__CTwHy3Y\">Com digitalitzar documents?<\/a><\/p>\n<p>https:\/\/youtu.be\/NF__CTwHy3Y<\/p>\n<p>&nbsp;<\/p>\n","protected":false},"excerpt":{"rendered":"<p>Com fer la Preinscripci\u00f3 en l\u00ednia i quina documentaci\u00f3 cal presentar.<\/p>\n","protected":false},"author":4,"featured_media":6221,"comment_status":"open","ping_status":"closed","sticky":false,"template":"","format":"standard","meta":{"_bbp_topic_count":0,"_bbp_reply_count":0,"_bbp_total_topic_count":0,"_bbp_total_reply_count":0,"_bbp_voice_count":0,"_bbp_anonymous_reply_count":0,"_bbp_topic_count_hidden":0,"_bbp_reply_count_hidden":0,"_bbp_forum_subforum_count":0,"site-sidebar-layout":"default","site-content-layout":"","ast-site-content-layout":"","site-content-style":"default","site-sidebar-style":"default","ast-global-header-display":"","ast-banner-title-visibility":"","ast-main-header-display":"","ast-hfb-above-header-display":"","ast-hfb-below-header-display":"","ast-hfb-mobile-header-display":"","site-post-title":"","ast-breadcrumbs-content":"","ast-featured-img":"","footer-sml-layout":"","theme-transparent-header-meta":"","adv-header-id-meta":"","stick-header-meta":"","header-above-stick-meta":"","header-main-stick-meta":"","header-below-stick-meta":"","astra-migrate-meta-layouts":"default","ast-page-background-enabled":"default","ast-page-background-meta":{"desktop":{"background-color":"var(--ast-global-color-4)","background-image":"","background-repeat":"repeat","background-position":"center center","background-size":"auto","background-attachment":"scroll","background-type":"","background-media":"","overlay-type":"","overlay-color":"","overlay-opacity":"","overlay-gradient":""},"tablet":{"background-color":"","background-image":"","background-repeat":"repeat","background-position":"center center","background-size":"auto","background-attachment":"scroll","background-type":"","background-media":"","overlay-type":"","overlay-color":"","overlay-opacity":"","overlay-gradient":""},"mobile":{"background-color":"","background-image":"","background-repeat":"repeat","background-position":"center center","background-size":"auto","background-attachment":"scroll","background-type":"","background-media":"","overlay-type":"","overlay-color":"","overlay-opacity":"","overlay-gradient":""}},"ast-content-background-meta":{"desktop":{"background-color":"var(--ast-global-color-5)","background-image":"","background-repeat":"repeat","background-position":"center center","background-size":"auto","background-attachment":"scroll","background-type":"","background-media":"","overlay-type":"","overlay-color":"","overlay-opacity":"","overlay-gradient":""},"tablet":{"background-color":"var(--ast-global-color-5)","background-image":"","background-repeat":"repeat","background-position":"center center","background-size":"auto","background-attachment":"scroll","background-type":"","background-media":"","overlay-type":"","overlay-color":"","overlay-opacity":"","overlay-gradient":""},"mobile":{"background-color":"var(--ast-global-color-5)","background-image":"","background-repeat":"repeat","background-position":"center center","background-size":"auto","background-attachment":"scroll","background-type":"","background-media":"","overlay-type":"","overlay-color":"","overlay-opacity":"","overlay-gradient":""}},"footnotes":""},"categories":[108,4],"tags":[118,305,300],"class_list":["post-6217","post","type-post","status-publish","format-standard","has-post-thumbnail","hentry","category-funcionament-informacions-escola","category-portada","tag-comunitat-educativa","tag-curs-22-23","tag-preinscripcio-22-23"],"post_mailing_queue_ids":[],"_links":{"self":[{"href":"https:\/\/agora.xtec.cat\/ceip-santa-anna-castellvell\/wp-json\/wp\/v2\/posts\/6217","targetHints":{"allow":["GET"]}}],"collection":[{"href":"https:\/\/agora.xtec.cat\/ceip-santa-anna-castellvell\/wp-json\/wp\/v2\/posts"}],"about":[{"href":"https:\/\/agora.xtec.cat\/ceip-santa-anna-castellvell\/wp-json\/wp\/v2\/types\/post"}],"author":[{"embeddable":true,"href":"https:\/\/agora.xtec.cat\/ceip-santa-anna-castellvell\/wp-json\/wp\/v2\/users\/4"}],"replies":[{"embeddable":true,"href":"https:\/\/agora.xtec.cat\/ceip-santa-anna-castellvell\/wp-json\/wp\/v2\/comments?post=6217"}],"version-history":[{"count":4,"href":"https:\/\/agora.xtec.cat\/ceip-santa-anna-castellvell\/wp-json\/wp\/v2\/posts\/6217\/revisions"}],"predecessor-version":[{"id":6326,"href":"https:\/\/agora.xtec.cat\/ceip-santa-anna-castellvell\/wp-json\/wp\/v2\/posts\/6217\/revisions\/6326"}],"wp:featuredmedia":[{"embeddable":true,"href":"https:\/\/agora.xtec.cat\/ceip-santa-anna-castellvell\/wp-json\/wp\/v2\/media\/6221"}],"wp:attachment":[{"href":"https:\/\/agora.xtec.cat\/ceip-santa-anna-castellvell\/wp-json\/wp\/v2\/media?parent=6217"}],"wp:term":[{"taxonomy":"category","embeddable":true,"href":"https:\/\/agora.xtec.cat\/ceip-santa-anna-castellvell\/wp-json\/wp\/v2\/categories?post=6217"},{"taxonomy":"post_tag","embeddable":true,"href":"https:\/\/agora.xtec.cat\/ceip-santa-anna-castellvell\/wp-json\/wp\/v2\/tags?post=6217"}],"curies":[{"name":"wp","href":"https:\/\/api.w.org\/{rel}","templated":true}]}}