{"id":6176,"date":"2022-02-25T09:34:51","date_gmt":"2022-02-25T08:34:51","guid":{"rendered":"https:\/\/agora.xtec.cat\/ceip-santa-anna-castellvell\/?p=6176"},"modified":"2022-02-25T19:04:21","modified_gmt":"2022-02-25T18:04:21","slug":"concurs-punts-de-llibre","status":"publish","type":"post","link":"https:\/\/agora.xtec.cat\/ceip-santa-anna-castellvell\/portada\/concurs-punts-de-llibre\/","title":{"rendered":"CONCURS PUNTS DE LLIBRE"},"content":{"rendered":"<p><a href=\"https:\/\/agora.xtec.cat\/ceip-santa-anna-castellvell\/wp-content\/uploads\/usu47\/2022\/02\/DIA-MUNDIAL-DE-LA-POESIA-21-MARC-CASTELLVELL-DEL-CAMP.png\"><img loading=\"lazy\" decoding=\"async\" class=\" wp-image-6177 alignleft\" src=\"https:\/\/agora.xtec.cat\/ceip-santa-anna-castellvell\/wp-content\/uploads\/usu47\/2022\/02\/DIA-MUNDIAL-DE-LA-POESIA-21-MARC-CASTELLVELL-DEL-CAMP-212x300.png\" alt=\"\" width=\"173\" height=\"245\" srcset=\"https:\/\/agora.xtec.cat\/ceip-santa-anna-castellvell\/wp-content\/uploads\/usu47\/2022\/02\/DIA-MUNDIAL-DE-LA-POESIA-21-MARC-CASTELLVELL-DEL-CAMP-212x300.png 212w, https:\/\/agora.xtec.cat\/ceip-santa-anna-castellvell\/wp-content\/uploads\/usu47\/2022\/02\/DIA-MUNDIAL-DE-LA-POESIA-21-MARC-CASTELLVELL-DEL-CAMP.png 400w\" sizes=\"auto, (max-width: 173px) 100vw, 173px\" \/><\/a><\/p>\n<p>Us informem de la iniciativa que la Cooperativa Ic\u00e0ria ha posat en marxa ja que, el pr\u00f2xim 21 de mar\u00e7 es commemora el Dia Mundial de la Poesia (#DMP22).\u00a0 Han organitzat:\u00a0<strong> &#8216;El concurs de punts de llibre&#8217;<\/strong>, que pret\u00e9n donar una oportunitat a qualsevol habitant del municipi de Castellvell del Camp, que vulgui presentar un disseny per l&#8217;edici\u00f3 del punt de llibre de la <strong>Biblioteca<\/strong> per a <strong>l&#8217;any 2022<\/strong>.<!--more--><\/p>\n<p>S&#8217;han establert <strong>2 categories:\u00a0<\/strong><\/p>\n<p>1) Infantil (fins a 12 anys)<\/p>\n<p>2) Adults\/es (a partir de 12 anys)<\/p>\n<p>El termini per a presentar les vostres propostes \u00e9s el <strong>14 de mar\u00e7 de 2022<\/strong><\/p>\n<p style=\"text-align: center;\">Us adjuntem el cartell informatiu i les bases del concurs: <a href=\"https:\/\/agora.xtec.cat\/ceip-santa-anna-castellvell\/wp-content\/uploads\/usu47\/2022\/02\/BASES-CONCURS-PUNT-DE-LLIBRE-CASTELLVELL-DEL-CAMP.pdf\">BASES CONCURS PUNT DE LLIBRE CASTELLVELL DEL CAMP<\/a><br \/>\nEsperem la vostra participaci\u00f3!<\/p>\n<p>&nbsp;<\/p>\n<p>&nbsp;<\/p>\n<p>&nbsp;<\/p>\n","protected":false},"excerpt":{"rendered":"<p>Concurs Punt de Llibre 2022 des de la Biblioteca Municipal<\/p>\n","protected":false},"author":4,"featured_media":6177,"comment_status":"open","ping_status":"closed","sticky":false,"template":"","format":"standard","meta":{"_bbp_topic_count":0,"_bbp_reply_count":0,"_bbp_total_topic_count":0,"_bbp_total_reply_count":0,"_bbp_voice_count":0,"_bbp_anonymous_reply_count":0,"_bbp_topic_count_hidden":0,"_bbp_reply_count_hidden":0,"_bbp_forum_subforum_count":0,"site-sidebar-layout":"default","site-content-layout":"","ast-site-content-layout":"","site-content-style":"default","site-sidebar-style":"default","ast-global-header-display":"","ast-banner-title-visibility":"","ast-main-header-display":"","ast-hfb-above-header-display":"","ast-hfb-below-header-display":"","ast-hfb-mobile-header-display":"","site-post-title":"","ast-breadcrumbs-content":"","ast-featured-img":"","footer-sml-layout":"","theme-transparent-header-meta":"","adv-header-id-meta":"","stick-header-meta":"","header-above-stick-meta":"","header-main-stick-meta":"","header-below-stick-meta":"","astra-migrate-meta-layouts":"default","ast-page-background-enabled":"default","ast-page-background-meta":{"desktop":{"background-color":"var(--ast-global-color-4)","background-image":"","background-repeat":"repeat","background-position":"center center","background-size":"auto","background-attachment":"scroll","background-type":"","background-media":"","overlay-type":"","overlay-color":"","overlay-opacity":"","overlay-gradient":""},"tablet":{"background-color":"","background-image":"","background-repeat":"repeat","background-position":"center center","background-size":"auto","background-attachment":"scroll","background-type":"","background-media":"","overlay-type":"","overlay-color":"","overlay-opacity":"","overlay-gradient":""},"mobile":{"background-color":"","background-image":"","background-repeat":"repeat","background-position":"center center","background-size":"auto","background-attachment":"scroll","background-type":"","background-media":"","overlay-type":"","overlay-color":"","overlay-opacity":"","overlay-gradient":""}},"ast-content-background-meta":{"desktop":{"background-color":"var(--ast-global-color-5)","background-image":"","background-repeat":"repeat","background-position":"center center","background-size":"auto","background-attachment":"scroll","background-type":"","background-media":"","overlay-type":"","overlay-color":"","overlay-opacity":"","overlay-gradient":""},"tablet":{"background-color":"var(--ast-global-color-5)","background-image":"","background-repeat":"repeat","background-position":"center center","background-size":"auto","background-attachment":"scroll","background-type":"","background-media":"","overlay-type":"","overlay-color":"","overlay-opacity":"","overlay-gradient":""},"mobile":{"background-color":"var(--ast-global-color-5)","background-image":"","background-repeat":"repeat","background-position":"center center","background-size":"auto","background-attachment":"scroll","background-type":"","background-media":"","overlay-type":"","overlay-color":"","overlay-opacity":"","overlay-gradient":""}},"footnotes":""},"categories":[106,4],"tags":[118,253],"class_list":["post-6176","post","type-post","status-publish","format-standard","has-post-thumbnail","hentry","category-diades-i-celebracions","category-portada","tag-comunitat-educativa","tag-curs-21-22"],"post_mailing_queue_ids":[],"_links":{"self":[{"href":"https:\/\/agora.xtec.cat\/ceip-santa-anna-castellvell\/wp-json\/wp\/v2\/posts\/6176","targetHints":{"allow":["GET"]}}],"collection":[{"href":"https:\/\/agora.xtec.cat\/ceip-santa-anna-castellvell\/wp-json\/wp\/v2\/posts"}],"about":[{"href":"https:\/\/agora.xtec.cat\/ceip-santa-anna-castellvell\/wp-json\/wp\/v2\/types\/post"}],"author":[{"embeddable":true,"href":"https:\/\/agora.xtec.cat\/ceip-santa-anna-castellvell\/wp-json\/wp\/v2\/users\/4"}],"replies":[{"embeddable":true,"href":"https:\/\/agora.xtec.cat\/ceip-santa-anna-castellvell\/wp-json\/wp\/v2\/comments?post=6176"}],"version-history":[{"count":3,"href":"https:\/\/agora.xtec.cat\/ceip-santa-anna-castellvell\/wp-json\/wp\/v2\/posts\/6176\/revisions"}],"predecessor-version":[{"id":6184,"href":"https:\/\/agora.xtec.cat\/ceip-santa-anna-castellvell\/wp-json\/wp\/v2\/posts\/6176\/revisions\/6184"}],"wp:featuredmedia":[{"embeddable":true,"href":"https:\/\/agora.xtec.cat\/ceip-santa-anna-castellvell\/wp-json\/wp\/v2\/media\/6177"}],"wp:attachment":[{"href":"https:\/\/agora.xtec.cat\/ceip-santa-anna-castellvell\/wp-json\/wp\/v2\/media?parent=6176"}],"wp:term":[{"taxonomy":"category","embeddable":true,"href":"https:\/\/agora.xtec.cat\/ceip-santa-anna-castellvell\/wp-json\/wp\/v2\/categories?post=6176"},{"taxonomy":"post_tag","embeddable":true,"href":"https:\/\/agora.xtec.cat\/ceip-santa-anna-castellvell\/wp-json\/wp\/v2\/tags?post=6176"}],"curies":[{"name":"wp","href":"https:\/\/api.w.org\/{rel}","templated":true}]}}