{"id":6084,"date":"2022-02-25T12:15:02","date_gmt":"2022-02-25T11:15:02","guid":{"rendered":"https:\/\/agora.xtec.cat\/ceip-santa-anna-castellvell\/?p=6084"},"modified":"2022-02-27T21:27:05","modified_gmt":"2022-02-27T20:27:05","slug":"prego-den-coronabosc-carnaval-2022","status":"publish","type":"post","link":"https:\/\/agora.xtec.cat\/ceip-santa-anna-castellvell\/portada\/prego-den-coronabosc-carnaval-2022\/","title":{"rendered":"Preg\u00f3 d&#8217;en CoronaBosc, Carnaval 2022"},"content":{"rendered":"<table style=\"border-collapse: collapse; width: 100%;\">\n<tbody>\n<tr>\n<td style=\"width: 100%; background-color: #b8f097; border-color: #ffffff;\">\n<p style=\"text-align: right;\"><span style=\"color: #454510;\"><strong>ATENCI\u00d3, ATENCI\u00d3<\/strong><\/span><\/p>\n<p style=\"text-align: right;\"><em><a href=\"https:\/\/agora.xtec.cat\/ceip-santa-anna-castellvell\/wp-content\/uploads\/usu47\/2022\/02\/Foto-de-Neus-GJ.jpg\"><img loading=\"lazy\" decoding=\"async\" class=\"wp-image-6118 alignleft\" src=\"https:\/\/agora.xtec.cat\/ceip-santa-anna-castellvell\/wp-content\/uploads\/usu47\/2022\/02\/Foto-de-Neus-GJ.jpg\" alt=\"\" width=\"401\" height=\"226\" srcset=\"https:\/\/agora.xtec.cat\/ceip-santa-anna-castellvell\/wp-content\/uploads\/usu47\/2022\/02\/Foto-de-Neus-GJ.jpg 800w, https:\/\/agora.xtec.cat\/ceip-santa-anna-castellvell\/wp-content\/uploads\/usu47\/2022\/02\/Foto-de-Neus-GJ-300x169.jpg 300w, https:\/\/agora.xtec.cat\/ceip-santa-anna-castellvell\/wp-content\/uploads\/usu47\/2022\/02\/Foto-de-Neus-GJ-768x432.jpg 768w\" sizes=\"auto, (max-width: 401px) 100vw, 401px\" \/><\/a>Nens i nenes de l&#8217;escola Santa Anna,<\/em><\/p>\n<p style=\"text-align: right;\"><em>som els missatgers del Carnestoltes en Coronabosc!<\/em><\/p>\n<p style=\"text-align: right;\"><em>Dem\u00e0 arribar\u00e9 a l&#8217;escola i per aix\u00f2 escolteu l&#8217;ordre que us dir\u00e9:<\/em><\/p>\n<p style=\"text-align: right;\"><span style=\"color: #454510;\"><strong>Si voleu el Carnaval comen\u00e7ar,<\/strong><\/span><\/p>\n<p style=\"text-align: right;\"><span style=\"color: #454510;\"><strong>un lla\u00e7 ben extravagant heu de portar!<\/strong><\/span><\/p>\n<p style=\"text-align: right;\"><span style=\"color: #0c210c;\">(1a ordre)<\/span><\/p>\n<p><a href=\"https:\/\/agora.xtec.cat\/ceip-santa-anna-castellvell\/wp-content\/uploads\/usu47\/2022\/02\/portadacarnaval-article-verd-scaled.jpg\"><img loading=\"lazy\" decoding=\"async\" class=\"wp-image-6203 alignleft\" src=\"https:\/\/agora.xtec.cat\/ceip-santa-anna-castellvell\/wp-content\/uploads\/usu47\/2022\/02\/portadacarnaval-article-verd-1024x692.jpg\" alt=\"\" width=\"436\" height=\"294\" srcset=\"https:\/\/agora.xtec.cat\/ceip-santa-anna-castellvell\/wp-content\/uploads\/usu47\/2022\/02\/portadacarnaval-article-verd-1024x692.jpg 1024w, https:\/\/agora.xtec.cat\/ceip-santa-anna-castellvell\/wp-content\/uploads\/usu47\/2022\/02\/portadacarnaval-article-verd-300x203.jpg 300w, https:\/\/agora.xtec.cat\/ceip-santa-anna-castellvell\/wp-content\/uploads\/usu47\/2022\/02\/portadacarnaval-article-verd-768x519.jpg 768w, https:\/\/agora.xtec.cat\/ceip-santa-anna-castellvell\/wp-content\/uploads\/usu47\/2022\/02\/portadacarnaval-article-verd-1536x1037.jpg 1536w, https:\/\/agora.xtec.cat\/ceip-santa-anna-castellvell\/wp-content\/uploads\/usu47\/2022\/02\/portadacarnaval-article-verd-2048x1383.jpg 2048w\" sizes=\"auto, (max-width: 436px) 100vw, 436px\" \/><\/a><\/p>\n<hr \/>\n<p>&nbsp;<\/p>\n<p style=\"text-align: left;\"><strong>Bona tarda xiquets i xiquetes,<\/strong><\/p>\n<p style=\"text-align: left;\"><strong>Bona tarda professorat engrescat,<\/strong><\/p>\n<p style=\"text-align: left;\">Avui \u00e9s un dia molt esperat<\/p>\n<p style=\"text-align: left;\">perqu\u00e8 de lluny, per fi, he arribat!<\/p>\n<p>&nbsp;<\/p>\n<p style=\"text-align: justify;\">Sabeu on he estat?<\/p>\n<p style=\"text-align: justify;\">Sabeu amb qui he viatjat?<\/p>\n<p style=\"text-align: justify;\">Vinc del bosc m\u00e9s desitjat<\/p>\n<p style=\"text-align: justify;\">que un gran home ha plantat,<\/p>\n<p style=\"text-align: justify;\">ell sol s\u2019ho ha treballat<\/p>\n<p style=\"text-align: justify;\">per crear un gran h\u00e0bitat natural<\/p>\n<p style=\"text-align: justify;\">on ara hi viu m\u00e9s d\u2019un animal!<\/p>\n<p style=\"text-align: justify;\">Aquest bosc es diu Molai<\/p>\n<p style=\"text-align: justify;\">El m\u00e9s guai del paraguai!<\/p>\n<p style=\"text-align: justify;\">Sabeu on est\u00e0?<\/p>\n<p style=\"text-align: left;\"><strong><a href=\"https:\/\/agora.xtec.cat\/ceip-santa-anna-castellvell\/wp-content\/uploads\/usu47\/2022\/02\/megafoniaintroduccio.jpg\"><img loading=\"lazy\" decoding=\"async\" class=\"wp-image-6189 alignright\" src=\"https:\/\/agora.xtec.cat\/ceip-santa-anna-castellvell\/wp-content\/uploads\/usu47\/2022\/02\/megafoniaintroduccio-1024x592.jpg\" alt=\"\" width=\"402\" height=\"232\" srcset=\"https:\/\/agora.xtec.cat\/ceip-santa-anna-castellvell\/wp-content\/uploads\/usu47\/2022\/02\/megafoniaintroduccio-1024x592.jpg 1024w, https:\/\/agora.xtec.cat\/ceip-santa-anna-castellvell\/wp-content\/uploads\/usu47\/2022\/02\/megafoniaintroduccio-300x173.jpg 300w, https:\/\/agora.xtec.cat\/ceip-santa-anna-castellvell\/wp-content\/uploads\/usu47\/2022\/02\/megafoniaintroduccio-768x444.jpg 768w, https:\/\/agora.xtec.cat\/ceip-santa-anna-castellvell\/wp-content\/uploads\/usu47\/2022\/02\/megafoniaintroduccio-1536x888.jpg 1536w, https:\/\/agora.xtec.cat\/ceip-santa-anna-castellvell\/wp-content\/uploads\/usu47\/2022\/02\/megafoniaintroduccio.jpg 2030w\" sizes=\"auto, (max-width: 402px) 100vw, 402px\" \/><\/a><\/strong>Es troba a l\u2019illa Majuli,<\/p>\n<p style=\"text-align: justify;\">un tros de terra de la \u00cdndia<\/p>\n<p style=\"text-align: justify;\">envoltada d\u2019aigua dol\u00e7a<\/p>\n<p style=\"text-align: justify;\">on abans tot era un desert<\/p>\n<p style=\"text-align: justify;\">i ara plantar-hi arbres<\/p>\n<p style=\"text-align: justify;\">ha estat tot un encert!<\/p>\n<p style=\"text-align: justify;\">Un gran viatger molt aventurer,<\/p>\n<p style=\"text-align: justify;\">eixerit, preparat i engrescat<\/p>\n<p style=\"text-align: justify;\">m\u2019ha acompanyat<\/p>\n<p style=\"text-align: justify;\">i molt b\u00e9 ens ho hem passat!<\/p>\n<p style=\"text-align: justify;\">Conegut com Marco Polo,<\/p>\n<p style=\"text-align: justify;\">un itali\u00e0 que ara cantar\u00e0 un solo:<\/p>\n<p style=\"text-align: justify;\"><em>(canta)<\/em><\/p>\n<p style=\"text-align: justify;\">Quin horror la can\u00e7\u00f3,<\/p>\n<p style=\"text-align: justify;\">Marco Polo,<\/p>\n<p style=\"text-align: justify;\">desafines que fa por!<\/p>\n<p style=\"text-align: justify;\">Perdoneu, per\u00f2 sabeu qui s\u00f3c jo?<\/p>\n<p style=\"text-align: justify;\"><strong>S\u00f3c en CoronaBosc,<\/strong><\/p>\n<p style=\"text-align: justify;\"><strong>el vostre Rei Carnestoltes,<\/strong><\/p>\n<p style=\"text-align: justify;\">una mica pocasoltes<\/p>\n<p style=\"text-align: justify;\">perqu\u00e8 no fa ni tres quarts de voltes<\/p>\n<p style=\"text-align: justify;\">i ja camino a quatre potes:<\/p>\n<p style=\"text-align: justify;\">Marejat com un gelatin\u00f3s flam,<\/p>\n<p style=\"text-align: justify;\">ballo, rodo i canto com un gegant!<\/p>\n<p>&nbsp;<\/p>\n<p style=\"text-align: justify;\"><a href=\"https:\/\/agora.xtec.cat\/ceip-santa-anna-castellvell\/wp-content\/uploads\/usu47\/2022\/02\/pregoP31.jpg\"><img loading=\"lazy\" decoding=\"async\" class=\"wp-image-6192 alignright\" src=\"https:\/\/agora.xtec.cat\/ceip-santa-anna-castellvell\/wp-content\/uploads\/usu47\/2022\/02\/pregoP31-1024x499.jpg\" alt=\"\" width=\"403\" height=\"197\" srcset=\"https:\/\/agora.xtec.cat\/ceip-santa-anna-castellvell\/wp-content\/uploads\/usu47\/2022\/02\/pregoP31-1024x499.jpg 1024w, https:\/\/agora.xtec.cat\/ceip-santa-anna-castellvell\/wp-content\/uploads\/usu47\/2022\/02\/pregoP31-300x146.jpg 300w, https:\/\/agora.xtec.cat\/ceip-santa-anna-castellvell\/wp-content\/uploads\/usu47\/2022\/02\/pregoP31-768x374.jpg 768w, https:\/\/agora.xtec.cat\/ceip-santa-anna-castellvell\/wp-content\/uploads\/usu47\/2022\/02\/pregoP31.jpg 1381w\" sizes=\"auto, (max-width: 403px) 100vw, 403px\" \/><\/a>Comencem amb els m\u00e9s petitets<\/p>\n<p style=\"text-align: justify;\">els de<strong> P3, els Esquirolets<\/strong>,<\/p>\n<p style=\"text-align: justify;\">els que pugeu i baixeu sempre<\/p>\n<p style=\"text-align: justify;\">per petits arbrets.<\/p>\n<p style=\"text-align: justify;\">S\u2019acosta el carnaval,<\/p>\n<p style=\"text-align: justify;\">on tots saltem, ballem i fem molt de guirigall!<\/p>\n<p style=\"text-align: justify;\">Aqu\u00ed a classe tots rieu<\/p>\n<p style=\"text-align: justify;\">i ben guapos i guapes esteu!<\/p>\n<p>&nbsp;<\/p>\n<p style=\"text-align: justify;\"><strong><a href=\"https:\/\/agora.xtec.cat\/ceip-santa-anna-castellvell\/wp-content\/uploads\/usu47\/2022\/02\/PregoP4.jpg\"><img loading=\"lazy\" decoding=\"async\" class=\"wp-image-6193 alignright\" src=\"https:\/\/agora.xtec.cat\/ceip-santa-anna-castellvell\/wp-content\/uploads\/usu47\/2022\/02\/PregoP4-1024x720.jpg\" alt=\"\" width=\"402\" height=\"282\" srcset=\"https:\/\/agora.xtec.cat\/ceip-santa-anna-castellvell\/wp-content\/uploads\/usu47\/2022\/02\/PregoP4-1024x720.jpg 1024w, https:\/\/agora.xtec.cat\/ceip-santa-anna-castellvell\/wp-content\/uploads\/usu47\/2022\/02\/PregoP4-300x211.jpg 300w, https:\/\/agora.xtec.cat\/ceip-santa-anna-castellvell\/wp-content\/uploads\/usu47\/2022\/02\/PregoP4-768x540.jpg 768w, https:\/\/agora.xtec.cat\/ceip-santa-anna-castellvell\/wp-content\/uploads\/usu47\/2022\/02\/PregoP4.jpg 1509w\" sizes=\"auto, (max-width: 402px) 100vw, 402px\" \/><\/a>Pedres de P4\u2026<\/strong><\/p>\n<p style=\"text-align: justify;\">compte, vigileu!<\/p>\n<p style=\"text-align: justify;\">Pl\u00e0stics al bosc no llenceu<\/p>\n<p style=\"text-align: justify;\">o sin\u00f3, la natura embrutareu!<\/p>\n<p style=\"text-align: justify;\">Arriba el carnaval!<\/p>\n<p style=\"text-align: justify;\">Mireu, hi han cavallers a la pla\u00e7a Mercadal<\/p>\n<p style=\"text-align: justify;\">Aiaiai, quin esglai!<\/p>\n<p style=\"text-align: justify;\">Tothom va amunt i avall!<\/p>\n<p>&nbsp;<\/p>\n<p style=\"text-align: justify;\"><a href=\"https:\/\/agora.xtec.cat\/ceip-santa-anna-castellvell\/wp-content\/uploads\/usu47\/2022\/02\/Prego-P5.jpg\"><img loading=\"lazy\" decoding=\"async\" class=\"wp-image-6194 alignright\" src=\"https:\/\/agora.xtec.cat\/ceip-santa-anna-castellvell\/wp-content\/uploads\/usu47\/2022\/02\/Prego-P5-1024x576.jpg\" alt=\"\" width=\"403\" height=\"227\" srcset=\"https:\/\/agora.xtec.cat\/ceip-santa-anna-castellvell\/wp-content\/uploads\/usu47\/2022\/02\/Prego-P5-1024x576.jpg 1024w, https:\/\/agora.xtec.cat\/ceip-santa-anna-castellvell\/wp-content\/uploads\/usu47\/2022\/02\/Prego-P5-300x169.jpg 300w, https:\/\/agora.xtec.cat\/ceip-santa-anna-castellvell\/wp-content\/uploads\/usu47\/2022\/02\/Prego-P5-768x432.jpg 768w, https:\/\/agora.xtec.cat\/ceip-santa-anna-castellvell\/wp-content\/uploads\/usu47\/2022\/02\/Prego-P5-1536x864.jpg 1536w, https:\/\/agora.xtec.cat\/ceip-santa-anna-castellvell\/wp-content\/uploads\/usu47\/2022\/02\/Prego-P5.jpg 1600w\" sizes=\"auto, (max-width: 403px) 100vw, 403px\" \/><\/a>Ei, <strong>Pinyes de P5<\/strong><\/p>\n<p style=\"text-align: justify;\">que sou els m\u00e9s grans d\u2019educaci\u00f3 infantil..<\/p>\n<p style=\"text-align: justify;\">Que sabeu qui som nosaltres?<\/p>\n<p style=\"text-align: justify;\">Som els representants del Carnestoltes!<\/p>\n<p style=\"text-align: justify;\">Jugueu i canteu quatre cops al dia<\/p>\n<p style=\"text-align: justify;\">fins a que sueu, esbufegueu perqu\u00e8 us canseu.<\/p>\n<p style=\"text-align: justify;\">Us desitgem un bon Carnaval<\/p>\n<p style=\"text-align: justify;\">gran, especial, divertit i engrescat!<\/p>\n<p>&nbsp;<\/p>\n<p style=\"text-align: justify;\">Hola, nens i nenes de <strong>1r<\/strong><\/p>\n<p style=\"text-align: justify;\">sou els <strong>Avets<\/strong>, oi?<\/p>\n<p style=\"text-align: justify;\">Per Carnaval ben boniquets anireu<\/p>\n<p style=\"text-align: justify;\">i pel poble enamorareu!<\/p>\n<p style=\"text-align: justify;\">Molt confeti llen\u00e7areu,<\/p>\n<p style=\"text-align: justify;\">i una bona disfressa us posareu,<\/p>\n<p style=\"text-align: justify;\">Prou d\u2019estudiar i m\u00e9s gresca!<\/p>\n<p style=\"text-align: justify;\">Rieu, balleu i canteu, fins que s\u2019acabi la festa!<\/p>\n<p>&nbsp;<\/p>\n<p style=\"text-align: justify;\">Ei, xiquets i xiquetes de <strong>2n<\/strong>!<\/p>\n<p style=\"text-align: justify;\">Sou els<strong> Castanyers<\/strong>, oi?<\/p>\n<p style=\"text-align: justify;\">Per la careta que poseu\u2026<\/p>\n<p style=\"text-align: justify;\">No sembla que us agradi el que normalment mengeu.<\/p>\n<p style=\"text-align: justify;\">Heu de menjar m\u00e9s fruita i verdura,<\/p>\n<p style=\"text-align: justify;\">per\u00f2 aquests dies molta llaminadura,<\/p>\n<p style=\"text-align: justify;\">perqu\u00e8 per carnaval,<\/p>\n<p style=\"text-align: justify;\">tot s\u2019hi val!<\/p>\n<p>&nbsp;<\/p>\n<p style=\"text-align: justify;\"><a href=\"https:\/\/agora.xtec.cat\/ceip-santa-anna-castellvell\/wp-content\/uploads\/usu47\/2022\/02\/prego-3r.jpg\"><img loading=\"lazy\" decoding=\"async\" class=\"wp-image-6200 alignright\" src=\"https:\/\/agora.xtec.cat\/ceip-santa-anna-castellvell\/wp-content\/uploads\/usu47\/2022\/02\/prego-3r.jpg\" alt=\"\" width=\"400\" height=\"231\" srcset=\"https:\/\/agora.xtec.cat\/ceip-santa-anna-castellvell\/wp-content\/uploads\/usu47\/2022\/02\/prego-3r.jpg 995w, https:\/\/agora.xtec.cat\/ceip-santa-anna-castellvell\/wp-content\/uploads\/usu47\/2022\/02\/prego-3r-300x173.jpg 300w, https:\/\/agora.xtec.cat\/ceip-santa-anna-castellvell\/wp-content\/uploads\/usu47\/2022\/02\/prego-3r-768x442.jpg 768w\" sizes=\"auto, (max-width: 400px) 100vw, 400px\" \/><\/a>Hola nens i nenes de <strong>3r<\/strong>,<\/p>\n<p style=\"text-align: justify;\">bonic nom el d\u2019<strong>Alzinars<\/strong>!<\/p>\n<p style=\"text-align: justify;\">Que treballeu com formigues<\/p>\n<p style=\"text-align: justify;\">dins d\u2019un cau ple de glans?<\/p>\n<p style=\"text-align: justify;\">Les formigues treballen en equip<\/p>\n<p style=\"text-align: justify;\">sense parar, dia i nit!<\/p>\n<p style=\"text-align: justify;\">Sou bons escriptors i escriptores?<\/p>\n<p style=\"text-align: justify;\">el relleu del preg\u00f3 us donem<\/p>\n<p style=\"text-align: justify;\">d\u2019aqu\u00ed a 8.760 hores!<\/p>\n<p style=\"text-align: justify;\">El curs vinent fareu molts rodolins,<\/p>\n<p style=\"text-align: justify;\">amb els que seran els vostres ve\u00efns,<\/p>\n<p style=\"text-align: justify;\">gresca i xerinola amb els de 2n,<\/p>\n<p style=\"text-align: justify;\">us disfressareu que mola molt!<\/p>\n<p>&nbsp;<\/p>\n<p style=\"text-align: justify;\"><a href=\"https:\/\/agora.xtec.cat\/ceip-santa-anna-castellvell\/wp-content\/uploads\/usu47\/2022\/02\/mandala-carnaval.jpg\"><img loading=\"lazy\" decoding=\"async\" class=\"wp-image-6190 alignright\" src=\"https:\/\/agora.xtec.cat\/ceip-santa-anna-castellvell\/wp-content\/uploads\/usu47\/2022\/02\/mandala-carnaval-1024x768.jpg\" alt=\"\" width=\"401\" height=\"301\" srcset=\"https:\/\/agora.xtec.cat\/ceip-santa-anna-castellvell\/wp-content\/uploads\/usu47\/2022\/02\/mandala-carnaval-1024x768.jpg 1024w, https:\/\/agora.xtec.cat\/ceip-santa-anna-castellvell\/wp-content\/uploads\/usu47\/2022\/02\/mandala-carnaval-300x225.jpg 300w, https:\/\/agora.xtec.cat\/ceip-santa-anna-castellvell\/wp-content\/uploads\/usu47\/2022\/02\/mandala-carnaval-768x576.jpg 768w, https:\/\/agora.xtec.cat\/ceip-santa-anna-castellvell\/wp-content\/uploads\/usu47\/2022\/02\/mandala-carnaval-1536x1152.jpg 1536w, https:\/\/agora.xtec.cat\/ceip-santa-anna-castellvell\/wp-content\/uploads\/usu47\/2022\/02\/mandala-carnaval-200x150.jpg 200w, https:\/\/agora.xtec.cat\/ceip-santa-anna-castellvell\/wp-content\/uploads\/usu47\/2022\/02\/mandala-carnaval.jpg 2048w\" sizes=\"auto, (max-width: 401px) 100vw, 401px\" \/><\/a>Ei, <strong>4t<\/strong>, classe de la <strong>Gavarrera<\/strong><\/p>\n<p style=\"text-align: justify;\">Sorpresa: tres regals, mireu endarrera.<\/p>\n<p style=\"text-align: justify;\">Necessiteu una portera?<\/p>\n<p style=\"text-align: justify;\">Per a les nenes una acolorida pilota us trobareu<\/p>\n<p style=\"text-align: justify;\">per xutar-la amb un cop de peu,<\/p>\n<p style=\"text-align: justify;\">per als nens unes precioses roses us regalarem<\/p>\n<p style=\"text-align: justify;\">per a la igualtat de g\u00e8nere que celebrem!<\/p>\n<p style=\"text-align: justify;\">Avui haureu viatjat<\/p>\n<p style=\"text-align: justify;\">al gran Priorat,<\/p>\n<p style=\"text-align: justify;\">i al petit Falset<\/p>\n<p style=\"text-align: justify;\">haureu anat.<\/p>\n<p style=\"text-align: justify;\">Que us vagi molt b\u00e9 la festa<\/p>\n<p style=\"text-align: justify;\">i que disfruteu molt de la gresca!<\/p>\n<p>&nbsp;<\/p>\n<p style=\"text-align: justify;\"><strong><a href=\"https:\/\/agora.xtec.cat\/ceip-santa-anna-castellvell\/wp-content\/uploads\/usu47\/2022\/02\/Prego-P5A.jpg\"><img loading=\"lazy\" decoding=\"async\" class=\"wp-image-6195 alignright\" src=\"https:\/\/agora.xtec.cat\/ceip-santa-anna-castellvell\/wp-content\/uploads\/usu47\/2022\/02\/Prego-P5A.jpg\" alt=\"\" width=\"401\" height=\"263\" srcset=\"https:\/\/agora.xtec.cat\/ceip-santa-anna-castellvell\/wp-content\/uploads\/usu47\/2022\/02\/Prego-P5A.jpg 1020w, https:\/\/agora.xtec.cat\/ceip-santa-anna-castellvell\/wp-content\/uploads\/usu47\/2022\/02\/Prego-P5A-300x196.jpg 300w, https:\/\/agora.xtec.cat\/ceip-santa-anna-castellvell\/wp-content\/uploads\/usu47\/2022\/02\/Prego-P5A-768x503.jpg 768w\" sizes=\"auto, (max-width: 401px) 100vw, 401px\" \/><\/a>Palmeres de 5\u00e8A<\/strong><\/p>\n<p style=\"text-align: justify;\">que per llocs c\u00e0lids esteu,<\/p>\n<p style=\"text-align: justify;\">crema solar us posareu<\/p>\n<p style=\"text-align: justify;\">i aix\u00ed la pell no us irritareu.<\/p>\n<p style=\"text-align: justify;\">Aquests dies ex\u00e0mens no fareu<\/p>\n<p style=\"text-align: justify;\">perqu\u00e8 amb la calor us cansareu.<\/p>\n<p style=\"text-align: justify;\">Canteu i balleu els contes del Lluert<\/p>\n<p style=\"text-align: justify;\">fins a que us agafin agulletes i calfreds.<\/p>\n<p>&nbsp;<\/p>\n<p style=\"text-align: justify;\"><a href=\"https:\/\/agora.xtec.cat\/ceip-santa-anna-castellvell\/wp-content\/uploads\/usu47\/2022\/02\/Prego-P5B.jpg\"><img loading=\"lazy\" decoding=\"async\" class=\"wp-image-6196 alignright\" src=\"https:\/\/agora.xtec.cat\/ceip-santa-anna-castellvell\/wp-content\/uploads\/usu47\/2022\/02\/Prego-P5B-1024x619.jpg\" alt=\"\" width=\"402\" height=\"243\" srcset=\"https:\/\/agora.xtec.cat\/ceip-santa-anna-castellvell\/wp-content\/uploads\/usu47\/2022\/02\/Prego-P5B-1024x619.jpg 1024w, https:\/\/agora.xtec.cat\/ceip-santa-anna-castellvell\/wp-content\/uploads\/usu47\/2022\/02\/Prego-P5B-300x181.jpg 300w, https:\/\/agora.xtec.cat\/ceip-santa-anna-castellvell\/wp-content\/uploads\/usu47\/2022\/02\/Prego-P5B-768x464.jpg 768w, https:\/\/agora.xtec.cat\/ceip-santa-anna-castellvell\/wp-content\/uploads\/usu47\/2022\/02\/Prego-P5B-1536x929.jpg 1536w, https:\/\/agora.xtec.cat\/ceip-santa-anna-castellvell\/wp-content\/uploads\/usu47\/2022\/02\/Prego-P5B.jpg 1586w\" sizes=\"auto, (max-width: 402px) 100vw, 402px\" \/><\/a>Hola <strong>Roures de 5\u00e8B<\/strong>,<\/p>\n<p style=\"text-align: justify;\">un missatge us hem de dir:<\/p>\n<p style=\"text-align: justify;\">El boscos d\u2019arreu no embruteu<\/p>\n<p style=\"text-align: justify;\">o sin\u00f3 contaminat els tindreu<\/p>\n<p style=\"text-align: justify;\">i llavors un satisfactori treureu.<\/p>\n<p style=\"text-align: justify;\">Sabeu qui som?<\/p>\n<p style=\"text-align: justify;\">Els representants del Carnestoltes<\/p>\n<p style=\"text-align: justify;\">un Rei molt pocasoltes,<\/p>\n<p style=\"text-align: justify;\">aquest any conegut com Coronabosc<\/p>\n<p style=\"text-align: justify;\">que us desitja molta for\u00e7a i sort<\/p>\n<p style=\"text-align: justify;\">en cuidar i fer creix\u00e9r l\u2019hort!<\/p>\n<p>&nbsp;<\/p>\n<p style=\"text-align: justify;\"><a href=\"https:\/\/agora.xtec.cat\/ceip-santa-anna-castellvell\/wp-content\/uploads\/usu47\/2022\/02\/prego-6eA.jpg\"><img loading=\"lazy\" decoding=\"async\" class=\"wp-image-6210 alignright\" src=\"https:\/\/agora.xtec.cat\/ceip-santa-anna-castellvell\/wp-content\/uploads\/usu47\/2022\/02\/prego-6eA-1024x633.jpg\" alt=\"\" width=\"401\" height=\"248\" srcset=\"https:\/\/agora.xtec.cat\/ceip-santa-anna-castellvell\/wp-content\/uploads\/usu47\/2022\/02\/prego-6eA-1024x633.jpg 1024w, https:\/\/agora.xtec.cat\/ceip-santa-anna-castellvell\/wp-content\/uploads\/usu47\/2022\/02\/prego-6eA-300x186.jpg 300w, https:\/\/agora.xtec.cat\/ceip-santa-anna-castellvell\/wp-content\/uploads\/usu47\/2022\/02\/prego-6eA-768x475.jpg 768w, https:\/\/agora.xtec.cat\/ceip-santa-anna-castellvell\/wp-content\/uploads\/usu47\/2022\/02\/prego-6eA-1536x950.jpg 1536w, https:\/\/agora.xtec.cat\/ceip-santa-anna-castellvell\/wp-content\/uploads\/usu47\/2022\/02\/prego-6eA.jpg 1683w\" sizes=\"auto, (max-width: 401px) 100vw, 401px\" \/><\/a>Ei, <strong>Baobabs de 6\u00e8A<\/strong><\/p>\n<p style=\"text-align: justify;\">quan d&#8217;ex\u00e0mens no n\u2019hi ha<\/p>\n<p style=\"text-align: justify;\">feu gresques i xerinoles<\/p>\n<p style=\"text-align: justify;\">i mentrestant empatxeu-vos de gominoles!<\/p>\n<p style=\"text-align: justify;\">Ara que ja no ens veureu<\/p>\n<p style=\"text-align: justify;\">i a l\u2019institut marxareu<\/p>\n<p style=\"text-align: justify;\">perqu\u00e8 en breu ja hi anireu<\/p>\n<p style=\"text-align: justify;\">llavors\u2026 sols ens deixareu!<\/p>\n<p>&nbsp;<\/p>\n<p style=\"text-align: justify;\"><a href=\"https:\/\/agora.xtec.cat\/ceip-santa-anna-castellvell\/wp-content\/uploads\/usu47\/2022\/02\/prego-6eB.jpg\"><img loading=\"lazy\" decoding=\"async\" class=\"wp-image-6209 alignright\" src=\"https:\/\/agora.xtec.cat\/ceip-santa-anna-castellvell\/wp-content\/uploads\/usu47\/2022\/02\/prego-6eB-1024x705.jpg\" alt=\"\" width=\"400\" height=\"276\" srcset=\"https:\/\/agora.xtec.cat\/ceip-santa-anna-castellvell\/wp-content\/uploads\/usu47\/2022\/02\/prego-6eB-1024x705.jpg 1024w, https:\/\/agora.xtec.cat\/ceip-santa-anna-castellvell\/wp-content\/uploads\/usu47\/2022\/02\/prego-6eB-300x207.jpg 300w, https:\/\/agora.xtec.cat\/ceip-santa-anna-castellvell\/wp-content\/uploads\/usu47\/2022\/02\/prego-6eB-768x529.jpg 768w, https:\/\/agora.xtec.cat\/ceip-santa-anna-castellvell\/wp-content\/uploads\/usu47\/2022\/02\/prego-6eB-1536x1058.jpg 1536w, https:\/\/agora.xtec.cat\/ceip-santa-anna-castellvell\/wp-content\/uploads\/usu47\/2022\/02\/prego-6eB.jpg 1831w\" sizes=\"auto, (max-width: 400px) 100vw, 400px\" \/><\/a>Vosaltres, <strong>Sequoies de 6\u00e8B<\/strong>,<\/p>\n<p style=\"text-align: justify;\">l\u2019any que ve, a l\u2019escola no vindreu,<\/p>\n<p style=\"text-align: justify;\">per\u00f2 amb les mans buides no quedareu<\/p>\n<p style=\"text-align: justify;\">perqu\u00e8 un regal sorpresa tindreu:<\/p>\n<p style=\"text-align: justify;\">amb aquest tros de preg\u00f3 disfrutareu!<\/p>\n<p style=\"text-align: justify;\">Aquest divendres, 25 de febrer,<\/p>\n<p style=\"text-align: justify;\">el testament haureu de fer<\/p>\n<p style=\"text-align: justify;\">per\u00f2 jo dins de l\u2019escola m\u2019amagar\u00e9<\/p>\n<p style=\"text-align: justify;\">i aix\u00ed no em cremar\u00e9!<\/p>\n<p>&nbsp;<\/p>\n<p style=\"text-align: justify;\"><strong><a href=\"https:\/\/agora.xtec.cat\/ceip-santa-anna-castellvell\/wp-content\/uploads\/usu47\/2022\/02\/comiat1.jpg\"><img loading=\"lazy\" decoding=\"async\" class=\"wp-image-6187 alignright\" src=\"https:\/\/agora.xtec.cat\/ceip-santa-anna-castellvell\/wp-content\/uploads\/usu47\/2022\/02\/comiat1-1024x719.jpg\" alt=\"\" width=\"402\" height=\"283\" srcset=\"https:\/\/agora.xtec.cat\/ceip-santa-anna-castellvell\/wp-content\/uploads\/usu47\/2022\/02\/comiat1-1024x719.jpg 1024w, https:\/\/agora.xtec.cat\/ceip-santa-anna-castellvell\/wp-content\/uploads\/usu47\/2022\/02\/comiat1-300x211.jpg 300w, https:\/\/agora.xtec.cat\/ceip-santa-anna-castellvell\/wp-content\/uploads\/usu47\/2022\/02\/comiat1-768x540.jpg 768w, https:\/\/agora.xtec.cat\/ceip-santa-anna-castellvell\/wp-content\/uploads\/usu47\/2022\/02\/comiat1-1536x1079.jpg 1536w, https:\/\/agora.xtec.cat\/ceip-santa-anna-castellvell\/wp-content\/uploads\/usu47\/2022\/02\/comiat1.jpg 2037w\" sizes=\"auto, (max-width: 402px) 100vw, 402px\" \/><\/a>Mestres<\/strong>, per Carnaval<\/p>\n<p style=\"text-align: justify;\">podeu anar d&#8217;excursi\u00f3 al salt!<\/p>\n<p style=\"text-align: justify;\">Mmm, festa per nosaltres<\/p>\n<p style=\"text-align: justify;\">i gresca per vosaltres!<\/p>\n<p style=\"text-align: justify;\">Teniu els morros marrons<\/p>\n<p style=\"text-align: justify;\">perqu\u00e8 a la nocilla li doneu petons.<\/p>\n<p style=\"text-align: justify;\">Mengeu molta xocolata<\/p>\n<p style=\"text-align: justify;\">que per carnaval la festa us atrapa!<\/p>\n<p style=\"text-align: justify;\">Bon carnaval,<\/p>\n<p style=\"text-align: justify;\">i que us vagi molt b\u00e9 al salt!<\/p>\n<p>&nbsp;<\/p>\n<p style=\"text-align: justify;\"><strong>Ara que el preg\u00f3 ja us hem actuat<\/strong><\/p>\n<p style=\"text-align: justify;\">i en Marco Polo descansat s\u2019ha quedat<\/p>\n<p style=\"text-align: justify;\">amb aquell horror\u00f3s solo que abans ha cantat<\/p>\n<p style=\"text-align: justify;\">i que per sort els vidres no s\u2019han trencat,<\/p>\n<p style=\"text-align: justify;\">us podem dir que\u2026<\/p>\n<p style=\"text-align: justify;\">\u2026 la festa NO s\u2019ha acabat!<\/p>\n<p>&nbsp;<\/p>\n<p style=\"text-align: justify;\">Ordres boges us estic deixant<\/p>\n<p style=\"text-align: justify;\">per passar un carnaval extravagant!<\/p>\n<p>&nbsp;<\/p>\n<p style=\"text-align: justify;\"><a href=\"https:\/\/agora.xtec.cat\/ceip-santa-anna-castellvell\/wp-content\/uploads\/usu47\/2022\/02\/3a-ordre.jpg\"><img loading=\"lazy\" decoding=\"async\" class=\"wp-image-6186 alignright\" src=\"https:\/\/agora.xtec.cat\/ceip-santa-anna-castellvell\/wp-content\/uploads\/usu47\/2022\/02\/3a-ordre-768x1024.jpg\" alt=\"\" width=\"300\" height=\"400\" srcset=\"https:\/\/agora.xtec.cat\/ceip-santa-anna-castellvell\/wp-content\/uploads\/usu47\/2022\/02\/3a-ordre-768x1024.jpg 768w, https:\/\/agora.xtec.cat\/ceip-santa-anna-castellvell\/wp-content\/uploads\/usu47\/2022\/02\/3a-ordre-225x300.jpg 225w, https:\/\/agora.xtec.cat\/ceip-santa-anna-castellvell\/wp-content\/uploads\/usu47\/2022\/02\/3a-ordre-1152x1536.jpg 1152w, https:\/\/agora.xtec.cat\/ceip-santa-anna-castellvell\/wp-content\/uploads\/usu47\/2022\/02\/3a-ordre.jpg 1536w\" sizes=\"auto, (max-width: 300px) 100vw, 300px\" \/><\/a>Recordeu la segona ordre\u2026<\/p>\n<p style=\"text-align: justify;\"><strong><i>S<\/i><i>i dem\u00e0 dijous a l\u2019escola vols entrar, <\/i><\/strong><\/p>\n<p style=\"text-align: justify;\"><strong><i>una pe\u00e7a de roba verda has de portar<\/i>.<\/strong><\/p>\n<p>&nbsp;<\/p>\n<p style=\"text-align: justify;\">Als hereus Alzinars de tercer<\/p>\n<p style=\"text-align: justify;\">el \u201cmorrocotut\u201d relleu els hi donar\u00e9<\/p>\n<p style=\"text-align: justify;\">per a que el gran curs vinent<\/p>\n<p style=\"text-align: justify;\">facin un preg\u00f3 que engresqui al 100%!<\/p>\n<p>&nbsp;<\/p>\n<p style=\"text-align: justify;\">Disfresseu-vos fins a que els botons trenqueu!<\/p>\n<p style=\"text-align: justify;\">Balleu fins a que us facin mal els peus!<\/p>\n<p style=\"text-align: justify;\">Canteu fins a que els timpans rebenteu!<\/p>\n<p style=\"text-align: justify;\">Rieu fins a que us ofegueu!<\/p>\n<p style=\"text-align: justify;\">Mengeu fins a que us empatxeu!<\/p>\n<p style=\"text-align: justify;\">Disfruteu fins a que us canseu!<\/p>\n<p style=\"text-align: justify;\"><a href=\"https:\/\/agora.xtec.cat\/ceip-santa-anna-castellvell\/wp-content\/uploads\/usu47\/2022\/02\/coronabosc-i-tutora.jpg\"><img loading=\"lazy\" decoding=\"async\" class=\"wp-image-6188 alignright\" src=\"https:\/\/agora.xtec.cat\/ceip-santa-anna-castellvell\/wp-content\/uploads\/usu47\/2022\/02\/coronabosc-i-tutora-768x1024.jpg\" alt=\"\" width=\"300\" height=\"400\" srcset=\"https:\/\/agora.xtec.cat\/ceip-santa-anna-castellvell\/wp-content\/uploads\/usu47\/2022\/02\/coronabosc-i-tutora-768x1024.jpg 768w, https:\/\/agora.xtec.cat\/ceip-santa-anna-castellvell\/wp-content\/uploads\/usu47\/2022\/02\/coronabosc-i-tutora-225x300.jpg 225w, https:\/\/agora.xtec.cat\/ceip-santa-anna-castellvell\/wp-content\/uploads\/usu47\/2022\/02\/coronabosc-i-tutora-1152x1536.jpg 1152w, https:\/\/agora.xtec.cat\/ceip-santa-anna-castellvell\/wp-content\/uploads\/usu47\/2022\/02\/coronabosc-i-tutora.jpg 1536w\" sizes=\"auto, (max-width: 300px) 100vw, 300px\" \/><\/a><\/p>\n<p>&nbsp;<\/p>\n<p style=\"text-align: justify;\">Per\u00f2\u2026<\/p>\n<p style=\"text-align: justify;\">Us he de donar una bona not\u00edcia:<\/p>\n<p style=\"text-align: justify;\">Dem\u00e0 de classes no n\u2019hi haur\u00e0<\/p>\n<p style=\"text-align: justify;\">perqu\u00e8 una vaga he convocat.<\/p>\n<p>&nbsp;<\/p>\n<p style=\"text-align: justify;\">Si veniu l\u2019alarma sonar\u00e0<\/p>\n<p style=\"text-align: justify;\">Els bombers i la polic\u00eda vindran<\/p>\n<p style=\"text-align: justify;\">L\u2019ambul\u00e0ncia tamb\u00e9 i una maledicci\u00f3 us caur\u00e0!!!<\/p>\n<p style=\"text-align: justify;\">El gall cantar\u00e0 i el caos es despertar\u00e0\u2026.<\/p>\n<p>&nbsp;<\/p>\n<p style=\"text-align: justify;\">Bon Carnaval!<\/p>\n<p style=\"text-align: justify;\"><strong>Visca jo!<\/strong><\/p>\n<p style=\"text-align: justify;\"><strong>Sa Majestat en CoronaBosc!!<\/strong><\/p>\n<p style=\"text-align: right;\"><strong><em>Escriptors i escriptores: alumnat de 4t<\/em><\/strong><\/p>\n<p style=\"text-align: right;\"><strong><em>Fotografies i agra\u00efments: mestr@s i fam\u00edlies de 4t<\/em><\/strong><\/p>\n<hr \/>\n<p>&nbsp;<\/p>\n<h4 style=\"text-align: left;\"><strong>Per saber-ne m\u00e9s<\/strong><\/h4>\n<ul>\n<li style=\"text-align: left;\"><a href=\"https:\/\/docs.google.com\/document\/d\/1a4fhValVtPx83H3Vv8B8w7ZkvjFuLFSfFXQTq_VhGhk\/edit?usp=sharing\">DOCUMENT DE CONSULTA &#8211; PLANIFICACI\u00d3 GENERAL <\/a>&#8211; Preg\u00f3 Carnaval &#8211; 2022 (Gavarrera)<\/li>\n<\/ul>\n<\/td>\n<\/tr>\n<\/tbody>\n<\/table>\n","protected":false},"excerpt":{"rendered":"<p>L&#8217;alumnat de 4t ha recitat el preg\u00f3 d&#8217;en CoronaBosc als companys\/es d&#8217;escola. Compartir \u00e9s aprendre!<\/p>\n","protected":false},"author":28,"featured_media":6216,"comment_status":"open","ping_status":"closed","sticky":false,"template":"","format":"standard","meta":{"_bbp_topic_count":0,"_bbp_reply_count":0,"_bbp_total_topic_count":0,"_bbp_total_reply_count":0,"_bbp_voice_count":0,"_bbp_anonymous_reply_count":0,"_bbp_topic_count_hidden":0,"_bbp_reply_count_hidden":0,"_bbp_forum_subforum_count":0,"site-sidebar-layout":"default","site-content-layout":"","ast-site-content-layout":"","site-content-style":"default","site-sidebar-style":"default","ast-global-header-display":"","ast-banner-title-visibility":"","ast-main-header-display":"","ast-hfb-above-header-display":"","ast-hfb-below-header-display":"","ast-hfb-mobile-header-display":"","site-post-title":"","ast-breadcrumbs-content":"","ast-featured-img":"","footer-sml-layout":"","theme-transparent-header-meta":"","adv-header-id-meta":"","stick-header-meta":"","header-above-stick-meta":"","header-main-stick-meta":"","header-below-stick-meta":"","astra-migrate-meta-layouts":"default","ast-page-background-enabled":"default","ast-page-background-meta":{"desktop":{"background-color":"var(--ast-global-color-4)","background-image":"","background-repeat":"repeat","background-position":"center center","background-size":"auto","background-attachment":"scroll","background-type":"","background-media":"","overlay-type":"","overlay-color":"","overlay-opacity":"","overlay-gradient":""},"tablet":{"background-color":"","background-image":"","background-repeat":"repeat","background-position":"center center","background-size":"auto","background-attachment":"scroll","background-type":"","background-media":"","overlay-type":"","overlay-color":"","overlay-opacity":"","overlay-gradient":""},"mobile":{"background-color":"","background-image":"","background-repeat":"repeat","background-position":"center center","background-size":"auto","background-attachment":"scroll","background-type":"","background-media":"","overlay-type":"","overlay-color":"","overlay-opacity":"","overlay-gradient":""}},"ast-content-background-meta":{"desktop":{"background-color":"var(--ast-global-color-5)","background-image":"","background-repeat":"repeat","background-position":"center center","background-size":"auto","background-attachment":"scroll","background-type":"","background-media":"","overlay-type":"","overlay-color":"","overlay-opacity":"","overlay-gradient":""},"tablet":{"background-color":"var(--ast-global-color-5)","background-image":"","background-repeat":"repeat","background-position":"center center","background-size":"auto","background-attachment":"scroll","background-type":"","background-media":"","overlay-type":"","overlay-color":"","overlay-opacity":"","overlay-gradient":""},"mobile":{"background-color":"var(--ast-global-color-5)","background-image":"","background-repeat":"repeat","background-position":"center center","background-size":"auto","background-attachment":"scroll","background-type":"","background-media":"","overlay-type":"","overlay-color":"","overlay-opacity":"","overlay-gradient":""}},"footnotes":""},"categories":[137,106,4],"tags":[113,185,118,308,307],"class_list":["post-6084","post","type-post","status-publish","format-standard","has-post-thumbnail","hentry","category-aprenentatges-aula","category-diades-i-celebracions","category-portada","tag-4t-primaria","tag-carnaval","tag-comunitat-educativa","tag-llengua","tag-prego"],"post_mailing_queue_ids":[],"_links":{"self":[{"href":"https:\/\/agora.xtec.cat\/ceip-santa-anna-castellvell\/wp-json\/wp\/v2\/posts\/6084","targetHints":{"allow":["GET"]}}],"collection":[{"href":"https:\/\/agora.xtec.cat\/ceip-santa-anna-castellvell\/wp-json\/wp\/v2\/posts"}],"about":[{"href":"https:\/\/agora.xtec.cat\/ceip-santa-anna-castellvell\/wp-json\/wp\/v2\/types\/post"}],"author":[{"embeddable":true,"href":"https:\/\/agora.xtec.cat\/ceip-santa-anna-castellvell\/wp-json\/wp\/v2\/users\/28"}],"replies":[{"embeddable":true,"href":"https:\/\/agora.xtec.cat\/ceip-santa-anna-castellvell\/wp-json\/wp\/v2\/comments?post=6084"}],"version-history":[{"count":4,"href":"https:\/\/agora.xtec.cat\/ceip-santa-anna-castellvell\/wp-json\/wp\/v2\/posts\/6084\/revisions"}],"predecessor-version":[{"id":6214,"href":"https:\/\/agora.xtec.cat\/ceip-santa-anna-castellvell\/wp-json\/wp\/v2\/posts\/6084\/revisions\/6214"}],"wp:featuredmedia":[{"embeddable":true,"href":"https:\/\/agora.xtec.cat\/ceip-santa-anna-castellvell\/wp-json\/wp\/v2\/media\/6216"}],"wp:attachment":[{"href":"https:\/\/agora.xtec.cat\/ceip-santa-anna-castellvell\/wp-json\/wp\/v2\/media?parent=6084"}],"wp:term":[{"taxonomy":"category","embeddable":true,"href":"https:\/\/agora.xtec.cat\/ceip-santa-anna-castellvell\/wp-json\/wp\/v2\/categories?post=6084"},{"taxonomy":"post_tag","embeddable":true,"href":"https:\/\/agora.xtec.cat\/ceip-santa-anna-castellvell\/wp-json\/wp\/v2\/tags?post=6084"}],"curies":[{"name":"wp","href":"https:\/\/api.w.org\/{rel}","templated":true}]}}