{"id":11869,"date":"2026-04-24T15:41:58","date_gmt":"2026-04-24T13:41:58","guid":{"rendered":"https:\/\/agora.xtec.cat\/ceip-santa-anna-castellvell\/?p=11869"},"modified":"2026-04-24T15:45:13","modified_gmt":"2026-04-24T13:45:13","slug":"el-talent-literari-de-lalumnat-brilla-per-sant-jordi-a-lescola-santa-anna","status":"publish","type":"post","link":"https:\/\/agora.xtec.cat\/ceip-santa-anna-castellvell\/generals\/el-talent-literari-de-lalumnat-brilla-per-sant-jordi-a-lescola-santa-anna\/","title":{"rendered":"El talent literari de l\u2019alumnat brilla per Sant Jordi a l\u2019Escola Santa Anna"},"content":{"rendered":"\n<p>En el marc de les celebracions de la Diada de Sant Jordi, avui divendres 24 d\u2019abril l\u2019Escola Santa Anna ha continuat vivint moments plens de creativitat, emoci\u00f3 i protagonisme de l\u2019alumnat.<\/p>\n\n\n\n<p>Durant el mat\u00ed, els alumnes de cinqu\u00e8 que han participat en el concurs dels contes del Lluert han ofert una representaci\u00f3 molt especial adre\u00e7ada als seus companys i companyes de l\u2019escola. L\u2019obra escollida ha estat el conte guanyador d\u2019enguany, titulat <em>El nou amic del Lluert<\/em>, creat per l\u2019alumna de Cinqu\u00e8 B, C\u00e8lia G\u00f3mez Campo.<\/p>\n\n\n\n<p>La representaci\u00f3 s\u2019ha dut a terme mitjan\u00e7ant una acurada posada en escena amb titelles, elaborades pels mateixos alumnes. Aquestes figures han estat dissenyades i creades amb l\u2019ajuda de la talladora l\u00e0ser, en un proc\u00e9s que ha comptat amb el guiatge del mestre David Borr\u00e0s. Posteriorment, els alumnes han donat vida als personatges amb el seu propi treball de decoraci\u00f3 i coloraci\u00f3, culminant aix\u00ed un projecte interdisciplinari que combina expressi\u00f3 art\u00edstica, tecnologia i literatura.<\/p>\n\n\n\n<p>L\u2019activitat ha estat molt ben acollida per la resta d\u2019alumnat, que ha pogut gaudir d\u2019una representaci\u00f3 plena d\u2019imaginaci\u00f3 i esfor\u00e7 col\u00b7lectiu, posant en valor el talent creatiu dels companys i companyes de cinqu\u00e8.<\/p>\n\n\n\n<p>La jornada continuar\u00e0 aquesta tarda amb un acte molt especial obert a tota la comunitat. A partir de les 17 h, al Parc de les Oliveres, tindr\u00e0 lloc la presentaci\u00f3 p\u00fablica de l\u2019edici\u00f3 del conte guanyador. Com \u00e9s tradici\u00f3, l\u2019Associaci\u00f3 d\u2019Amics del Lluert i els Timbalers de Castellvell han fet possible l\u2019edici\u00f3 d\u2019aquesta obra amb motiu de Sant Jordi, reconeixent aix\u00ed el millor treball literari de cinqu\u00e8 de l\u2019escola.<\/p>\n\n\n\n<p>Enguany, la protagonista \u00e9s C\u00e8lia G\u00f3mez Campo, autora de <em>El nou amic del Lluert<\/em>, mentre que les il\u00b7lustracions del conte aniran a c\u00e0rrec d\u2019Octavius, aportant una dimensi\u00f3 art\u00edstica que enriquir\u00e0 encara m\u00e9s aquesta publicaci\u00f3.<\/p>\n\n\n\n<p>A continuaci\u00f3, compartim el v\u00eddeo de la representaci\u00f3 realitzada aquest mat\u00ed, perqu\u00e8 totes les fam\u00edlies i persones interessades puguin gaudir-ne:<\/p>\n\n\n\n<p><em>[Inseriu aqu\u00ed el v\u00eddeo de la representaci\u00f3]<\/em><\/p>\n\n\n\n<figure class=\"wp-block-embed is-type-video is-provider-youtube wp-block-embed-youtube wp-embed-aspect-16-9 wp-has-aspect-ratio\"><div class=\"wp-block-embed__wrapper\">\n<div class=\"ast-oembed-container \" style=\"height: 100%;\"><iframe loading=\"lazy\" title=\"Els nous amics del Lluert\" width=\"500\" height=\"281\" src=\"https:\/\/www.youtube.com\/embed\/csiDXxVfgLg?feature=oembed\" frameborder=\"0\" allow=\"accelerometer; autoplay; clipboard-write; encrypted-media; gyroscope; picture-in-picture; web-share\" referrerpolicy=\"strict-origin-when-cross-origin\" allowfullscreen><\/iframe><\/div>\n<\/div><\/figure>\n\n\n\n<p>Des de l\u2019Escola Santa Anna volem felicitar tot l\u2019alumnat implicat per la seva dedicaci\u00f3 i creativitat, aix\u00ed com agrair la col\u00b7laboraci\u00f3 de totes les entitats que fan possible mantenir viva aquesta bonica tradici\u00f3 liter\u00e0ria. Sens dubte, Sant Jordi continua sent una oportunitat \u00fanica per fer cr\u00e9ixer l\u2019amor per la lectura i l\u2019expressi\u00f3 art\u00edstica entre els nostres alumnes.<\/p>\n","protected":false},"excerpt":{"rendered":"<p>En el marc de les celebracions de la Diada de Sant Jordi, avui divendres 24 d\u2019abril l\u2019Escola Santa Anna ha continuat vivint moments plens de creativitat, emoci\u00f3 i protagonisme de l\u2019alumnat. Durant el mat\u00ed, els alumnes de cinqu\u00e8 que han participat en el concurs dels contes del Lluert han ofert una representaci\u00f3 molt especial adre\u00e7ada [&hellip;]<\/p>\n","protected":false},"author":6,"featured_media":11872,"comment_status":"closed","ping_status":"open","sticky":false,"template":"","format":"standard","meta":{"_bbp_topic_count":0,"_bbp_reply_count":0,"_bbp_total_topic_count":0,"_bbp_total_reply_count":0,"_bbp_voice_count":0,"_bbp_anonymous_reply_count":0,"_bbp_topic_count_hidden":0,"_bbp_reply_count_hidden":0,"_bbp_forum_subforum_count":0,"site-sidebar-layout":"default","site-content-layout":"","ast-site-content-layout":"default","site-content-style":"default","site-sidebar-style":"default","ast-global-header-display":"","ast-banner-title-visibility":"","ast-main-header-display":"","ast-hfb-above-header-display":"","ast-hfb-below-header-display":"","ast-hfb-mobile-header-display":"","site-post-title":"","ast-breadcrumbs-content":"","ast-featured-img":"","footer-sml-layout":"","theme-transparent-header-meta":"","adv-header-id-meta":"","stick-header-meta":"","header-above-stick-meta":"","header-main-stick-meta":"","header-below-stick-meta":"","astra-migrate-meta-layouts":"set","ast-page-background-enabled":"default","ast-page-background-meta":{"desktop":{"background-color":"var(--ast-global-color-4)","background-image":"","background-repeat":"repeat","background-position":"center center","background-size":"auto","background-attachment":"scroll","background-type":"","background-media":"","overlay-type":"","overlay-color":"","overlay-opacity":"","overlay-gradient":""},"tablet":{"background-color":"","background-image":"","background-repeat":"repeat","background-position":"center center","background-size":"auto","background-attachment":"scroll","background-type":"","background-media":"","overlay-type":"","overlay-color":"","overlay-opacity":"","overlay-gradient":""},"mobile":{"background-color":"","background-image":"","background-repeat":"repeat","background-position":"center center","background-size":"auto","background-attachment":"scroll","background-type":"","background-media":"","overlay-type":"","overlay-color":"","overlay-opacity":"","overlay-gradient":""}},"ast-content-background-meta":{"desktop":{"background-color":"var(--ast-global-color-5)","background-image":"","background-repeat":"repeat","background-position":"center center","background-size":"auto","background-attachment":"scroll","background-type":"","background-media":"","overlay-type":"","overlay-color":"","overlay-opacity":"","overlay-gradient":""},"tablet":{"background-color":"var(--ast-global-color-5)","background-image":"","background-repeat":"repeat","background-position":"center center","background-size":"auto","background-attachment":"scroll","background-type":"","background-media":"","overlay-type":"","overlay-color":"","overlay-opacity":"","overlay-gradient":""},"mobile":{"background-color":"var(--ast-global-color-5)","background-image":"","background-repeat":"repeat","background-position":"center center","background-size":"auto","background-attachment":"scroll","background-type":"","background-media":"","overlay-type":"","overlay-color":"","overlay-opacity":"","overlay-gradient":""}},"footnotes":""},"categories":[106,1,4,434],"tags":[386],"class_list":["post-11869","post","type-post","status-publish","format-standard","has-post-thumbnail","hentry","category-diades-i-celebracions","category-generals","category-portada","category-teatre-a-lescola","tag-concurs-de-contes-del-lluert"],"post_mailing_queue_ids":[],"_links":{"self":[{"href":"https:\/\/agora.xtec.cat\/ceip-santa-anna-castellvell\/wp-json\/wp\/v2\/posts\/11869","targetHints":{"allow":["GET"]}}],"collection":[{"href":"https:\/\/agora.xtec.cat\/ceip-santa-anna-castellvell\/wp-json\/wp\/v2\/posts"}],"about":[{"href":"https:\/\/agora.xtec.cat\/ceip-santa-anna-castellvell\/wp-json\/wp\/v2\/types\/post"}],"author":[{"embeddable":true,"href":"https:\/\/agora.xtec.cat\/ceip-santa-anna-castellvell\/wp-json\/wp\/v2\/users\/6"}],"replies":[{"embeddable":true,"href":"https:\/\/agora.xtec.cat\/ceip-santa-anna-castellvell\/wp-json\/wp\/v2\/comments?post=11869"}],"version-history":[{"count":2,"href":"https:\/\/agora.xtec.cat\/ceip-santa-anna-castellvell\/wp-json\/wp\/v2\/posts\/11869\/revisions"}],"predecessor-version":[{"id":11871,"href":"https:\/\/agora.xtec.cat\/ceip-santa-anna-castellvell\/wp-json\/wp\/v2\/posts\/11869\/revisions\/11871"}],"wp:featuredmedia":[{"embeddable":true,"href":"https:\/\/agora.xtec.cat\/ceip-santa-anna-castellvell\/wp-json\/wp\/v2\/media\/11872"}],"wp:attachment":[{"href":"https:\/\/agora.xtec.cat\/ceip-santa-anna-castellvell\/wp-json\/wp\/v2\/media?parent=11869"}],"wp:term":[{"taxonomy":"category","embeddable":true,"href":"https:\/\/agora.xtec.cat\/ceip-santa-anna-castellvell\/wp-json\/wp\/v2\/categories?post=11869"},{"taxonomy":"post_tag","embeddable":true,"href":"https:\/\/agora.xtec.cat\/ceip-santa-anna-castellvell\/wp-json\/wp\/v2\/tags?post=11869"}],"curies":[{"name":"wp","href":"https:\/\/api.w.org\/{rel}","templated":true}]}}