{"id":11853,"date":"2026-04-24T15:03:05","date_gmt":"2026-04-24T13:03:05","guid":{"rendered":"https:\/\/agora.xtec.cat\/ceip-santa-anna-castellvell\/?p=11853"},"modified":"2026-04-24T15:06:44","modified_gmt":"2026-04-24T13:06:44","slug":"sant-jordi-a-lescola-santa-anna-una-jornada-plena-democio-cultura-i-tradicio","status":"publish","type":"post","link":"https:\/\/agora.xtec.cat\/ceip-santa-anna-castellvell\/portada\/sant-jordi-a-lescola-santa-anna-una-jornada-plena-democio-cultura-i-tradicio\/","title":{"rendered":"Sant Jordi a l\u2019Escola Santa Anna: una jornada plena d\u2019emoci\u00f3, cultura i tradici\u00f3"},"content":{"rendered":"\n<p>Ahir dijous 23 d\u2019abril, l\u2019Escola Santa Anna va viure amb gran il\u00b7lusi\u00f3 i emoci\u00f3 la celebraci\u00f3 de la Diada de Sant Jordi, una de les festes m\u00e9s estimades de la nostra cultura. Com cada any, tota la comunitat educativa es va implicar activament en una jornada marcada pels llibres, les roses i l\u2019esperit de conviv\u00e8ncia, tot convertint l\u2019escola en un espai viu de tradici\u00f3 i creativitat.<\/p>\n\n\n\n<p>Al llarg del dia, els alumnes van poder gaudir de diverses activitats relacionades amb aquesta diada tan especial. Les paradetes de llibres van esdevenir punts de trobada on els infants van poder fullejar, descobrir noves hist\u00f2ries i compartir recomanacions liter\u00e0ries, fomentant aix\u00ed el gust per la lectura i la cultura.<\/p>\n\n\n\n<figure class=\"wp-block-gallery has-nested-images columns-default is-cropped wp-block-gallery-1 is-layout-flex wp-block-gallery-is-layout-flex\">\n<figure class=\"wp-block-image size-large\"><a href=\"https:\/\/agora.xtec.cat\/ceip-santa-anna-castellvell\/wp-content\/uploads\/usu47\/2026\/04\/WhatsApp-Image-2026-04-24-at-14.51.15.jpeg\"><img loading=\"lazy\" decoding=\"async\" width=\"1024\" height=\"771\" data-id=\"11854\" src=\"https:\/\/agora.xtec.cat\/ceip-santa-anna-castellvell\/wp-content\/uploads\/usu47\/2026\/04\/WhatsApp-Image-2026-04-24-at-14.51.15-1024x771.jpeg\" alt=\"\" class=\"wp-image-11854\" srcset=\"https:\/\/agora.xtec.cat\/ceip-santa-anna-castellvell\/wp-content\/uploads\/usu47\/2026\/04\/WhatsApp-Image-2026-04-24-at-14.51.15-1024x771.jpeg 1024w, https:\/\/agora.xtec.cat\/ceip-santa-anna-castellvell\/wp-content\/uploads\/usu47\/2026\/04\/WhatsApp-Image-2026-04-24-at-14.51.15-300x226.jpeg 300w, https:\/\/agora.xtec.cat\/ceip-santa-anna-castellvell\/wp-content\/uploads\/usu47\/2026\/04\/WhatsApp-Image-2026-04-24-at-14.51.15-768x578.jpeg 768w, https:\/\/agora.xtec.cat\/ceip-santa-anna-castellvell\/wp-content\/uploads\/usu47\/2026\/04\/WhatsApp-Image-2026-04-24-at-14.51.15-1536x1157.jpeg 1536w, https:\/\/agora.xtec.cat\/ceip-santa-anna-castellvell\/wp-content\/uploads\/usu47\/2026\/04\/WhatsApp-Image-2026-04-24-at-14.51.15.jpeg 2040w\" sizes=\"auto, (max-width: 1024px) 100vw, 1024px\" \/><\/a><\/figure>\n\n\n\n<figure class=\"wp-block-image size-large\"><a href=\"https:\/\/agora.xtec.cat\/ceip-santa-anna-castellvell\/wp-content\/uploads\/usu47\/2026\/04\/WhatsApp-Image-2026-04-24-at-14.49.52.jpeg\"><img loading=\"lazy\" decoding=\"async\" width=\"1024\" height=\"768\" data-id=\"11855\" src=\"https:\/\/agora.xtec.cat\/ceip-santa-anna-castellvell\/wp-content\/uploads\/usu47\/2026\/04\/WhatsApp-Image-2026-04-24-at-14.49.52-1024x768.jpeg\" alt=\"\" class=\"wp-image-11855\" srcset=\"https:\/\/agora.xtec.cat\/ceip-santa-anna-castellvell\/wp-content\/uploads\/usu47\/2026\/04\/WhatsApp-Image-2026-04-24-at-14.49.52-1024x768.jpeg 1024w, https:\/\/agora.xtec.cat\/ceip-santa-anna-castellvell\/wp-content\/uploads\/usu47\/2026\/04\/WhatsApp-Image-2026-04-24-at-14.49.52-300x225.jpeg 300w, https:\/\/agora.xtec.cat\/ceip-santa-anna-castellvell\/wp-content\/uploads\/usu47\/2026\/04\/WhatsApp-Image-2026-04-24-at-14.49.52-768x576.jpeg 768w, https:\/\/agora.xtec.cat\/ceip-santa-anna-castellvell\/wp-content\/uploads\/usu47\/2026\/04\/WhatsApp-Image-2026-04-24-at-14.49.52-1536x1152.jpeg 1536w, https:\/\/agora.xtec.cat\/ceip-santa-anna-castellvell\/wp-content\/uploads\/usu47\/2026\/04\/WhatsApp-Image-2026-04-24-at-14.49.52.jpeg 2048w\" sizes=\"auto, (max-width: 1024px) 100vw, 1024px\" \/><\/a><\/figure>\n\n\n\n<figure class=\"wp-block-image size-large\"><a href=\"https:\/\/agora.xtec.cat\/ceip-santa-anna-castellvell\/wp-content\/uploads\/usu47\/2026\/04\/WhatsApp-Image-2026-04-24-at-14.49.51.jpeg\"><img loading=\"lazy\" decoding=\"async\" width=\"1024\" height=\"771\" data-id=\"11856\" src=\"https:\/\/agora.xtec.cat\/ceip-santa-anna-castellvell\/wp-content\/uploads\/usu47\/2026\/04\/WhatsApp-Image-2026-04-24-at-14.49.51-1024x771.jpeg\" alt=\"\" class=\"wp-image-11856\" srcset=\"https:\/\/agora.xtec.cat\/ceip-santa-anna-castellvell\/wp-content\/uploads\/usu47\/2026\/04\/WhatsApp-Image-2026-04-24-at-14.49.51-1024x771.jpeg 1024w, https:\/\/agora.xtec.cat\/ceip-santa-anna-castellvell\/wp-content\/uploads\/usu47\/2026\/04\/WhatsApp-Image-2026-04-24-at-14.49.51-300x226.jpeg 300w, https:\/\/agora.xtec.cat\/ceip-santa-anna-castellvell\/wp-content\/uploads\/usu47\/2026\/04\/WhatsApp-Image-2026-04-24-at-14.49.51-768x578.jpeg 768w, https:\/\/agora.xtec.cat\/ceip-santa-anna-castellvell\/wp-content\/uploads\/usu47\/2026\/04\/WhatsApp-Image-2026-04-24-at-14.49.51-1536x1157.jpeg 1536w, https:\/\/agora.xtec.cat\/ceip-santa-anna-castellvell\/wp-content\/uploads\/usu47\/2026\/04\/WhatsApp-Image-2026-04-24-at-14.49.51.jpeg 2040w\" sizes=\"auto, (max-width: 1024px) 100vw, 1024px\" \/><\/a><\/figure>\n\n\n\n<figure class=\"wp-block-image size-large\"><a href=\"https:\/\/agora.xtec.cat\/ceip-santa-anna-castellvell\/wp-content\/uploads\/usu47\/2026\/04\/WhatsApp-Image-2026-04-24-at-14.52.47.jpeg\"><img loading=\"lazy\" decoding=\"async\" width=\"1024\" height=\"771\" data-id=\"11858\" src=\"https:\/\/agora.xtec.cat\/ceip-santa-anna-castellvell\/wp-content\/uploads\/usu47\/2026\/04\/WhatsApp-Image-2026-04-24-at-14.52.47-1024x771.jpeg\" alt=\"\" class=\"wp-image-11858\" srcset=\"https:\/\/agora.xtec.cat\/ceip-santa-anna-castellvell\/wp-content\/uploads\/usu47\/2026\/04\/WhatsApp-Image-2026-04-24-at-14.52.47-1024x771.jpeg 1024w, https:\/\/agora.xtec.cat\/ceip-santa-anna-castellvell\/wp-content\/uploads\/usu47\/2026\/04\/WhatsApp-Image-2026-04-24-at-14.52.47-300x226.jpeg 300w, https:\/\/agora.xtec.cat\/ceip-santa-anna-castellvell\/wp-content\/uploads\/usu47\/2026\/04\/WhatsApp-Image-2026-04-24-at-14.52.47-768x578.jpeg 768w, https:\/\/agora.xtec.cat\/ceip-santa-anna-castellvell\/wp-content\/uploads\/usu47\/2026\/04\/WhatsApp-Image-2026-04-24-at-14.52.47-1536x1157.jpeg 1536w, https:\/\/agora.xtec.cat\/ceip-santa-anna-castellvell\/wp-content\/uploads\/usu47\/2026\/04\/WhatsApp-Image-2026-04-24-at-14.52.47.jpeg 2040w\" sizes=\"auto, (max-width: 1024px) 100vw, 1024px\" \/><\/a><\/figure>\n<\/figure>\n\n\n\n<p>Un dels moments m\u00e9s destacats de la jornada va ser la representaci\u00f3 teatral a c\u00e0rrec de l\u2019alumnat de sis\u00e8 de prim\u00e0ria. Els nois i noies van posar en escena l\u2019obra <em>Sant Jordi a la cova del drac<\/em>, basada en una proposta del col\u00b7lectiu Vivim del Cuento. Amb una interpretaci\u00f3 plena d\u2019entusiasme i dedicaci\u00f3, els alumnes van aconseguir captivar l\u2019atenci\u00f3 de tot el p\u00fablic, demostrant el treball previ i el comprom\u00eds amb el projecte.<\/p>\n\n\n\n<figure class=\"wp-block-gallery has-nested-images columns-default is-cropped wp-block-gallery-2 is-layout-flex wp-block-gallery-is-layout-flex\">\n<figure class=\"wp-block-image size-large\"><a href=\"https:\/\/agora.xtec.cat\/ceip-santa-anna-castellvell\/wp-content\/uploads\/usu47\/2026\/04\/20260423_151153.jpg\"><img loading=\"lazy\" decoding=\"async\" width=\"1024\" height=\"768\" data-id=\"11859\" src=\"https:\/\/agora.xtec.cat\/ceip-santa-anna-castellvell\/wp-content\/uploads\/usu47\/2026\/04\/20260423_151153-1024x768.jpg\" alt=\"\" class=\"wp-image-11859\" srcset=\"https:\/\/agora.xtec.cat\/ceip-santa-anna-castellvell\/wp-content\/uploads\/usu47\/2026\/04\/20260423_151153-1024x768.jpg 1024w, https:\/\/agora.xtec.cat\/ceip-santa-anna-castellvell\/wp-content\/uploads\/usu47\/2026\/04\/20260423_151153-300x225.jpg 300w, https:\/\/agora.xtec.cat\/ceip-santa-anna-castellvell\/wp-content\/uploads\/usu47\/2026\/04\/20260423_151153-768x576.jpg 768w, https:\/\/agora.xtec.cat\/ceip-santa-anna-castellvell\/wp-content\/uploads\/usu47\/2026\/04\/20260423_151153-1536x1152.jpg 1536w, https:\/\/agora.xtec.cat\/ceip-santa-anna-castellvell\/wp-content\/uploads\/usu47\/2026\/04\/20260423_151153.jpg 2000w\" sizes=\"auto, (max-width: 1024px) 100vw, 1024px\" \/><\/a><\/figure>\n\n\n\n<figure class=\"wp-block-image size-large\"><a href=\"https:\/\/agora.xtec.cat\/ceip-santa-anna-castellvell\/wp-content\/uploads\/usu47\/2026\/04\/20260423_150045.jpg\"><img loading=\"lazy\" decoding=\"async\" width=\"1024\" height=\"768\" data-id=\"11861\" src=\"https:\/\/agora.xtec.cat\/ceip-santa-anna-castellvell\/wp-content\/uploads\/usu47\/2026\/04\/20260423_150045-1024x768.jpg\" alt=\"\" class=\"wp-image-11861\" srcset=\"https:\/\/agora.xtec.cat\/ceip-santa-anna-castellvell\/wp-content\/uploads\/usu47\/2026\/04\/20260423_150045-1024x768.jpg 1024w, https:\/\/agora.xtec.cat\/ceip-santa-anna-castellvell\/wp-content\/uploads\/usu47\/2026\/04\/20260423_150045-300x225.jpg 300w, https:\/\/agora.xtec.cat\/ceip-santa-anna-castellvell\/wp-content\/uploads\/usu47\/2026\/04\/20260423_150045-768x576.jpg 768w, https:\/\/agora.xtec.cat\/ceip-santa-anna-castellvell\/wp-content\/uploads\/usu47\/2026\/04\/20260423_150045-1536x1152.jpg 1536w, https:\/\/agora.xtec.cat\/ceip-santa-anna-castellvell\/wp-content\/uploads\/usu47\/2026\/04\/20260423_150045.jpg 2000w\" sizes=\"auto, (max-width: 1024px) 100vw, 1024px\" \/><\/a><\/figure>\n\n\n\n<figure class=\"wp-block-image size-large\"><a href=\"https:\/\/agora.xtec.cat\/ceip-santa-anna-castellvell\/wp-content\/uploads\/usu47\/2026\/04\/20260423_151100.jpg\"><img loading=\"lazy\" decoding=\"async\" width=\"1024\" height=\"768\" data-id=\"11860\" src=\"https:\/\/agora.xtec.cat\/ceip-santa-anna-castellvell\/wp-content\/uploads\/usu47\/2026\/04\/20260423_151100-1024x768.jpg\" alt=\"\" class=\"wp-image-11860\" srcset=\"https:\/\/agora.xtec.cat\/ceip-santa-anna-castellvell\/wp-content\/uploads\/usu47\/2026\/04\/20260423_151100-1024x768.jpg 1024w, https:\/\/agora.xtec.cat\/ceip-santa-anna-castellvell\/wp-content\/uploads\/usu47\/2026\/04\/20260423_151100-300x225.jpg 300w, https:\/\/agora.xtec.cat\/ceip-santa-anna-castellvell\/wp-content\/uploads\/usu47\/2026\/04\/20260423_151100-768x576.jpg 768w, https:\/\/agora.xtec.cat\/ceip-santa-anna-castellvell\/wp-content\/uploads\/usu47\/2026\/04\/20260423_151100-1536x1152.jpg 1536w, https:\/\/agora.xtec.cat\/ceip-santa-anna-castellvell\/wp-content\/uploads\/usu47\/2026\/04\/20260423_151100.jpg 2000w\" sizes=\"auto, (max-width: 1024px) 100vw, 1024px\" \/><\/a><\/figure>\n<\/figure>\n\n\n\n<p>Despr\u00e9s de la representaci\u00f3, els protagonistes van desfilar davant de tota l\u2019escola en un ambient festiu i participatiu. La celebraci\u00f3 va continuar al pati, on es va dur a terme una animada ballada amb la pres\u00e8ncia del drac de l\u2019escola i del sr. Ramon Borr\u00e0s amb el seu cap gros de cavaller Sant Jordi. Aquesta activitat va aportar un toc tradicional i l\u00fadic a la jornada, fent gaudir grans i petits.<\/p>\n\n\n\n<figure class=\"wp-block-gallery has-nested-images columns-default is-cropped wp-block-gallery-3 is-layout-flex wp-block-gallery-is-layout-flex\">\n<figure class=\"wp-block-image size-large\"><a href=\"https:\/\/agora.xtec.cat\/ceip-santa-anna-castellvell\/wp-content\/uploads\/usu47\/2026\/04\/IMG_20260423_152323.jpg\"><img loading=\"lazy\" decoding=\"async\" width=\"1024\" height=\"768\" data-id=\"11863\" src=\"https:\/\/agora.xtec.cat\/ceip-santa-anna-castellvell\/wp-content\/uploads\/usu47\/2026\/04\/IMG_20260423_152323-1024x768.jpg\" alt=\"\" class=\"wp-image-11863\" srcset=\"https:\/\/agora.xtec.cat\/ceip-santa-anna-castellvell\/wp-content\/uploads\/usu47\/2026\/04\/IMG_20260423_152323-1024x768.jpg 1024w, https:\/\/agora.xtec.cat\/ceip-santa-anna-castellvell\/wp-content\/uploads\/usu47\/2026\/04\/IMG_20260423_152323-300x225.jpg 300w, https:\/\/agora.xtec.cat\/ceip-santa-anna-castellvell\/wp-content\/uploads\/usu47\/2026\/04\/IMG_20260423_152323-768x576.jpg 768w, https:\/\/agora.xtec.cat\/ceip-santa-anna-castellvell\/wp-content\/uploads\/usu47\/2026\/04\/IMG_20260423_152323-1536x1152.jpg 1536w, https:\/\/agora.xtec.cat\/ceip-santa-anna-castellvell\/wp-content\/uploads\/usu47\/2026\/04\/IMG_20260423_152323.jpg 1632w\" sizes=\"auto, (max-width: 1024px) 100vw, 1024px\" \/><\/a><\/figure>\n\n\n\n<figure class=\"wp-block-image size-large\"><a href=\"https:\/\/agora.xtec.cat\/ceip-santa-anna-castellvell\/wp-content\/uploads\/usu47\/2026\/04\/IMG_20260423_152436.jpg\"><img loading=\"lazy\" decoding=\"async\" width=\"1024\" height=\"771\" data-id=\"11864\" src=\"https:\/\/agora.xtec.cat\/ceip-santa-anna-castellvell\/wp-content\/uploads\/usu47\/2026\/04\/IMG_20260423_152436-1024x771.jpg\" alt=\"\" class=\"wp-image-11864\" srcset=\"https:\/\/agora.xtec.cat\/ceip-santa-anna-castellvell\/wp-content\/uploads\/usu47\/2026\/04\/IMG_20260423_152436-1024x771.jpg 1024w, https:\/\/agora.xtec.cat\/ceip-santa-anna-castellvell\/wp-content\/uploads\/usu47\/2026\/04\/IMG_20260423_152436-300x226.jpg 300w, https:\/\/agora.xtec.cat\/ceip-santa-anna-castellvell\/wp-content\/uploads\/usu47\/2026\/04\/IMG_20260423_152436-768x578.jpg 768w, https:\/\/agora.xtec.cat\/ceip-santa-anna-castellvell\/wp-content\/uploads\/usu47\/2026\/04\/IMG_20260423_152436-1536x1157.jpg 1536w, https:\/\/agora.xtec.cat\/ceip-santa-anna-castellvell\/wp-content\/uploads\/usu47\/2026\/04\/IMG_20260423_152436.jpg 2040w\" sizes=\"auto, (max-width: 1024px) 100vw, 1024px\" \/><\/a><\/figure>\n\n\n\n<figure class=\"wp-block-image size-large\"><a href=\"https:\/\/agora.xtec.cat\/ceip-santa-anna-castellvell\/wp-content\/uploads\/usu47\/2026\/04\/IMG_20260423_152517.jpg\"><img loading=\"lazy\" decoding=\"async\" width=\"1024\" height=\"771\" data-id=\"11865\" src=\"https:\/\/agora.xtec.cat\/ceip-santa-anna-castellvell\/wp-content\/uploads\/usu47\/2026\/04\/IMG_20260423_152517-1024x771.jpg\" alt=\"\" class=\"wp-image-11865\" srcset=\"https:\/\/agora.xtec.cat\/ceip-santa-anna-castellvell\/wp-content\/uploads\/usu47\/2026\/04\/IMG_20260423_152517-1024x771.jpg 1024w, https:\/\/agora.xtec.cat\/ceip-santa-anna-castellvell\/wp-content\/uploads\/usu47\/2026\/04\/IMG_20260423_152517-300x226.jpg 300w, https:\/\/agora.xtec.cat\/ceip-santa-anna-castellvell\/wp-content\/uploads\/usu47\/2026\/04\/IMG_20260423_152517-768x578.jpg 768w, https:\/\/agora.xtec.cat\/ceip-santa-anna-castellvell\/wp-content\/uploads\/usu47\/2026\/04\/IMG_20260423_152517-1536x1157.jpg 1536w, https:\/\/agora.xtec.cat\/ceip-santa-anna-castellvell\/wp-content\/uploads\/usu47\/2026\/04\/IMG_20260423_152517.jpg 2040w\" sizes=\"auto, (max-width: 1024px) 100vw, 1024px\" \/><\/a><\/figure>\n\n\n\n<figure class=\"wp-block-image size-large\"><a href=\"https:\/\/agora.xtec.cat\/ceip-santa-anna-castellvell\/wp-content\/uploads\/usu47\/2026\/04\/IMG_20260423_153913.jpg\"><img loading=\"lazy\" decoding=\"async\" width=\"1024\" height=\"771\" data-id=\"11866\" src=\"https:\/\/agora.xtec.cat\/ceip-santa-anna-castellvell\/wp-content\/uploads\/usu47\/2026\/04\/IMG_20260423_153913-1024x771.jpg\" alt=\"\" class=\"wp-image-11866\" srcset=\"https:\/\/agora.xtec.cat\/ceip-santa-anna-castellvell\/wp-content\/uploads\/usu47\/2026\/04\/IMG_20260423_153913-1024x771.jpg 1024w, https:\/\/agora.xtec.cat\/ceip-santa-anna-castellvell\/wp-content\/uploads\/usu47\/2026\/04\/IMG_20260423_153913-300x226.jpg 300w, https:\/\/agora.xtec.cat\/ceip-santa-anna-castellvell\/wp-content\/uploads\/usu47\/2026\/04\/IMG_20260423_153913-768x578.jpg 768w, https:\/\/agora.xtec.cat\/ceip-santa-anna-castellvell\/wp-content\/uploads\/usu47\/2026\/04\/IMG_20260423_153913-1536x1157.jpg 1536w, https:\/\/agora.xtec.cat\/ceip-santa-anna-castellvell\/wp-content\/uploads\/usu47\/2026\/04\/IMG_20260423_153913.jpg 2040w\" sizes=\"auto, (max-width: 1024px) 100vw, 1024px\" \/><\/a><\/figure>\n<\/figure>\n\n\n\n<p>La Diada de Sant Jordi a l\u2019Escola Santa Anna es consolida, any rere any, com una oportunitat per treballar valors com la creativitat, la conviv\u00e8ncia, l\u2019estima per la cultura catalana, la lectura i els llibres. La participaci\u00f3 activa de l\u2019alumnat i la implicaci\u00f3 del professorat han fet possible, un cop m\u00e9s, una celebraci\u00f3 plena de significat i emoci\u00f3.<\/p>\n\n\n\n<p>Des de l\u2019escola, volem agrair la col\u00b7laboraci\u00f3 de totes les persones que han contribu\u00eft a fer d\u2019aquesta diada una experi\u00e8ncia tan enriquidora. Sens dubte, ha estat una jornada viscuda amb molta intensitat, il\u00b7lusi\u00f3 i ganes de compartir. <\/p>\n","protected":false},"excerpt":{"rendered":"<p>Ahir dijous 23 d\u2019abril, l\u2019Escola Santa Anna va viure amb gran il\u00b7lusi\u00f3 i emoci\u00f3 la celebraci\u00f3 de la Diada de Sant Jordi, una de les festes m\u00e9s estimades de la nostra cultura. Com cada any, tota la comunitat educativa es va implicar activament en una jornada marcada pels llibres, les roses i l\u2019esperit de conviv\u00e8ncia, [&hellip;]<\/p>\n","protected":false},"author":6,"featured_media":11859,"comment_status":"closed","ping_status":"open","sticky":false,"template":"","format":"standard","meta":{"_bbp_topic_count":0,"_bbp_reply_count":0,"_bbp_total_topic_count":0,"_bbp_total_reply_count":0,"_bbp_voice_count":0,"_bbp_anonymous_reply_count":0,"_bbp_topic_count_hidden":0,"_bbp_reply_count_hidden":0,"_bbp_forum_subforum_count":0,"site-sidebar-layout":"default","site-content-layout":"","ast-site-content-layout":"default","site-content-style":"default","site-sidebar-style":"default","ast-global-header-display":"","ast-banner-title-visibility":"","ast-main-header-display":"","ast-hfb-above-header-display":"","ast-hfb-below-header-display":"","ast-hfb-mobile-header-display":"","site-post-title":"","ast-breadcrumbs-content":"","ast-featured-img":"","footer-sml-layout":"","theme-transparent-header-meta":"","adv-header-id-meta":"","stick-header-meta":"","header-above-stick-meta":"","header-main-stick-meta":"","header-below-stick-meta":"","astra-migrate-meta-layouts":"set","ast-page-background-enabled":"default","ast-page-background-meta":{"desktop":{"background-color":"var(--ast-global-color-4)","background-image":"","background-repeat":"repeat","background-position":"center center","background-size":"auto","background-attachment":"scroll","background-type":"","background-media":"","overlay-type":"","overlay-color":"","overlay-opacity":"","overlay-gradient":""},"tablet":{"background-color":"","background-image":"","background-repeat":"repeat","background-position":"center center","background-size":"auto","background-attachment":"scroll","background-type":"","background-media":"","overlay-type":"","overlay-color":"","overlay-opacity":"","overlay-gradient":""},"mobile":{"background-color":"","background-image":"","background-repeat":"repeat","background-position":"center center","background-size":"auto","background-attachment":"scroll","background-type":"","background-media":"","overlay-type":"","overlay-color":"","overlay-opacity":"","overlay-gradient":""}},"ast-content-background-meta":{"desktop":{"background-color":"var(--ast-global-color-5)","background-image":"","background-repeat":"repeat","background-position":"center center","background-size":"auto","background-attachment":"scroll","background-type":"","background-media":"","overlay-type":"","overlay-color":"","overlay-opacity":"","overlay-gradient":""},"tablet":{"background-color":"var(--ast-global-color-5)","background-image":"","background-repeat":"repeat","background-position":"center center","background-size":"auto","background-attachment":"scroll","background-type":"","background-media":"","overlay-type":"","overlay-color":"","overlay-opacity":"","overlay-gradient":""},"mobile":{"background-color":"var(--ast-global-color-5)","background-image":"","background-repeat":"repeat","background-position":"center center","background-size":"auto","background-attachment":"scroll","background-type":"","background-media":"","overlay-type":"","overlay-color":"","overlay-opacity":"","overlay-gradient":""}},"footnotes":""},"categories":[106,4,434],"tags":[161],"class_list":["post-11853","post","type-post","status-publish","format-standard","has-post-thumbnail","hentry","category-diades-i-celebracions","category-portada","category-teatre-a-lescola","tag-sant-jordi"],"post_mailing_queue_ids":[],"_links":{"self":[{"href":"https:\/\/agora.xtec.cat\/ceip-santa-anna-castellvell\/wp-json\/wp\/v2\/posts\/11853","targetHints":{"allow":["GET"]}}],"collection":[{"href":"https:\/\/agora.xtec.cat\/ceip-santa-anna-castellvell\/wp-json\/wp\/v2\/posts"}],"about":[{"href":"https:\/\/agora.xtec.cat\/ceip-santa-anna-castellvell\/wp-json\/wp\/v2\/types\/post"}],"author":[{"embeddable":true,"href":"https:\/\/agora.xtec.cat\/ceip-santa-anna-castellvell\/wp-json\/wp\/v2\/users\/6"}],"replies":[{"embeddable":true,"href":"https:\/\/agora.xtec.cat\/ceip-santa-anna-castellvell\/wp-json\/wp\/v2\/comments?post=11853"}],"version-history":[{"count":2,"href":"https:\/\/agora.xtec.cat\/ceip-santa-anna-castellvell\/wp-json\/wp\/v2\/posts\/11853\/revisions"}],"predecessor-version":[{"id":11868,"href":"https:\/\/agora.xtec.cat\/ceip-santa-anna-castellvell\/wp-json\/wp\/v2\/posts\/11853\/revisions\/11868"}],"wp:featuredmedia":[{"embeddable":true,"href":"https:\/\/agora.xtec.cat\/ceip-santa-anna-castellvell\/wp-json\/wp\/v2\/media\/11859"}],"wp:attachment":[{"href":"https:\/\/agora.xtec.cat\/ceip-santa-anna-castellvell\/wp-json\/wp\/v2\/media?parent=11853"}],"wp:term":[{"taxonomy":"category","embeddable":true,"href":"https:\/\/agora.xtec.cat\/ceip-santa-anna-castellvell\/wp-json\/wp\/v2\/categories?post=11853"},{"taxonomy":"post_tag","embeddable":true,"href":"https:\/\/agora.xtec.cat\/ceip-santa-anna-castellvell\/wp-json\/wp\/v2\/tags?post=11853"}],"curies":[{"name":"wp","href":"https:\/\/api.w.org\/{rel}","templated":true}]}}