{"id":4732,"date":"2026-02-19T15:26:10","date_gmt":"2026-02-19T14:26:10","guid":{"rendered":"https:\/\/agora.xtec.cat\/ceip-sant-mateu\/?p=4732"},"modified":"2026-02-19T15:26:41","modified_gmt":"2026-02-19T14:26:41","slug":"carnaval-a-lescola","status":"publish","type":"post","link":"https:\/\/agora.xtec.cat\/ceip-sant-mateu\/general\/carnaval-a-lescola\/","title":{"rendered":"CARNAVAL A L&#8217;ESCOLA"},"content":{"rendered":"<p data-start=\"114\" data-end=\"321\">Aquest dimarts 17 de febrer vam celebrar la festa de Carnaval a l\u2019escola en una tarda plena de colors, m\u00fasica i alegria. La tem\u00e0tica va ser la Festa Major, que ja hav\u00edem treballat durant la Setmana Cultural.<\/p>\n<p data-start=\"323\" data-end=\"575\">Abans de comen\u00e7ar, va venir el Rei Carnestoltes a llegir el preg\u00f3 i a saludar tot l\u2019alumnat i les fam\u00edlies que van venir a compartir la festa amb nosaltres. Despr\u00e9s, vam fer una rua pel pati de l\u2019escola i cada cicle va poder lluir les seves disfresses.<\/p>\n<p data-start=\"577\" data-end=\"804\">Infantil anava de m\u00fasics i seguici, cicle inicial de castellers i castelleres, cicle mitj\u00e0 de nans i cicle superior de diables amb tabalers i tabaleres. Vam acabar la tarda ballant i rient tots junts al ritme de la m\u00fasica.<\/p>\n","protected":false},"excerpt":{"rendered":"<p>Aquest dimarts 17 de febrer vam celebrar la festa de Carnaval a l\u2019escola en una tarda plena de colors, m\u00fasica i alegria. La tem\u00e0tica va ser la Festa Major, que ja hav\u00edem treballat durant la Setmana Cultural. Abans de comen\u00e7ar, va venir el Rei Carnestoltes a llegir el preg\u00f3 i a saludar tot l\u2019alumnat i [&hellip;]<\/p>\n","protected":false},"author":1,"featured_media":4733,"comment_status":"open","ping_status":"open","sticky":false,"template":"","format":"standard","meta":{"_bbp_topic_count":0,"_bbp_reply_count":0,"_bbp_total_topic_count":0,"_bbp_total_reply_count":0,"_bbp_voice_count":0,"_bbp_anonymous_reply_count":0,"_bbp_topic_count_hidden":0,"_bbp_reply_count_hidden":0,"_bbp_forum_subforum_count":0,"site-sidebar-layout":"default","site-content-layout":"","ast-site-content-layout":"default","site-content-style":"default","site-sidebar-style":"default","ast-global-header-display":"","ast-banner-title-visibility":"","ast-main-header-display":"","ast-hfb-above-header-display":"","ast-hfb-below-header-display":"","ast-hfb-mobile-header-display":"","site-post-title":"","ast-breadcrumbs-content":"","ast-featured-img":"","footer-sml-layout":"","theme-transparent-header-meta":"default","adv-header-id-meta":"","stick-header-meta":"","header-above-stick-meta":"","header-main-stick-meta":"","header-below-stick-meta":"","astra-migrate-meta-layouts":"set","ast-page-background-enabled":"default","ast-page-background-meta":{"desktop":{"background-color":"var(--ast-global-color-4)","background-image":"","background-repeat":"repeat","background-position":"center center","background-size":"auto","background-attachment":"scroll","background-type":"","background-media":"","overlay-type":"","overlay-color":"","overlay-opacity":"","overlay-gradient":""},"tablet":{"background-color":"","background-image":"","background-repeat":"repeat","background-position":"center center","background-size":"auto","background-attachment":"scroll","background-type":"","background-media":"","overlay-type":"","overlay-color":"","overlay-opacity":"","overlay-gradient":""},"mobile":{"background-color":"","background-image":"","background-repeat":"repeat","background-position":"center center","background-size":"auto","background-attachment":"scroll","background-type":"","background-media":"","overlay-type":"","overlay-color":"","overlay-opacity":"","overlay-gradient":""}},"ast-content-background-meta":{"desktop":{"background-color":"var(--ast-global-color-5)","background-image":"","background-repeat":"repeat","background-position":"center center","background-size":"auto","background-attachment":"scroll","background-type":"","background-media":"","overlay-type":"","overlay-color":"","overlay-opacity":"","overlay-gradient":""},"tablet":{"background-color":"var(--ast-global-color-5)","background-image":"","background-repeat":"repeat","background-position":"center center","background-size":"auto","background-attachment":"scroll","background-type":"","background-media":"","overlay-type":"","overlay-color":"","overlay-opacity":"","overlay-gradient":""},"mobile":{"background-color":"var(--ast-global-color-5)","background-image":"","background-repeat":"repeat","background-position":"center center","background-size":"auto","background-attachment":"scroll","background-type":"","background-media":"","overlay-type":"","overlay-color":"","overlay-opacity":"","overlay-gradient":""}},"footnotes":""},"categories":[109,110,74,75,76,77,120,1,111,112,113,31,123,124,70,125],"tags":[138,126],"class_list":["post-4732","post","type-post","status-publish","format-standard","has-post-thumbnail","hentry","category-1r","category-2n","category-3r","category-4t","category-5e","category-6e","category-curs-2025-2026","category-general","category-i3","category-i4","category-i5","category-cicle-infantil","category-inicial","category-mitja","category-primaria","category-superior","tag-carnaval","tag-musica"],"post_mailing_queue_ids":[],"_links":{"self":[{"href":"https:\/\/agora.xtec.cat\/ceip-sant-mateu\/wp-json\/wp\/v2\/posts\/4732","targetHints":{"allow":["GET"]}}],"collection":[{"href":"https:\/\/agora.xtec.cat\/ceip-sant-mateu\/wp-json\/wp\/v2\/posts"}],"about":[{"href":"https:\/\/agora.xtec.cat\/ceip-sant-mateu\/wp-json\/wp\/v2\/types\/post"}],"author":[{"embeddable":true,"href":"https:\/\/agora.xtec.cat\/ceip-sant-mateu\/wp-json\/wp\/v2\/users\/1"}],"replies":[{"embeddable":true,"href":"https:\/\/agora.xtec.cat\/ceip-sant-mateu\/wp-json\/wp\/v2\/comments?post=4732"}],"version-history":[{"count":2,"href":"https:\/\/agora.xtec.cat\/ceip-sant-mateu\/wp-json\/wp\/v2\/posts\/4732\/revisions"}],"predecessor-version":[{"id":4735,"href":"https:\/\/agora.xtec.cat\/ceip-sant-mateu\/wp-json\/wp\/v2\/posts\/4732\/revisions\/4735"}],"wp:featuredmedia":[{"embeddable":true,"href":"https:\/\/agora.xtec.cat\/ceip-sant-mateu\/wp-json\/wp\/v2\/media\/4733"}],"wp:attachment":[{"href":"https:\/\/agora.xtec.cat\/ceip-sant-mateu\/wp-json\/wp\/v2\/media?parent=4732"}],"wp:term":[{"taxonomy":"category","embeddable":true,"href":"https:\/\/agora.xtec.cat\/ceip-sant-mateu\/wp-json\/wp\/v2\/categories?post=4732"},{"taxonomy":"post_tag","embeddable":true,"href":"https:\/\/agora.xtec.cat\/ceip-sant-mateu\/wp-json\/wp\/v2\/tags?post=4732"}],"curies":[{"name":"wp","href":"https:\/\/api.w.org\/{rel}","templated":true}]}}