{"id":4693,"date":"2026-02-11T15:55:42","date_gmt":"2026-02-11T14:55:42","guid":{"rendered":"https:\/\/agora.xtec.cat\/ceip-sant-mateu\/?p=4693"},"modified":"2026-02-11T21:10:43","modified_gmt":"2026-02-11T20:10:43","slug":"neix-el-comite-verd-de-lescola","status":"publish","type":"post","link":"https:\/\/agora.xtec.cat\/ceip-sant-mateu\/general\/neix-el-comite-verd-de-lescola\/","title":{"rendered":"NEIX EL COMIT\u00c8 VERD DE L&#8217;ESCOLA"},"content":{"rendered":"<p data-start=\"113\" data-end=\"410\">El Comit\u00e8 Verd \u00e9s un espai de participaci\u00f3 de l\u2019alumnat dins del projecte d\u2019Escola Verda, on es prenen decisions sobre les accions que es duran a terme al llarg del curs. L\u2019objectiu \u00e9s implicar tota la comunitat educativa en la construcci\u00f3 d\u2019una escola i una societat m\u00e9s sostenible i democr\u00e0tica.<\/p>\n<p data-start=\"412\" data-end=\"637\">Hi ha un representant de cada curs, de 1r a 6\u00e8, que porta les propostes de la seva classe. En la primera trobada, es van posar en com\u00fa totes aquestes idees i es van decidir les accions que es duran a terme durant aquest curs.<\/p>\n<p data-start=\"639\" data-end=\"752\">Estem molt contents de veure com l\u2019alumnat participa activament i s\u2019implica en la millora del nostre entorn.<\/p>\n","protected":false},"excerpt":{"rendered":"<p>El Comit\u00e8 Verd \u00e9s un espai de participaci\u00f3 de l\u2019alumnat dins del projecte d\u2019Escola Verda, on es prenen decisions sobre les accions que es duran a terme al llarg del curs. L\u2019objectiu \u00e9s implicar tota la comunitat educativa en la construcci\u00f3 d\u2019una escola i una societat m\u00e9s sostenible i democr\u00e0tica. Hi ha un representant de [&hellip;]<\/p>\n","protected":false},"author":1,"featured_media":4694,"comment_status":"open","ping_status":"closed","sticky":false,"template":"","format":"standard","meta":{"_bbp_topic_count":0,"_bbp_reply_count":0,"_bbp_total_topic_count":0,"_bbp_total_reply_count":0,"_bbp_voice_count":0,"_bbp_anonymous_reply_count":0,"_bbp_topic_count_hidden":0,"_bbp_reply_count_hidden":0,"_bbp_forum_subforum_count":0,"site-sidebar-layout":"default","site-content-layout":"","ast-site-content-layout":"default","site-content-style":"default","site-sidebar-style":"default","ast-global-header-display":"","ast-banner-title-visibility":"","ast-main-header-display":"","ast-hfb-above-header-display":"","ast-hfb-below-header-display":"","ast-hfb-mobile-header-display":"","site-post-title":"","ast-breadcrumbs-content":"","ast-featured-img":"","footer-sml-layout":"","theme-transparent-header-meta":"default","adv-header-id-meta":"","stick-header-meta":"","header-above-stick-meta":"","header-main-stick-meta":"","header-below-stick-meta":"","astra-migrate-meta-layouts":"set","ast-page-background-enabled":"default","ast-page-background-meta":{"desktop":{"background-color":"var(--ast-global-color-4)","background-image":"","background-repeat":"repeat","background-position":"center center","background-size":"auto","background-attachment":"scroll","background-type":"","background-media":"","overlay-type":"","overlay-color":"","overlay-opacity":"","overlay-gradient":""},"tablet":{"background-color":"","background-image":"","background-repeat":"repeat","background-position":"center center","background-size":"auto","background-attachment":"scroll","background-type":"","background-media":"","overlay-type":"","overlay-color":"","overlay-opacity":"","overlay-gradient":""},"mobile":{"background-color":"","background-image":"","background-repeat":"repeat","background-position":"center center","background-size":"auto","background-attachment":"scroll","background-type":"","background-media":"","overlay-type":"","overlay-color":"","overlay-opacity":"","overlay-gradient":""}},"ast-content-background-meta":{"desktop":{"background-color":"var(--ast-global-color-5)","background-image":"","background-repeat":"repeat","background-position":"center center","background-size":"auto","background-attachment":"scroll","background-type":"","background-media":"","overlay-type":"","overlay-color":"","overlay-opacity":"","overlay-gradient":""},"tablet":{"background-color":"var(--ast-global-color-5)","background-image":"","background-repeat":"repeat","background-position":"center center","background-size":"auto","background-attachment":"scroll","background-type":"","background-media":"","overlay-type":"","overlay-color":"","overlay-opacity":"","overlay-gradient":""},"mobile":{"background-color":"var(--ast-global-color-5)","background-image":"","background-repeat":"repeat","background-position":"center center","background-size":"auto","background-attachment":"scroll","background-type":"","background-media":"","overlay-type":"","overlay-color":"","overlay-opacity":"","overlay-gradient":""}},"footnotes":""},"categories":[109,110,74,75,76,77,120,122,1,111,112,113,31,123,124,70,125],"tags":[131],"class_list":["post-4693","post","type-post","status-publish","format-standard","has-post-thumbnail","hentry","category-1r","category-2n","category-3r","category-4t","category-5e","category-6e","category-curs-2025-2026","category-escola-verda","category-general","category-i3","category-i4","category-i5","category-cicle-infantil","category-inicial","category-mitja","category-primaria","category-superior","tag-medi-ambient"],"post_mailing_queue_ids":[],"_links":{"self":[{"href":"https:\/\/agora.xtec.cat\/ceip-sant-mateu\/wp-json\/wp\/v2\/posts\/4693","targetHints":{"allow":["GET"]}}],"collection":[{"href":"https:\/\/agora.xtec.cat\/ceip-sant-mateu\/wp-json\/wp\/v2\/posts"}],"about":[{"href":"https:\/\/agora.xtec.cat\/ceip-sant-mateu\/wp-json\/wp\/v2\/types\/post"}],"author":[{"embeddable":true,"href":"https:\/\/agora.xtec.cat\/ceip-sant-mateu\/wp-json\/wp\/v2\/users\/1"}],"replies":[{"embeddable":true,"href":"https:\/\/agora.xtec.cat\/ceip-sant-mateu\/wp-json\/wp\/v2\/comments?post=4693"}],"version-history":[{"count":1,"href":"https:\/\/agora.xtec.cat\/ceip-sant-mateu\/wp-json\/wp\/v2\/posts\/4693\/revisions"}],"predecessor-version":[{"id":4695,"href":"https:\/\/agora.xtec.cat\/ceip-sant-mateu\/wp-json\/wp\/v2\/posts\/4693\/revisions\/4695"}],"wp:featuredmedia":[{"embeddable":true,"href":"https:\/\/agora.xtec.cat\/ceip-sant-mateu\/wp-json\/wp\/v2\/media\/4694"}],"wp:attachment":[{"href":"https:\/\/agora.xtec.cat\/ceip-sant-mateu\/wp-json\/wp\/v2\/media?parent=4693"}],"wp:term":[{"taxonomy":"category","embeddable":true,"href":"https:\/\/agora.xtec.cat\/ceip-sant-mateu\/wp-json\/wp\/v2\/categories?post=4693"},{"taxonomy":"post_tag","embeddable":true,"href":"https:\/\/agora.xtec.cat\/ceip-sant-mateu\/wp-json\/wp\/v2\/tags?post=4693"}],"curies":[{"name":"wp","href":"https:\/\/api.w.org\/{rel}","templated":true}]}}