{"id":4679,"date":"2026-02-11T14:34:02","date_gmt":"2026-02-11T13:34:02","guid":{"rendered":"https:\/\/agora.xtec.cat\/ceip-sant-mateu\/?p=4679"},"modified":"2026-02-11T21:11:58","modified_gmt":"2026-02-11T20:11:58","slug":"recital-de-poemes-i-nadales-de-nadal","status":"publish","type":"post","link":"https:\/\/agora.xtec.cat\/ceip-sant-mateu\/general\/recital-de-poemes-i-nadales-de-nadal\/","title":{"rendered":"RECITAL DE POEMES I NADALES DE NADAL"},"content":{"rendered":"<p data-start=\"179\" data-end=\"413\">El passat 18 de desembre, l\u2019escola va sortir al carrer per celebrar el tradicional recital de poemes i nadales. Al llarg del dia, vam cantar i recitar en diferents espais del poble, com la pla\u00e7a 1 d\u2019Octubre i el parc de les Glaneres.<\/p>\n<p data-start=\"415\" data-end=\"663\">Els nens i nenes de l\u2019escola van participar amb molta il\u00b7lusi\u00f3: van dir poemes, van tocar la flauta i van cantar can\u00e7ons. Va ser una activitat molt especial que va omplir el poble de m\u00fasica, paraules i ambient nadalenc.<\/p>\n<p data-start=\"665\" data-end=\"846\">Volem felicitar tot l\u2019alumnat per l\u2019esfor\u00e7 i la dedicaci\u00f3, i agrair a les fam\u00edlies i a tothom qui ens va venir a escoltar que compartissin aquest moment tan bonic amb nosaltres.<\/p>\n","protected":false},"excerpt":{"rendered":"<p>El passat 18 de desembre, l\u2019escola va sortir al carrer per celebrar el tradicional recital de poemes i nadales. Al llarg del dia, vam cantar i recitar en diferents espais del poble, com la pla\u00e7a 1 d\u2019Octubre i el parc de les Glaneres. Els nens i nenes de l\u2019escola van participar amb molta il\u00b7lusi\u00f3: van [&hellip;]<\/p>\n","protected":false},"author":1,"featured_media":4681,"comment_status":"open","ping_status":"closed","sticky":false,"template":"","format":"standard","meta":{"_bbp_topic_count":0,"_bbp_reply_count":0,"_bbp_total_topic_count":0,"_bbp_total_reply_count":0,"_bbp_voice_count":0,"_bbp_anonymous_reply_count":0,"_bbp_topic_count_hidden":0,"_bbp_reply_count_hidden":0,"_bbp_forum_subforum_count":0,"site-sidebar-layout":"default","site-content-layout":"","ast-site-content-layout":"default","site-content-style":"default","site-sidebar-style":"default","ast-global-header-display":"","ast-banner-title-visibility":"","ast-main-header-display":"","ast-hfb-above-header-display":"","ast-hfb-below-header-display":"","ast-hfb-mobile-header-display":"","site-post-title":"","ast-breadcrumbs-content":"","ast-featured-img":"","footer-sml-layout":"","theme-transparent-header-meta":"default","adv-header-id-meta":"","stick-header-meta":"","header-above-stick-meta":"","header-main-stick-meta":"","header-below-stick-meta":"","astra-migrate-meta-layouts":"set","ast-page-background-enabled":"default","ast-page-background-meta":{"desktop":{"background-color":"var(--ast-global-color-4)","background-image":"","background-repeat":"repeat","background-position":"center center","background-size":"auto","background-attachment":"scroll","background-type":"","background-media":"","overlay-type":"","overlay-color":"","overlay-opacity":"","overlay-gradient":""},"tablet":{"background-color":"","background-image":"","background-repeat":"repeat","background-position":"center center","background-size":"auto","background-attachment":"scroll","background-type":"","background-media":"","overlay-type":"","overlay-color":"","overlay-opacity":"","overlay-gradient":""},"mobile":{"background-color":"","background-image":"","background-repeat":"repeat","background-position":"center center","background-size":"auto","background-attachment":"scroll","background-type":"","background-media":"","overlay-type":"","overlay-color":"","overlay-opacity":"","overlay-gradient":""}},"ast-content-background-meta":{"desktop":{"background-color":"var(--ast-global-color-5)","background-image":"","background-repeat":"repeat","background-position":"center center","background-size":"auto","background-attachment":"scroll","background-type":"","background-media":"","overlay-type":"","overlay-color":"","overlay-opacity":"","overlay-gradient":""},"tablet":{"background-color":"var(--ast-global-color-5)","background-image":"","background-repeat":"repeat","background-position":"center center","background-size":"auto","background-attachment":"scroll","background-type":"","background-media":"","overlay-type":"","overlay-color":"","overlay-opacity":"","overlay-gradient":""},"mobile":{"background-color":"var(--ast-global-color-5)","background-image":"","background-repeat":"repeat","background-position":"center center","background-size":"auto","background-attachment":"scroll","background-type":"","background-media":"","overlay-type":"","overlay-color":"","overlay-opacity":"","overlay-gradient":""}},"footnotes":""},"categories":[109,110,74,75,76,77,120,1,111,112,113,31,123,124,70,125],"tags":[126,127],"class_list":["post-4679","post","type-post","status-publish","format-standard","has-post-thumbnail","hentry","category-1r","category-2n","category-3r","category-4t","category-5e","category-6e","category-curs-2025-2026","category-general","category-i3","category-i4","category-i5","category-cicle-infantil","category-inicial","category-mitja","category-primaria","category-superior","tag-musica","tag-nadal"],"post_mailing_queue_ids":[],"_links":{"self":[{"href":"https:\/\/agora.xtec.cat\/ceip-sant-mateu\/wp-json\/wp\/v2\/posts\/4679","targetHints":{"allow":["GET"]}}],"collection":[{"href":"https:\/\/agora.xtec.cat\/ceip-sant-mateu\/wp-json\/wp\/v2\/posts"}],"about":[{"href":"https:\/\/agora.xtec.cat\/ceip-sant-mateu\/wp-json\/wp\/v2\/types\/post"}],"author":[{"embeddable":true,"href":"https:\/\/agora.xtec.cat\/ceip-sant-mateu\/wp-json\/wp\/v2\/users\/1"}],"replies":[{"embeddable":true,"href":"https:\/\/agora.xtec.cat\/ceip-sant-mateu\/wp-json\/wp\/v2\/comments?post=4679"}],"version-history":[{"count":2,"href":"https:\/\/agora.xtec.cat\/ceip-sant-mateu\/wp-json\/wp\/v2\/posts\/4679\/revisions"}],"predecessor-version":[{"id":4683,"href":"https:\/\/agora.xtec.cat\/ceip-sant-mateu\/wp-json\/wp\/v2\/posts\/4679\/revisions\/4683"}],"wp:featuredmedia":[{"embeddable":true,"href":"https:\/\/agora.xtec.cat\/ceip-sant-mateu\/wp-json\/wp\/v2\/media\/4681"}],"wp:attachment":[{"href":"https:\/\/agora.xtec.cat\/ceip-sant-mateu\/wp-json\/wp\/v2\/media?parent=4679"}],"wp:term":[{"taxonomy":"category","embeddable":true,"href":"https:\/\/agora.xtec.cat\/ceip-sant-mateu\/wp-json\/wp\/v2\/categories?post=4679"},{"taxonomy":"post_tag","embeddable":true,"href":"https:\/\/agora.xtec.cat\/ceip-sant-mateu\/wp-json\/wp\/v2\/tags?post=4679"}],"curies":[{"name":"wp","href":"https:\/\/api.w.org\/{rel}","templated":true}]}}