{"id":4635,"date":"2025-11-06T16:15:36","date_gmt":"2025-11-06T15:15:36","guid":{"rendered":"https:\/\/agora.xtec.cat\/ceip-sant-mateu\/?p=4635"},"modified":"2026-02-11T21:15:37","modified_gmt":"2026-02-11T20:15:37","slug":"la-castanyada-a-lescola","status":"publish","type":"post","link":"https:\/\/agora.xtec.cat\/ceip-sant-mateu\/general\/la-castanyada-a-lescola\/","title":{"rendered":"LA CASTANYADA A L&#8217;ESCOLA"},"content":{"rendered":"<p>Aquest curs hem viscut una Castanyada plena d\u2019activitats i alegria! Durant el dia vam fer panellets, sortides pel poble i divertides gimcanes. A la tarda, tota l\u2019escola ens vam reunir al pati per celebrar la festa amb la Castanyera, que va gaudir molt de les danses preparades per cada cicle i ens va repartir castanyes bon\u00edssimes. Ens ho vam passar d\u2019all\u00f2 m\u00e9s b\u00e9!<\/p>\n<p><img loading=\"lazy\" decoding=\"async\" class=\"aligncenter size-full wp-image-4636\" src=\"https:\/\/agora.xtec.cat\/ceip-sant-mateu\/wp-content\/uploads\/usu240\/2025\/11\/CASTANYERA-2-scaled.jpg\" alt=\"\" width=\"2560\" height=\"1920\" srcset=\"https:\/\/agora.xtec.cat\/ceip-sant-mateu\/wp-content\/uploads\/usu240\/2025\/11\/CASTANYERA-2-scaled.jpg 2560w, https:\/\/agora.xtec.cat\/ceip-sant-mateu\/wp-content\/uploads\/usu240\/2025\/11\/CASTANYERA-2-300x225.jpg 300w, https:\/\/agora.xtec.cat\/ceip-sant-mateu\/wp-content\/uploads\/usu240\/2025\/11\/CASTANYERA-2-1024x768.jpg 1024w, https:\/\/agora.xtec.cat\/ceip-sant-mateu\/wp-content\/uploads\/usu240\/2025\/11\/CASTANYERA-2-768x576.jpg 768w, https:\/\/agora.xtec.cat\/ceip-sant-mateu\/wp-content\/uploads\/usu240\/2025\/11\/CASTANYERA-2-1536x1152.jpg 1536w, https:\/\/agora.xtec.cat\/ceip-sant-mateu\/wp-content\/uploads\/usu240\/2025\/11\/CASTANYERA-2-2048x1536.jpg 2048w, https:\/\/agora.xtec.cat\/ceip-sant-mateu\/wp-content\/uploads\/usu240\/2025\/11\/CASTANYERA-2-200x150.jpg 200w\" sizes=\"auto, (max-width: 2560px) 100vw, 2560px\" \/><\/p>\n","protected":false},"excerpt":{"rendered":"<p>Aquest curs hem viscut una Castanyada plena d\u2019activitats i alegria! Durant el dia vam fer panellets, sortides pel poble i divertides gimcanes. A la tarda, tota l\u2019escola ens vam reunir al pati per celebrar la festa amb la Castanyera, que va gaudir molt de les danses preparades per cada cicle i ens va repartir castanyes [&hellip;]<\/p>\n","protected":false},"author":1,"featured_media":4639,"comment_status":"open","ping_status":"closed","sticky":false,"template":"","format":"standard","meta":{"_bbp_topic_count":0,"_bbp_reply_count":0,"_bbp_total_topic_count":0,"_bbp_total_reply_count":0,"_bbp_voice_count":0,"_bbp_anonymous_reply_count":0,"_bbp_topic_count_hidden":0,"_bbp_reply_count_hidden":0,"_bbp_forum_subforum_count":0,"site-sidebar-layout":"default","site-content-layout":"","ast-site-content-layout":"default","site-content-style":"default","site-sidebar-style":"default","ast-global-header-display":"","ast-banner-title-visibility":"","ast-main-header-display":"","ast-hfb-above-header-display":"","ast-hfb-below-header-display":"","ast-hfb-mobile-header-display":"","site-post-title":"","ast-breadcrumbs-content":"","ast-featured-img":"","footer-sml-layout":"","theme-transparent-header-meta":"default","adv-header-id-meta":"","stick-header-meta":"","header-above-stick-meta":"","header-main-stick-meta":"","header-below-stick-meta":"","astra-migrate-meta-layouts":"set","ast-page-background-enabled":"default","ast-page-background-meta":{"desktop":{"background-color":"var(--ast-global-color-4)","background-image":"","background-repeat":"repeat","background-position":"center center","background-size":"auto","background-attachment":"scroll","background-type":"","background-media":"","overlay-type":"","overlay-color":"","overlay-opacity":"","overlay-gradient":""},"tablet":{"background-color":"","background-image":"","background-repeat":"repeat","background-position":"center center","background-size":"auto","background-attachment":"scroll","background-type":"","background-media":"","overlay-type":"","overlay-color":"","overlay-opacity":"","overlay-gradient":""},"mobile":{"background-color":"","background-image":"","background-repeat":"repeat","background-position":"center center","background-size":"auto","background-attachment":"scroll","background-type":"","background-media":"","overlay-type":"","overlay-color":"","overlay-opacity":"","overlay-gradient":""}},"ast-content-background-meta":{"desktop":{"background-color":"var(--ast-global-color-5)","background-image":"","background-repeat":"repeat","background-position":"center center","background-size":"auto","background-attachment":"scroll","background-type":"","background-media":"","overlay-type":"","overlay-color":"","overlay-opacity":"","overlay-gradient":""},"tablet":{"background-color":"var(--ast-global-color-5)","background-image":"","background-repeat":"repeat","background-position":"center center","background-size":"auto","background-attachment":"scroll","background-type":"","background-media":"","overlay-type":"","overlay-color":"","overlay-opacity":"","overlay-gradient":""},"mobile":{"background-color":"var(--ast-global-color-5)","background-image":"","background-repeat":"repeat","background-position":"center center","background-size":"auto","background-attachment":"scroll","background-type":"","background-media":"","overlay-type":"","overlay-color":"","overlay-opacity":"","overlay-gradient":""}},"footnotes":""},"categories":[109,110,74,75,76,77,120,1,111,112,113,31,123,124,70,125],"tags":[133,135],"class_list":["post-4635","post","type-post","status-publish","format-standard","has-post-thumbnail","hentry","category-1r","category-2n","category-3r","category-4t","category-5e","category-6e","category-curs-2025-2026","category-general","category-i3","category-i4","category-i5","category-cicle-infantil","category-inicial","category-mitja","category-primaria","category-superior","tag-castanyada","tag-tardor"],"post_mailing_queue_ids":[],"_links":{"self":[{"href":"https:\/\/agora.xtec.cat\/ceip-sant-mateu\/wp-json\/wp\/v2\/posts\/4635","targetHints":{"allow":["GET"]}}],"collection":[{"href":"https:\/\/agora.xtec.cat\/ceip-sant-mateu\/wp-json\/wp\/v2\/posts"}],"about":[{"href":"https:\/\/agora.xtec.cat\/ceip-sant-mateu\/wp-json\/wp\/v2\/types\/post"}],"author":[{"embeddable":true,"href":"https:\/\/agora.xtec.cat\/ceip-sant-mateu\/wp-json\/wp\/v2\/users\/1"}],"replies":[{"embeddable":true,"href":"https:\/\/agora.xtec.cat\/ceip-sant-mateu\/wp-json\/wp\/v2\/comments?post=4635"}],"version-history":[{"count":1,"href":"https:\/\/agora.xtec.cat\/ceip-sant-mateu\/wp-json\/wp\/v2\/posts\/4635\/revisions"}],"predecessor-version":[{"id":4638,"href":"https:\/\/agora.xtec.cat\/ceip-sant-mateu\/wp-json\/wp\/v2\/posts\/4635\/revisions\/4638"}],"wp:featuredmedia":[{"embeddable":true,"href":"https:\/\/agora.xtec.cat\/ceip-sant-mateu\/wp-json\/wp\/v2\/media\/4639"}],"wp:attachment":[{"href":"https:\/\/agora.xtec.cat\/ceip-sant-mateu\/wp-json\/wp\/v2\/media?parent=4635"}],"wp:term":[{"taxonomy":"category","embeddable":true,"href":"https:\/\/agora.xtec.cat\/ceip-sant-mateu\/wp-json\/wp\/v2\/categories?post=4635"},{"taxonomy":"post_tag","embeddable":true,"href":"https:\/\/agora.xtec.cat\/ceip-sant-mateu\/wp-json\/wp\/v2\/tags?post=4635"}],"curies":[{"name":"wp","href":"https:\/\/api.w.org\/{rel}","templated":true}]}}