{"id":813,"date":"2018-06-20T22:52:12","date_gmt":"2018-06-20T20:52:12","guid":{"rendered":"http:\/\/agora.xtec.cat\/ceip-sant-domenec-la-rapita\/?p=813"},"modified":"2025-01-17T16:13:53","modified_gmt":"2025-01-17T15:13:53","slug":"projecte-pesa-i-pensa","status":"publish","type":"post","link":"https:\/\/agora.xtec.cat\/ceip-sant-domenec-la-rapita\/general\/projecte-pesa-i-pensa\/","title":{"rendered":"PROJECTE PESA I PENSA"},"content":{"rendered":"\n<p>Mentre una bona part de la poblaci\u00f3 mundial ha de viure amb escassetat de recursos, a casa nostra llencem una important quantitat d&#8217;aliments aprofitables.<\/p>\n\n\n\n<p>Llen\u00e7ar menjar, a m\u00e9s malbaratar els recursos naturals, t\u00e8cnics i humans necessaris per a la seva producci\u00f3, implica la generaci\u00f3 de residus, aix\u00ed com el seu impacte i els costos afegits del seu tractament. Aix\u00ed doncs, a l&#8217;hora de prevenir el malbaratament parlem de molt m\u00e9s que de desaprofitar menjar. Parlem d&#8217;una<strong> actitud responsable i cr\u00edtica en el consum<\/strong> i d&#8217;un esfor\u00e7 en reduir la generaci\u00f3 de residus.<\/p>\n\n\n\n<p>Entenem l&#8217;estona de menjador a les escoles com a una oportunitat educativa per a l&#8217;assoliment d&#8217;uns h\u00e0bits alimentaris saludables i d&#8217;habilitats socials. Tenim l&#8217;ocasi\u00f3 de <strong>sensibilitzar les generacions futures en l&#8217;adopci\u00f3 de models sostenibles<\/strong>. Per aix\u00f2, hem considerat l&#8217;oportunitat per a posar en marxa&nbsp;el projecte Pesa i Pensa com a una eina pel desenvolupament d&#8217;una consci\u00e8ncia cr\u00edtica envers el consum d&#8217;aliments i d&#8217;una actitud proactiva en la reducci\u00f3 del malbaratament alimentari i la generaci\u00f3 de residus.<\/p>\n\n\n\n<p>Es va dur a terme una prova pilot del gener al juny de 2014. A partir del segon mes i de manera sostinguda, &nbsp;vam aconseguir una <strong>reducci\u00f3 del 35% en el malbaratament d&#8217;aliments<\/strong> i d&#8217;un 50% en la generaci\u00f3 de residus. Des de llavors el projecte s&#8217;ha implantat a escoles de Catalunya.<\/p>\n","protected":false},"excerpt":{"rendered":"<p>ntenem l&#8217;estona de menjador a les escoles com a una oportunitat educativa per a l&#8217;assoliment d&#8217;uns h\u00e0bits alimentaris saludables i d&#8217;habilitats socials. Tenim l&#8217;ocasi\u00f3 de sensibilitzar les generacions futures en l&#8217;adopci\u00f3 de models sostenibles. Per aix\u00f2, hem considerat l&#8217;oportunitat per a posar en marxa el projecte Pesa i Pensa com a una eina pel desenvolupament d&#8217;una consci\u00e8ncia cr\u00edtica envers el consum d&#8217;aliments i d&#8217;una actitud proactiva en la reducci\u00f3 del malbaratament alimentari i la generaci\u00f3 de residus<\/p>\n","protected":false},"author":1,"featured_media":814,"comment_status":"open","ping_status":"closed","sticky":false,"template":"","format":"standard","meta":{"_bbp_topic_count":0,"_bbp_reply_count":0,"_bbp_total_topic_count":0,"_bbp_total_reply_count":0,"_bbp_voice_count":0,"_bbp_anonymous_reply_count":0,"_bbp_topic_count_hidden":0,"_bbp_reply_count_hidden":0,"_bbp_forum_subforum_count":0,"site-sidebar-layout":"default","site-content-layout":"","ast-site-content-layout":"default","site-content-style":"default","site-sidebar-style":"default","ast-global-header-display":"","ast-banner-title-visibility":"","ast-main-header-display":"","ast-hfb-above-header-display":"","ast-hfb-below-header-display":"","ast-hfb-mobile-header-display":"","site-post-title":"","ast-breadcrumbs-content":"","ast-featured-img":"","footer-sml-layout":"","theme-transparent-header-meta":"","adv-header-id-meta":"","stick-header-meta":"","header-above-stick-meta":"","header-main-stick-meta":"","header-below-stick-meta":"","astra-migrate-meta-layouts":"set","ast-page-background-enabled":"default","ast-page-background-meta":{"desktop":{"background-color":"var(--ast-global-color-4)","background-image":"","background-repeat":"repeat","background-position":"center center","background-size":"auto","background-attachment":"scroll","background-type":"","background-media":"","overlay-type":"","overlay-color":"","overlay-opacity":"","overlay-gradient":""},"tablet":{"background-color":"","background-image":"","background-repeat":"repeat","background-position":"center center","background-size":"auto","background-attachment":"scroll","background-type":"","background-media":"","overlay-type":"","overlay-color":"","overlay-opacity":"","overlay-gradient":""},"mobile":{"background-color":"","background-image":"","background-repeat":"repeat","background-position":"center center","background-size":"auto","background-attachment":"scroll","background-type":"","background-media":"","overlay-type":"","overlay-color":"","overlay-opacity":"","overlay-gradient":""}},"ast-content-background-meta":{"desktop":{"background-color":"var(--ast-global-color-5)","background-image":"","background-repeat":"repeat","background-position":"center center","background-size":"auto","background-attachment":"scroll","background-type":"","background-media":"","overlay-type":"","overlay-color":"","overlay-opacity":"","overlay-gradient":""},"tablet":{"background-color":"var(--ast-global-color-5)","background-image":"","background-repeat":"repeat","background-position":"center center","background-size":"auto","background-attachment":"scroll","background-type":"","background-media":"","overlay-type":"","overlay-color":"","overlay-opacity":"","overlay-gradient":""},"mobile":{"background-color":"var(--ast-global-color-5)","background-image":"","background-repeat":"repeat","background-position":"center center","background-size":"auto","background-attachment":"scroll","background-type":"","background-media":"","overlay-type":"","overlay-color":"","overlay-opacity":"","overlay-gradient":""}},"footnotes":""},"categories":[53,1,61],"tags":[],"class_list":["post-813","post","type-post","status-publish","format-standard","has-post-thumbnail","hentry","category-escolaverda","category-general","category-menjador"],"post_mailing_queue_ids":[],"_links":{"self":[{"href":"https:\/\/agora.xtec.cat\/ceip-sant-domenec-la-rapita\/wp-json\/wp\/v2\/posts\/813","targetHints":{"allow":["GET"]}}],"collection":[{"href":"https:\/\/agora.xtec.cat\/ceip-sant-domenec-la-rapita\/wp-json\/wp\/v2\/posts"}],"about":[{"href":"https:\/\/agora.xtec.cat\/ceip-sant-domenec-la-rapita\/wp-json\/wp\/v2\/types\/post"}],"author":[{"embeddable":true,"href":"https:\/\/agora.xtec.cat\/ceip-sant-domenec-la-rapita\/wp-json\/wp\/v2\/users\/1"}],"replies":[{"embeddable":true,"href":"https:\/\/agora.xtec.cat\/ceip-sant-domenec-la-rapita\/wp-json\/wp\/v2\/comments?post=813"}],"version-history":[{"count":3,"href":"https:\/\/agora.xtec.cat\/ceip-sant-domenec-la-rapita\/wp-json\/wp\/v2\/posts\/813\/revisions"}],"predecessor-version":[{"id":4644,"href":"https:\/\/agora.xtec.cat\/ceip-sant-domenec-la-rapita\/wp-json\/wp\/v2\/posts\/813\/revisions\/4644"}],"wp:featuredmedia":[{"embeddable":true,"href":"https:\/\/agora.xtec.cat\/ceip-sant-domenec-la-rapita\/wp-json\/wp\/v2\/media\/814"}],"wp:attachment":[{"href":"https:\/\/agora.xtec.cat\/ceip-sant-domenec-la-rapita\/wp-json\/wp\/v2\/media?parent=813"}],"wp:term":[{"taxonomy":"category","embeddable":true,"href":"https:\/\/agora.xtec.cat\/ceip-sant-domenec-la-rapita\/wp-json\/wp\/v2\/categories?post=813"},{"taxonomy":"post_tag","embeddable":true,"href":"https:\/\/agora.xtec.cat\/ceip-sant-domenec-la-rapita\/wp-json\/wp\/v2\/tags?post=813"}],"curies":[{"name":"wp","href":"https:\/\/api.w.org\/{rel}","templated":true}]}}