{"id":4995,"date":"2025-07-17T16:22:56","date_gmt":"2025-07-17T14:22:56","guid":{"rendered":"https:\/\/agora.xtec.cat\/ceip-sant-domenec-la-rapita\/?p=4995"},"modified":"2025-07-17T17:04:35","modified_gmt":"2025-07-17T15:04:35","slug":"acollida-curs-25-26","status":"publish","type":"post","link":"https:\/\/agora.xtec.cat\/ceip-sant-domenec-la-rapita\/acollida\/acollida-curs-25-26\/","title":{"rendered":"Acollida curs 25\/26"},"content":{"rendered":"\n<div class=\"wp-block-group is-layout-constrained wp-block-group-is-layout-constrained\">\n<figure class=\"wp-block-image aligncenter size-full\"><a href=\"https:\/\/agora.xtec.cat\/ceip-sant-domenec-la-rapita\/wp-content\/uploads\/usu686\/2020\/10\/Acollida.jpg\"><img loading=\"lazy\" decoding=\"async\" width=\"401\" height=\"366\" src=\"https:\/\/agora.xtec.cat\/ceip-sant-domenec-la-rapita\/wp-content\/uploads\/usu686\/2020\/10\/Acollida.jpg\" alt=\"\" class=\"wp-image-1504\" srcset=\"https:\/\/agora.xtec.cat\/ceip-sant-domenec-la-rapita\/wp-content\/uploads\/usu686\/2020\/10\/Acollida.jpg 401w, https:\/\/agora.xtec.cat\/ceip-sant-domenec-la-rapita\/wp-content\/uploads\/usu686\/2020\/10\/Acollida-300x274.jpg 300w\" sizes=\"auto, (max-width: 401px) 100vw, 401px\" \/><\/a><\/figure>\n<\/div>\n\n\n\n<p>Aquest proper curs hi haur\u00e0&nbsp;<strong>canvis importants al servei d&#8217;acollida<\/strong>&nbsp;de l&#8217;escola:<\/p>\n\n\n\n<ul class=\"wp-block-list\">\n<li>La gesti\u00f3 del servei la far\u00e0 \u00edntegrament&nbsp;<a href=\"https:\/\/www.ellap.cat\/\" target=\"_blank\" rel=\"noreferrer noopener\">l&#8217;Ellap,<\/a>&nbsp;incloent els cobraments. Per incid\u00e8ncies o casos especials us haureu de posar en contacte directament amb l&#8217;Ellap:&nbsp;<\/li>\n<\/ul>\n\n\n\n<div class=\"wp-block-columns is-layout-flex wp-container-core-columns-is-layout-1 wp-block-columns-is-layout-flex\">\n<div class=\"wp-block-column is-layout-flow wp-block-column-is-layout-flow\" style=\"flex-basis:25%\"><\/div>\n\n\n\n<div class=\"wp-block-column is-layout-flow wp-block-column-is-layout-flow\" style=\"flex-basis:50%\">\n<p class=\"has-text-align-center\"><strong>938 17 37 36<\/strong><br><strong><a href=\"mailto:ellap@ellap.cat\" target=\"_blank\" rel=\"noreferrer noopener\">ellap@ellap.cat<\/a><\/strong><br><strong>Carrer de Moret, 62<\/strong><br><strong>08720, Vilafranca del Pened\u00e8s<\/strong><\/p>\n<\/div>\n\n\n\n<div class=\"wp-block-column is-layout-flow wp-block-column-is-layout-flow\" style=\"flex-basis:25%\"><\/div>\n<\/div>\n\n\n\n<ul class=\"wp-block-list\">\n<li>Reducci\u00f3 del horari d&#8217;acollida de les tardes: degut a la poca aflu\u00e8ncia en la \u00faltima mitja hora d&#8217;acollida el proper curs l&#8217;horari quedar\u00e0 redu\u00eft a la seg\u00fcent franja:&nbsp;&nbsp;<strong>16:30 &#8211; 17:30.<\/strong><\/li>\n\n\n\n<li><strong>Noves tarifes<\/strong>, de Setembre a Juny (igual tots els mesos):&nbsp;<\/li>\n<\/ul>\n\n\n\n<p class=\"has-text-align-center\"><br>Acollida mat\u00ed 1 hora: 35\u20ac\/mes<br>Acollida mat\u00ed mitja hora: 25\u20ac\/mes<br>Acollida tarda 1 hora: 35\u20ac\/mes<br>Acollida tarda mitja hora: 25\u20ac\/mes<br>Acollida mati + acollida tarda 1 hora: 60\u20ac\/mes<br>Acollida espor\u00e0dica: 5\u20ac\/hora<\/p>\n\n\n\n<p><strong>Totes les fam\u00edlies s\u00f2cies del AMPA que vulguin fer \u00fas de l&#8217;acollida ja sigui de manera fixa o espor\u00e0dica s&#8217;an dee donar d&#8217;alta en el seg\u00fcent enlla\u00e7<\/strong>:&nbsp;<a href=\"https:\/\/www.ellap.cat\/inscripcions\/acollides\/acollida-escola-la-rapita\" target=\"_blank\" rel=\"noreferrer noopener\">https:\/\/www.ellap.cat\/inscripcions\/acollides\/acollida-escola-la-rapita<\/a><\/p>\n\n\n\n<p><\/p>\n\n\n","protected":false},"excerpt":{"rendered":"<p>Aquest proper curs hi haur\u00e0&nbsp;canvis importants al servei d&#8217;acollida&nbsp;de l&#8217;escola: 938 17 37 36ellap@ellap.catCarrer de Moret, 6208720, Vilafranca del Pened\u00e8s [&hellip;]<\/p>\n","protected":false},"author":16,"featured_media":0,"comment_status":"closed","ping_status":"open","sticky":false,"template":"","format":"standard","meta":{"_bbp_topic_count":0,"_bbp_reply_count":0,"_bbp_total_topic_count":0,"_bbp_total_reply_count":0,"_bbp_voice_count":0,"_bbp_anonymous_reply_count":0,"_bbp_topic_count_hidden":0,"_bbp_reply_count_hidden":0,"_bbp_forum_subforum_count":0,"site-sidebar-layout":"default","site-content-layout":"","ast-site-content-layout":"default","site-content-style":"default","site-sidebar-style":"default","ast-global-header-display":"","ast-banner-title-visibility":"","ast-main-header-display":"","ast-hfb-above-header-display":"","ast-hfb-below-header-display":"","ast-hfb-mobile-header-display":"","site-post-title":"","ast-breadcrumbs-content":"","ast-featured-img":"disabled","footer-sml-layout":"","theme-transparent-header-meta":"","adv-header-id-meta":"","stick-header-meta":"","header-above-stick-meta":"","header-main-stick-meta":"","header-below-stick-meta":"","astra-migrate-meta-layouts":"set","ast-page-background-enabled":"default","ast-page-background-meta":{"desktop":{"background-color":"var(--ast-global-color-4)","background-image":"","background-repeat":"repeat","background-position":"center center","background-size":"auto","background-attachment":"scroll","background-type":"","background-media":"","overlay-type":"","overlay-color":"","overlay-opacity":"","overlay-gradient":""},"tablet":{"background-color":"","background-image":"","background-repeat":"repeat","background-position":"center center","background-size":"auto","background-attachment":"scroll","background-type":"","background-media":"","overlay-type":"","overlay-color":"","overlay-opacity":"","overlay-gradient":""},"mobile":{"background-color":"","background-image":"","background-repeat":"repeat","background-position":"center center","background-size":"auto","background-attachment":"scroll","background-type":"","background-media":"","overlay-type":"","overlay-color":"","overlay-opacity":"","overlay-gradient":""}},"ast-content-background-meta":{"desktop":{"background-color":"var(--ast-global-color-5)","background-image":"","background-repeat":"repeat","background-position":"center center","background-size":"auto","background-attachment":"scroll","background-type":"","background-media":"","overlay-type":"","overlay-color":"","overlay-opacity":"","overlay-gradient":""},"tablet":{"background-color":"var(--ast-global-color-5)","background-image":"","background-repeat":"repeat","background-position":"center center","background-size":"auto","background-attachment":"scroll","background-type":"","background-media":"","overlay-type":"","overlay-color":"","overlay-opacity":"","overlay-gradient":""},"mobile":{"background-color":"var(--ast-global-color-5)","background-image":"","background-repeat":"repeat","background-position":"center center","background-size":"auto","background-attachment":"scroll","background-type":"","background-media":"","overlay-type":"","overlay-color":"","overlay-opacity":"","overlay-gradient":""}},"footnotes":""},"categories":[60],"tags":[],"class_list":["post-4995","post","type-post","status-publish","format-standard","hentry","category-acollida"],"post_mailing_queue_ids":[],"_links":{"self":[{"href":"https:\/\/agora.xtec.cat\/ceip-sant-domenec-la-rapita\/wp-json\/wp\/v2\/posts\/4995","targetHints":{"allow":["GET"]}}],"collection":[{"href":"https:\/\/agora.xtec.cat\/ceip-sant-domenec-la-rapita\/wp-json\/wp\/v2\/posts"}],"about":[{"href":"https:\/\/agora.xtec.cat\/ceip-sant-domenec-la-rapita\/wp-json\/wp\/v2\/types\/post"}],"author":[{"embeddable":true,"href":"https:\/\/agora.xtec.cat\/ceip-sant-domenec-la-rapita\/wp-json\/wp\/v2\/users\/16"}],"replies":[{"embeddable":true,"href":"https:\/\/agora.xtec.cat\/ceip-sant-domenec-la-rapita\/wp-json\/wp\/v2\/comments?post=4995"}],"version-history":[{"count":5,"href":"https:\/\/agora.xtec.cat\/ceip-sant-domenec-la-rapita\/wp-json\/wp\/v2\/posts\/4995\/revisions"}],"predecessor-version":[{"id":5001,"href":"https:\/\/agora.xtec.cat\/ceip-sant-domenec-la-rapita\/wp-json\/wp\/v2\/posts\/4995\/revisions\/5001"}],"wp:attachment":[{"href":"https:\/\/agora.xtec.cat\/ceip-sant-domenec-la-rapita\/wp-json\/wp\/v2\/media?parent=4995"}],"wp:term":[{"taxonomy":"category","embeddable":true,"href":"https:\/\/agora.xtec.cat\/ceip-sant-domenec-la-rapita\/wp-json\/wp\/v2\/categories?post=4995"},{"taxonomy":"post_tag","embeddable":true,"href":"https:\/\/agora.xtec.cat\/ceip-sant-domenec-la-rapita\/wp-json\/wp\/v2\/tags?post=4995"}],"curies":[{"name":"wp","href":"https:\/\/api.w.org\/{rel}","templated":true}]}}