{"id":4955,"date":"2025-05-27T13:43:14","date_gmt":"2025-05-27T11:43:14","guid":{"rendered":"https:\/\/agora.xtec.cat\/ceip-sant-domenec-la-rapita\/?p=4955"},"modified":"2025-05-27T13:43:14","modified_gmt":"2025-05-27T11:43:14","slug":"sortida-a-olerdola","status":"publish","type":"post","link":"https:\/\/agora.xtec.cat\/ceip-sant-domenec-la-rapita\/portada\/sortida-a-olerdola\/","title":{"rendered":"SORTIDA A OL\u00c8RDOLA"},"content":{"rendered":"\n<p>El dijous 22 de maig la classe de 5\u00e8 vam anar al parc natural d\u2019Ol\u00e8rdola. Quan vam arribar hi havia l\u2019Aina (la que ens va fer les primeres activitats)<\/p>\n\n\n\n<p>El m\u00e9s passat, la mateixa noia va vindre a fer-nos una xerrada.<\/p>\n\n\n\n<p>Quan vam arribar ens van ensenyar que hi havia dues parts, dins d\u2019una muralla i fora de la muralla.<\/p>\n\n\n\n<p>Primer vam visitar dins de la muralla i vam fer una activitat per grups en la que hav\u00edem de desxifrar un codi per despr\u00e9s obrir una caixa i explicar als altres grups el que hi havia dins de la caixa Despr\u00e9s vam visitar tot el que hi havia dins de la muralla.&nbsp;<\/p>\n\n\n\n<p>Ens van explicar moltes coses dels romans.<\/p>\n\n\n\n<p>L\u2019Aina va ser la primera profe que ens va ensenyar una esgl\u00e9sia, va ser molt interessant, tamb\u00e9 tombes de nens petits, adolescents, pares i beb\u00e8s.<\/p>\n\n\n\n<p>Despr\u00e9s l\u2019Anna ens va ensenyar la naturalesa que estava fora de la muralla i una \u00e0guila m\u00e9s gran que nosaltres i despr\u00e9s sorolls d\u2019ocells.<\/p>\n\n\n\n<p>Ho vam passar genial, ens vam cassar una mica.<\/p>\n\n\n\n<p>Al final ens van deixar fer una d\u2019olor del parc d\u2019Ol\u00e8rdola i ens van donar un llibre.<\/p>\n\n\n\n<p>Vam caminar molt per una muntanya i tamb\u00e9 vam baixar corriols.<\/p>\n\n\n\n<p>Despr\u00e9s de donar tota una volta vam anar a dinar aleshores vam fer temps lliure i despr\u00e9s d\u2019una hora de temps lliure vam marxar<\/p>\n","protected":false},"excerpt":{"rendered":"<p>El dijous 22 de maig la classe de 5\u00e8 vam anar al parc natural d\u2019Ol\u00e8rdola. Quan vam arribar hi havia [&hellip;]<\/p>\n","protected":false},"author":9,"featured_media":4956,"comment_status":"open","ping_status":"open","sticky":false,"template":"","format":"standard","meta":{"_bbp_topic_count":0,"_bbp_reply_count":0,"_bbp_total_topic_count":0,"_bbp_total_reply_count":0,"_bbp_voice_count":0,"_bbp_anonymous_reply_count":0,"_bbp_topic_count_hidden":0,"_bbp_reply_count_hidden":0,"_bbp_forum_subforum_count":0,"site-sidebar-layout":"default","site-content-layout":"","ast-site-content-layout":"default","site-content-style":"default","site-sidebar-style":"default","ast-global-header-display":"","ast-banner-title-visibility":"","ast-main-header-display":"","ast-hfb-above-header-display":"","ast-hfb-below-header-display":"","ast-hfb-mobile-header-display":"","site-post-title":"","ast-breadcrumbs-content":"","ast-featured-img":"","footer-sml-layout":"","theme-transparent-header-meta":"","adv-header-id-meta":"","stick-header-meta":"","header-above-stick-meta":"","header-main-stick-meta":"","header-below-stick-meta":"","astra-migrate-meta-layouts":"set","ast-page-background-enabled":"default","ast-page-background-meta":{"desktop":{"background-color":"var(--ast-global-color-4)","background-image":"","background-repeat":"repeat","background-position":"center center","background-size":"auto","background-attachment":"scroll","background-type":"","background-media":"","overlay-type":"","overlay-color":"","overlay-opacity":"","overlay-gradient":""},"tablet":{"background-color":"","background-image":"","background-repeat":"repeat","background-position":"center center","background-size":"auto","background-attachment":"scroll","background-type":"","background-media":"","overlay-type":"","overlay-color":"","overlay-opacity":"","overlay-gradient":""},"mobile":{"background-color":"","background-image":"","background-repeat":"repeat","background-position":"center center","background-size":"auto","background-attachment":"scroll","background-type":"","background-media":"","overlay-type":"","overlay-color":"","overlay-opacity":"","overlay-gradient":""}},"ast-content-background-meta":{"desktop":{"background-color":"var(--ast-global-color-5)","background-image":"","background-repeat":"repeat","background-position":"center center","background-size":"auto","background-attachment":"scroll","background-type":"","background-media":"","overlay-type":"","overlay-color":"","overlay-opacity":"","overlay-gradient":""},"tablet":{"background-color":"var(--ast-global-color-5)","background-image":"","background-repeat":"repeat","background-position":"center center","background-size":"auto","background-attachment":"scroll","background-type":"","background-media":"","overlay-type":"","overlay-color":"","overlay-opacity":"","overlay-gradient":""},"mobile":{"background-color":"var(--ast-global-color-5)","background-image":"","background-repeat":"repeat","background-position":"center center","background-size":"auto","background-attachment":"scroll","background-type":"","background-media":"","overlay-type":"","overlay-color":"","overlay-opacity":"","overlay-gradient":""}},"footnotes":""},"categories":[76,4],"tags":[],"class_list":["post-4955","post","type-post","status-publish","format-standard","has-post-thumbnail","hentry","category-cs","category-portada"],"post_mailing_queue_ids":[],"_links":{"self":[{"href":"https:\/\/agora.xtec.cat\/ceip-sant-domenec-la-rapita\/wp-json\/wp\/v2\/posts\/4955","targetHints":{"allow":["GET"]}}],"collection":[{"href":"https:\/\/agora.xtec.cat\/ceip-sant-domenec-la-rapita\/wp-json\/wp\/v2\/posts"}],"about":[{"href":"https:\/\/agora.xtec.cat\/ceip-sant-domenec-la-rapita\/wp-json\/wp\/v2\/types\/post"}],"author":[{"embeddable":true,"href":"https:\/\/agora.xtec.cat\/ceip-sant-domenec-la-rapita\/wp-json\/wp\/v2\/users\/9"}],"replies":[{"embeddable":true,"href":"https:\/\/agora.xtec.cat\/ceip-sant-domenec-la-rapita\/wp-json\/wp\/v2\/comments?post=4955"}],"version-history":[{"count":1,"href":"https:\/\/agora.xtec.cat\/ceip-sant-domenec-la-rapita\/wp-json\/wp\/v2\/posts\/4955\/revisions"}],"predecessor-version":[{"id":4957,"href":"https:\/\/agora.xtec.cat\/ceip-sant-domenec-la-rapita\/wp-json\/wp\/v2\/posts\/4955\/revisions\/4957"}],"wp:featuredmedia":[{"embeddable":true,"href":"https:\/\/agora.xtec.cat\/ceip-sant-domenec-la-rapita\/wp-json\/wp\/v2\/media\/4956"}],"wp:attachment":[{"href":"https:\/\/agora.xtec.cat\/ceip-sant-domenec-la-rapita\/wp-json\/wp\/v2\/media?parent=4955"}],"wp:term":[{"taxonomy":"category","embeddable":true,"href":"https:\/\/agora.xtec.cat\/ceip-sant-domenec-la-rapita\/wp-json\/wp\/v2\/categories?post=4955"},{"taxonomy":"post_tag","embeddable":true,"href":"https:\/\/agora.xtec.cat\/ceip-sant-domenec-la-rapita\/wp-json\/wp\/v2\/tags?post=4955"}],"curies":[{"name":"wp","href":"https:\/\/api.w.org\/{rel}","templated":true}]}}