{"id":4213,"date":"2024-02-29T12:57:16","date_gmt":"2024-02-29T11:57:16","guid":{"rendered":"https:\/\/agora.xtec.cat\/ceip-sant-domenec-la-rapita\/?p=4213"},"modified":"2024-02-29T12:04:32","modified_gmt":"2024-02-29T11:04:32","slug":"treballem-els-salts-a-ef","status":"publish","type":"post","link":"https:\/\/agora.xtec.cat\/ceip-sant-domenec-la-rapita\/general\/treballem-els-salts-a-ef\/","title":{"rendered":"Treballem els salts a EF"},"content":{"rendered":"<p>En les classes d&#8217;educaci\u00f3 f\u00edsica, el treball dels salts s&#8217;ha convertit en una pr\u00e0ctica fonamental per al creixement i el desenvolupament dels estudiants. Aquesta activitat, que abasta una \u00e0mplia gamma de moviments com salts verticals, horitzontals i laterals, est\u00e0 guanyant reconeixement per la seva import\u00e0ncia en el foment de la salut f\u00edsica i el benestar emocional de l\u00b4alumnat..<\/p>\n<p>Segons els experts en educaci\u00f3 f\u00edsica, el treball dels salts no nom\u00e9s millora la condici\u00f3 f\u00edsica dels estudiants, sin\u00f3 que tamb\u00e9 promou el desenvolupament de diverses habilitats essencials. La coordinaci\u00f3, l&#8217;equilibri i la for\u00e7a muscular s\u00f3n nom\u00e9s algunes de les capacitats que es veuen refor\u00e7ades a trav\u00e9s d&#8217;aquesta pr\u00e0ctica.<\/p>\n<p>Els alumnes de 4t han treballat\u00a0 els salts a la sessi\u00f3 d\u00b4avui.<\/p>\n<p>&nbsp;<\/p>\n<p><a href=\"https:\/\/agora.xtec.cat\/ceip-sant-domenec-la-rapita\/?attachment_id=4215\" rel=\"attachment wp-att-4215\"><img loading=\"lazy\" decoding=\"async\" class=\"alignnone size-full wp-image-4215\" src=\"https:\/\/agora.xtec.cat\/ceip-sant-domenec-la-rapita\/wp-content\/uploads\/usu686\/2024\/02\/IMG_4367.jpg\" alt=\"\" width=\"640\" height=\"480\" srcset=\"https:\/\/agora.xtec.cat\/ceip-sant-domenec-la-rapita\/wp-content\/uploads\/usu686\/2024\/02\/IMG_4367.jpg 640w, https:\/\/agora.xtec.cat\/ceip-sant-domenec-la-rapita\/wp-content\/uploads\/usu686\/2024\/02\/IMG_4367-300x225.jpg 300w, https:\/\/agora.xtec.cat\/ceip-sant-domenec-la-rapita\/wp-content\/uploads\/usu686\/2024\/02\/IMG_4367-200x150.jpg 200w\" sizes=\"auto, (max-width: 640px) 100vw, 640px\" \/><\/a><\/p>\n","protected":false},"excerpt":{"rendered":"<p>En les classes d&#8217;educaci\u00f3 f\u00edsica, el treball dels salts s&#8217;ha convertit en una pr\u00e0ctica fonamental per al creixement i el [&hellip;]<\/p>\n","protected":false},"author":1,"featured_media":4215,"comment_status":"open","ping_status":"closed","sticky":false,"template":"","format":"standard","meta":{"_bbp_topic_count":0,"_bbp_reply_count":0,"_bbp_total_topic_count":0,"_bbp_total_reply_count":0,"_bbp_voice_count":0,"_bbp_anonymous_reply_count":0,"_bbp_topic_count_hidden":0,"_bbp_reply_count_hidden":0,"_bbp_forum_subforum_count":0,"site-sidebar-layout":"default","site-content-layout":"","ast-site-content-layout":"","site-content-style":"default","site-sidebar-style":"default","ast-global-header-display":"","ast-banner-title-visibility":"","ast-main-header-display":"","ast-hfb-above-header-display":"","ast-hfb-below-header-display":"","ast-hfb-mobile-header-display":"","site-post-title":"","ast-breadcrumbs-content":"","ast-featured-img":"","footer-sml-layout":"","theme-transparent-header-meta":"","adv-header-id-meta":"","stick-header-meta":"","header-above-stick-meta":"","header-main-stick-meta":"","header-below-stick-meta":"","astra-migrate-meta-layouts":"default","ast-page-background-enabled":"default","ast-page-background-meta":{"desktop":{"background-color":"var(--ast-global-color-4)","background-image":"","background-repeat":"repeat","background-position":"center center","background-size":"auto","background-attachment":"scroll","background-type":"","background-media":"","overlay-type":"","overlay-color":"","overlay-opacity":"","overlay-gradient":""},"tablet":{"background-color":"","background-image":"","background-repeat":"repeat","background-position":"center center","background-size":"auto","background-attachment":"scroll","background-type":"","background-media":"","overlay-type":"","overlay-color":"","overlay-opacity":"","overlay-gradient":""},"mobile":{"background-color":"","background-image":"","background-repeat":"repeat","background-position":"center center","background-size":"auto","background-attachment":"scroll","background-type":"","background-media":"","overlay-type":"","overlay-color":"","overlay-opacity":"","overlay-gradient":""}},"ast-content-background-meta":{"desktop":{"background-color":"var(--ast-global-color-5)","background-image":"","background-repeat":"repeat","background-position":"center center","background-size":"auto","background-attachment":"scroll","background-type":"","background-media":"","overlay-type":"","overlay-color":"","overlay-opacity":"","overlay-gradient":""},"tablet":{"background-color":"var(--ast-global-color-5)","background-image":"","background-repeat":"repeat","background-position":"center center","background-size":"auto","background-attachment":"scroll","background-type":"","background-media":"","overlay-type":"","overlay-color":"","overlay-opacity":"","overlay-gradient":""},"mobile":{"background-color":"var(--ast-global-color-5)","background-image":"","background-repeat":"repeat","background-position":"center center","background-size":"auto","background-attachment":"scroll","background-type":"","background-media":"","overlay-type":"","overlay-color":"","overlay-opacity":"","overlay-gradient":""}},"footnotes":""},"categories":[81,1],"tags":[],"class_list":["post-4213","post","type-post","status-publish","format-standard","has-post-thumbnail","hentry","category-educacio-fisica","category-general"],"post_mailing_queue_ids":[],"_links":{"self":[{"href":"https:\/\/agora.xtec.cat\/ceip-sant-domenec-la-rapita\/wp-json\/wp\/v2\/posts\/4213","targetHints":{"allow":["GET"]}}],"collection":[{"href":"https:\/\/agora.xtec.cat\/ceip-sant-domenec-la-rapita\/wp-json\/wp\/v2\/posts"}],"about":[{"href":"https:\/\/agora.xtec.cat\/ceip-sant-domenec-la-rapita\/wp-json\/wp\/v2\/types\/post"}],"author":[{"embeddable":true,"href":"https:\/\/agora.xtec.cat\/ceip-sant-domenec-la-rapita\/wp-json\/wp\/v2\/users\/1"}],"replies":[{"embeddable":true,"href":"https:\/\/agora.xtec.cat\/ceip-sant-domenec-la-rapita\/wp-json\/wp\/v2\/comments?post=4213"}],"version-history":[{"count":3,"href":"https:\/\/agora.xtec.cat\/ceip-sant-domenec-la-rapita\/wp-json\/wp\/v2\/posts\/4213\/revisions"}],"predecessor-version":[{"id":4217,"href":"https:\/\/agora.xtec.cat\/ceip-sant-domenec-la-rapita\/wp-json\/wp\/v2\/posts\/4213\/revisions\/4217"}],"wp:featuredmedia":[{"embeddable":true,"href":"https:\/\/agora.xtec.cat\/ceip-sant-domenec-la-rapita\/wp-json\/wp\/v2\/media\/4215"}],"wp:attachment":[{"href":"https:\/\/agora.xtec.cat\/ceip-sant-domenec-la-rapita\/wp-json\/wp\/v2\/media?parent=4213"}],"wp:term":[{"taxonomy":"category","embeddable":true,"href":"https:\/\/agora.xtec.cat\/ceip-sant-domenec-la-rapita\/wp-json\/wp\/v2\/categories?post=4213"},{"taxonomy":"post_tag","embeddable":true,"href":"https:\/\/agora.xtec.cat\/ceip-sant-domenec-la-rapita\/wp-json\/wp\/v2\/tags?post=4213"}],"curies":[{"name":"wp","href":"https:\/\/api.w.org\/{rel}","templated":true}]}}