{"id":3659,"date":"2023-01-28T16:49:50","date_gmt":"2023-01-28T15:49:50","guid":{"rendered":"https:\/\/agora.xtec.cat\/ceip-sant-domenec-la-rapita\/?p=3659"},"modified":"2023-01-28T16:49:50","modified_gmt":"2023-01-28T15:49:50","slug":"presentacio-assemblea-general","status":"publish","type":"post","link":"https:\/\/agora.xtec.cat\/ceip-sant-domenec-la-rapita\/portada\/presentacio-assemblea-general\/","title":{"rendered":"Presentaci\u00f3 assemblea general"},"content":{"rendered":"<p>&nbsp;<\/p>\n<p><img loading=\"lazy\" decoding=\"async\" class=\"\" src=\"https:\/\/appampas.es\/domenec\/wp-content\/uploads\/sites\/128\/2023\/01\/Logo-Ampa-PNG-transparent-3.png\" width=\"137\" height=\"125\" \/><\/p>\n<p><span style=\"font-family: Arial, sans-serif\"><span style=\"font-size: small\">El passat divendres dia 20 de gener va tenir lloc l\u2019assemblea anual dels socis de l\u2019AMPA de l\u2019escola , en que es van presentar les principals activitats fetes, l\u2019estat de comptes i per \u00faltim es va presentar la nova junta.<\/span><\/span><\/p>\n<p><span style=\"font-family: Arial, sans-serif\"><span style=\"font-size: small\">En el seg\u00fcent v\u00eddeo podeu consultar la presentaci\u00f3 que la junta va utilitzar per al desenvolupament de l\u2019assemblea.<\/span><\/span><\/p>\n<div style=\"width: 1920px;\" class=\"wp-video\"><!--[if lt IE 9]><script>document.createElement('video');<\/script><![endif]-->\n<video class=\"wp-video-shortcode\" id=\"video-3659-1\" width=\"1920\" height=\"1080\" preload=\"metadata\" controls=\"controls\"><source type=\"video\/mp4\" src=\"https:\/\/agora.xtec.cat\/ceip-sant-domenec-la-rapita\/wp-content\/uploads\/usu686\/2023\/01\/Escola-Sant-Domenec-1.mp4?_=1\" \/><a href=\"https:\/\/agora.xtec.cat\/ceip-sant-domenec-la-rapita\/wp-content\/uploads\/usu686\/2023\/01\/Escola-Sant-Domenec-1.mp4\">https:\/\/agora.xtec.cat\/ceip-sant-domenec-la-rapita\/wp-content\/uploads\/usu686\/2023\/01\/Escola-Sant-Domenec-1.mp4<\/a><\/video><\/div>\n<p>&nbsp;<\/p>\n<p><span style=\"font-family: Arial, sans-serif\"><span style=\"font-size: small\">Pensem que l\u2019assemblea general anual \u00e9s un acte prou important com per fer l\u2019esfor\u00e7 de ser-hi presents, i \u00e9s per aquest motiu que hem de transmetre la nostra\u00a0<\/span><\/span><span style=\"font-family: Arial, sans-serif\"><span style=\"font-size: small\">preocupaci\u00f3 per la poca participaci\u00f3,<\/span><\/span> <span style=\"font-family: Arial, sans-serif\"><span style=\"font-size: small\">fa necessari replantejar la comunicaci\u00f3 de la informaci\u00f3 per aconseguir una major implicaci\u00f3 dels socis en el funcionament dels serveis. Sense AMPA, part de les activitats del centre que no s\u00f3n estrictament lectives, no serien possible.<\/span><\/span><\/p>\n<p><span style=\"font-family: Arial, sans-serif\"><span style=\"font-size: small\">Necessitem pares i mares com tu que vulguin participar a les nostres reunions, preparacions de festes i plantejament de solucions o alternatives davant dels reptes que ens proposa l\u2019etapa educativa dels nostres fills i filles. <\/span><\/span><\/p>\n<p><span style=\"font-family: Arial, sans-serif\"><span style=\"font-size: small\">Vine a una de les nostres reunions de l\u2019AMPA, estan obertes a tothom. Cadasc\u00fa participa segons la seva disponibilitat i predisposici\u00f3. Tots els que participem a l\u2019AMPA som voluntaris i cadasc\u00fa hi participa segons les seves possibilitats. <\/span><\/span><\/p>\n<p><span style=\"font-family: Arial, sans-serif;font-size: 18pt\">ANIMA\u2019T, faltes tu!!<\/span><\/p>\n","protected":false},"excerpt":{"rendered":"<p>&nbsp; El passat divendres dia 20 de gener va tenir lloc l\u2019assemblea anual dels socis de l\u2019AMPA de l\u2019escola , [&hellip;]<\/p>\n","protected":false},"author":16,"featured_media":3661,"comment_status":"open","ping_status":"closed","sticky":false,"template":"","format":"standard","meta":{"_bbp_topic_count":0,"_bbp_reply_count":0,"_bbp_total_topic_count":0,"_bbp_total_reply_count":0,"_bbp_voice_count":0,"_bbp_anonymous_reply_count":0,"_bbp_topic_count_hidden":0,"_bbp_reply_count_hidden":0,"_bbp_forum_subforum_count":0,"site-sidebar-layout":"default","site-content-layout":"","ast-site-content-layout":"","site-content-style":"default","site-sidebar-style":"default","ast-global-header-display":"","ast-banner-title-visibility":"","ast-main-header-display":"","ast-hfb-above-header-display":"","ast-hfb-below-header-display":"","ast-hfb-mobile-header-display":"","site-post-title":"","ast-breadcrumbs-content":"","ast-featured-img":"","footer-sml-layout":"","theme-transparent-header-meta":"","adv-header-id-meta":"","stick-header-meta":"","header-above-stick-meta":"","header-main-stick-meta":"","header-below-stick-meta":"","astra-migrate-meta-layouts":"default","ast-page-background-enabled":"default","ast-page-background-meta":{"desktop":{"background-color":"var(--ast-global-color-4)","background-image":"","background-repeat":"repeat","background-position":"center center","background-size":"auto","background-attachment":"scroll","background-type":"","background-media":"","overlay-type":"","overlay-color":"","overlay-opacity":"","overlay-gradient":""},"tablet":{"background-color":"","background-image":"","background-repeat":"repeat","background-position":"center center","background-size":"auto","background-attachment":"scroll","background-type":"","background-media":"","overlay-type":"","overlay-color":"","overlay-opacity":"","overlay-gradient":""},"mobile":{"background-color":"","background-image":"","background-repeat":"repeat","background-position":"center center","background-size":"auto","background-attachment":"scroll","background-type":"","background-media":"","overlay-type":"","overlay-color":"","overlay-opacity":"","overlay-gradient":""}},"ast-content-background-meta":{"desktop":{"background-color":"var(--ast-global-color-5)","background-image":"","background-repeat":"repeat","background-position":"center center","background-size":"auto","background-attachment":"scroll","background-type":"","background-media":"","overlay-type":"","overlay-color":"","overlay-opacity":"","overlay-gradient":""},"tablet":{"background-color":"var(--ast-global-color-5)","background-image":"","background-repeat":"repeat","background-position":"center center","background-size":"auto","background-attachment":"scroll","background-type":"","background-media":"","overlay-type":"","overlay-color":"","overlay-opacity":"","overlay-gradient":""},"mobile":{"background-color":"var(--ast-global-color-5)","background-image":"","background-repeat":"repeat","background-position":"center center","background-size":"auto","background-attachment":"scroll","background-type":"","background-media":"","overlay-type":"","overlay-color":"","overlay-opacity":"","overlay-gradient":""}},"footnotes":""},"categories":[7,4],"tags":[174,173],"class_list":["post-3659","post","type-post","status-publish","format-standard","has-post-thumbnail","hentry","category-ampa","category-portada","tag-lampainformai","tag-lampamesaprop"],"post_mailing_queue_ids":[],"_links":{"self":[{"href":"https:\/\/agora.xtec.cat\/ceip-sant-domenec-la-rapita\/wp-json\/wp\/v2\/posts\/3659","targetHints":{"allow":["GET"]}}],"collection":[{"href":"https:\/\/agora.xtec.cat\/ceip-sant-domenec-la-rapita\/wp-json\/wp\/v2\/posts"}],"about":[{"href":"https:\/\/agora.xtec.cat\/ceip-sant-domenec-la-rapita\/wp-json\/wp\/v2\/types\/post"}],"author":[{"embeddable":true,"href":"https:\/\/agora.xtec.cat\/ceip-sant-domenec-la-rapita\/wp-json\/wp\/v2\/users\/16"}],"replies":[{"embeddable":true,"href":"https:\/\/agora.xtec.cat\/ceip-sant-domenec-la-rapita\/wp-json\/wp\/v2\/comments?post=3659"}],"version-history":[{"count":2,"href":"https:\/\/agora.xtec.cat\/ceip-sant-domenec-la-rapita\/wp-json\/wp\/v2\/posts\/3659\/revisions"}],"predecessor-version":[{"id":3663,"href":"https:\/\/agora.xtec.cat\/ceip-sant-domenec-la-rapita\/wp-json\/wp\/v2\/posts\/3659\/revisions\/3663"}],"wp:featuredmedia":[{"embeddable":true,"href":"https:\/\/agora.xtec.cat\/ceip-sant-domenec-la-rapita\/wp-json\/wp\/v2\/media\/3661"}],"wp:attachment":[{"href":"https:\/\/agora.xtec.cat\/ceip-sant-domenec-la-rapita\/wp-json\/wp\/v2\/media?parent=3659"}],"wp:term":[{"taxonomy":"category","embeddable":true,"href":"https:\/\/agora.xtec.cat\/ceip-sant-domenec-la-rapita\/wp-json\/wp\/v2\/categories?post=3659"},{"taxonomy":"post_tag","embeddable":true,"href":"https:\/\/agora.xtec.cat\/ceip-sant-domenec-la-rapita\/wp-json\/wp\/v2\/tags?post=3659"}],"curies":[{"name":"wp","href":"https:\/\/api.w.org\/{rel}","templated":true}]}}