{"id":3516,"date":"2022-10-07T11:22:34","date_gmt":"2022-10-07T09:22:34","guid":{"rendered":"https:\/\/agora.xtec.cat\/ceip-sant-domenec-la-rapita\/?p=3516"},"modified":"2022-10-07T12:55:37","modified_gmt":"2022-10-07T10:55:37","slug":"projecte-rius","status":"publish","type":"post","link":"https:\/\/agora.xtec.cat\/ceip-sant-domenec-la-rapita\/general\/projecte-rius\/","title":{"rendered":"PROJECTE RIUS"},"content":{"rendered":"<p>&nbsp;<\/p>\n<p style=\"text-align: center;\"><a href=\"https:\/\/agora.xtec.cat\/ceip-sant-domenec-la-rapita\/general\/projecte-rius\/attachment\/whatsapp-image-2022-10-07-at-11-08-53\/\" rel=\"attachment wp-att-3518\"><img loading=\"lazy\" decoding=\"async\" class=\"alignnone size-medium wp-image-3518\" src=\"https:\/\/agora.xtec.cat\/ceip-sant-domenec-la-rapita\/wp-content\/uploads\/usu686\/2022\/10\/WhatsApp-Image-2022-10-07-at-11.08.53-225x300.jpeg\" alt=\"\" width=\"225\" height=\"300\" srcset=\"https:\/\/agora.xtec.cat\/ceip-sant-domenec-la-rapita\/wp-content\/uploads\/usu686\/2022\/10\/WhatsApp-Image-2022-10-07-at-11.08.53-225x300.jpeg 225w, https:\/\/agora.xtec.cat\/ceip-sant-domenec-la-rapita\/wp-content\/uploads\/usu686\/2022\/10\/WhatsApp-Image-2022-10-07-at-11.08.53-768x1024.jpeg 768w, https:\/\/agora.xtec.cat\/ceip-sant-domenec-la-rapita\/wp-content\/uploads\/usu686\/2022\/10\/WhatsApp-Image-2022-10-07-at-11.08.53-1152x1536.jpeg 1152w, https:\/\/agora.xtec.cat\/ceip-sant-domenec-la-rapita\/wp-content\/uploads\/usu686\/2022\/10\/WhatsApp-Image-2022-10-07-at-11.08.53.jpeg 1200w\" sizes=\"auto, (max-width: 225px) 100vw, 225px\" \/><\/a><\/p>\n<p><strong>El Projecte Rius \u00e9s una iniciativa de l\u2019Associaci\u00f3 H\u00e0bitat<\/strong>, una entitat sense afany de lucre que des del 1997 treballa per apropar les persones als rius i les rieres.<\/p>\n<p>Com a escola fa m\u00e9s de vint anys que hi participem.El tram que estudiem \u00e9s a prop de les Masses .Despr\u00e9s de fer una observaci\u00f3 del voltants ( fauna, vegetaci\u00f3, deixalles, escuma, substrat&#8230;) passem a calcular valors com el cabal , la velocitat de l&#8217;aigua, la profunditat i\u00a0 la temperatura.Tamb\u00e9 mirem el PH de l&#8217; aigua, la seva concentraci\u00f3 de nitrogen i d&#8217;oxigen. Finalment busquem els animals que hi ha a l&#8217; aigua perqu\u00e8 s\u00f3n uns bioindicadors\u00a0 molt importants. sobre l&#8217; estat del riu.<\/p>\n<p>Agra\u00efm a la Montse i a l&#8217; Anna ( Mol\u00ed del Foix) la seva inestimable ajuda.<\/p>\n<p>El projecte neix al Departament d\u2019Ecologia de la Universitat de Barcelona (Facultat de Biologia), on professorat i alumnes conceben una iniciativa que combina la vessant ambiental amb la social, ideant aix\u00ed un gran projecte de participaci\u00f3 ciutadana i de voluntariat ambiental per l&#8217;an\u00e0lisi, seguiment i millora dels <strong>ecosistemes fluvials.<\/strong><\/p>\n<p>El Projecte Rius basa la seva tasca en tres pilars fonamentals:<\/p>\n<ul>\n<li>La import\u00e0ncia de\u00a0<strong>l\u2019educaci\u00f3<\/strong>\u00a0per con\u00e8ixer millor els ecosistemes aqu\u00e0tics.<\/li>\n<li>La const\u00e0ncia del treball del\u00a0<strong>voluntariat<\/strong>, que vetlla per la conservaci\u00f3 d\u2019un tram de riu a l\u2019\u00e0mbit local.<\/li>\n<li>El foment de la\u00a0<strong>participaci\u00f3<\/strong>\u00a0ciutadana, com a eina fonamental que ens condueix cap a una societat m\u00e9s conscient i capacitada per emprendre accions de protecci\u00f3 i millora d\u2019aquests ecosistemes.<\/li>\n<\/ul>\n","protected":false},"excerpt":{"rendered":"<p>&nbsp; El Projecte Rius \u00e9s una iniciativa de l\u2019Associaci\u00f3 H\u00e0bitat, una entitat sense afany de lucre que des del 1997 [&hellip;]<\/p>\n","protected":false},"author":1,"featured_media":3518,"comment_status":"open","ping_status":"closed","sticky":false,"template":"","format":"standard","meta":{"_bbp_topic_count":0,"_bbp_reply_count":0,"_bbp_total_topic_count":0,"_bbp_total_reply_count":0,"_bbp_voice_count":0,"_bbp_anonymous_reply_count":0,"_bbp_topic_count_hidden":0,"_bbp_reply_count_hidden":0,"_bbp_forum_subforum_count":0,"site-sidebar-layout":"default","site-content-layout":"","ast-site-content-layout":"","site-content-style":"default","site-sidebar-style":"default","ast-global-header-display":"","ast-banner-title-visibility":"","ast-main-header-display":"","ast-hfb-above-header-display":"","ast-hfb-below-header-display":"","ast-hfb-mobile-header-display":"","site-post-title":"","ast-breadcrumbs-content":"","ast-featured-img":"","footer-sml-layout":"","theme-transparent-header-meta":"","adv-header-id-meta":"","stick-header-meta":"","header-above-stick-meta":"","header-main-stick-meta":"","header-below-stick-meta":"","astra-migrate-meta-layouts":"default","ast-page-background-enabled":"default","ast-page-background-meta":{"desktop":{"background-color":"var(--ast-global-color-4)","background-image":"","background-repeat":"repeat","background-position":"center center","background-size":"auto","background-attachment":"scroll","background-type":"","background-media":"","overlay-type":"","overlay-color":"","overlay-opacity":"","overlay-gradient":""},"tablet":{"background-color":"","background-image":"","background-repeat":"repeat","background-position":"center center","background-size":"auto","background-attachment":"scroll","background-type":"","background-media":"","overlay-type":"","overlay-color":"","overlay-opacity":"","overlay-gradient":""},"mobile":{"background-color":"","background-image":"","background-repeat":"repeat","background-position":"center center","background-size":"auto","background-attachment":"scroll","background-type":"","background-media":"","overlay-type":"","overlay-color":"","overlay-opacity":"","overlay-gradient":""}},"ast-content-background-meta":{"desktop":{"background-color":"var(--ast-global-color-5)","background-image":"","background-repeat":"repeat","background-position":"center center","background-size":"auto","background-attachment":"scroll","background-type":"","background-media":"","overlay-type":"","overlay-color":"","overlay-opacity":"","overlay-gradient":""},"tablet":{"background-color":"var(--ast-global-color-5)","background-image":"","background-repeat":"repeat","background-position":"center center","background-size":"auto","background-attachment":"scroll","background-type":"","background-media":"","overlay-type":"","overlay-color":"","overlay-opacity":"","overlay-gradient":""},"mobile":{"background-color":"var(--ast-global-color-5)","background-image":"","background-repeat":"repeat","background-position":"center center","background-size":"auto","background-attachment":"scroll","background-type":"","background-media":"","overlay-type":"","overlay-color":"","overlay-opacity":"","overlay-gradient":""}},"footnotes":""},"categories":[76,53,1,4,94,52],"tags":[],"class_list":["post-3516","post","type-post","status-publish","format-standard","has-post-thumbnail","hentry","category-cs","category-escolaverda","category-general","category-portada","category-science","category-steam"],"post_mailing_queue_ids":[],"_links":{"self":[{"href":"https:\/\/agora.xtec.cat\/ceip-sant-domenec-la-rapita\/wp-json\/wp\/v2\/posts\/3516","targetHints":{"allow":["GET"]}}],"collection":[{"href":"https:\/\/agora.xtec.cat\/ceip-sant-domenec-la-rapita\/wp-json\/wp\/v2\/posts"}],"about":[{"href":"https:\/\/agora.xtec.cat\/ceip-sant-domenec-la-rapita\/wp-json\/wp\/v2\/types\/post"}],"author":[{"embeddable":true,"href":"https:\/\/agora.xtec.cat\/ceip-sant-domenec-la-rapita\/wp-json\/wp\/v2\/users\/1"}],"replies":[{"embeddable":true,"href":"https:\/\/agora.xtec.cat\/ceip-sant-domenec-la-rapita\/wp-json\/wp\/v2\/comments?post=3516"}],"version-history":[{"count":3,"href":"https:\/\/agora.xtec.cat\/ceip-sant-domenec-la-rapita\/wp-json\/wp\/v2\/posts\/3516\/revisions"}],"predecessor-version":[{"id":3521,"href":"https:\/\/agora.xtec.cat\/ceip-sant-domenec-la-rapita\/wp-json\/wp\/v2\/posts\/3516\/revisions\/3521"}],"wp:featuredmedia":[{"embeddable":true,"href":"https:\/\/agora.xtec.cat\/ceip-sant-domenec-la-rapita\/wp-json\/wp\/v2\/media\/3518"}],"wp:attachment":[{"href":"https:\/\/agora.xtec.cat\/ceip-sant-domenec-la-rapita\/wp-json\/wp\/v2\/media?parent=3516"}],"wp:term":[{"taxonomy":"category","embeddable":true,"href":"https:\/\/agora.xtec.cat\/ceip-sant-domenec-la-rapita\/wp-json\/wp\/v2\/categories?post=3516"},{"taxonomy":"post_tag","embeddable":true,"href":"https:\/\/agora.xtec.cat\/ceip-sant-domenec-la-rapita\/wp-json\/wp\/v2\/tags?post=3516"}],"curies":[{"name":"wp","href":"https:\/\/api.w.org\/{rel}","templated":true}]}}