{"id":3392,"date":"2022-05-31T11:41:57","date_gmt":"2022-05-31T09:41:57","guid":{"rendered":"https:\/\/agora.xtec.cat\/ceip-sant-domenec-la-rapita\/?p=3392"},"modified":"2022-05-31T11:44:56","modified_gmt":"2022-05-31T09:44:56","slug":"inscripcions-al-sopar-de-final-de-curs-2022","status":"publish","type":"post","link":"https:\/\/agora.xtec.cat\/ceip-sant-domenec-la-rapita\/portada\/inscripcions-al-sopar-de-final-de-curs-2022\/","title":{"rendered":"Inscripcions al SOPAR DE FINAL DE CURS 2022"},"content":{"rendered":"<p>#LAmpaInforma\u2139\ufe0f<br \/>\n#LAmpaM\u00e9sAProp<\/p>\n<p>Aquest any per fi hem recuperat la tradicional <strong>Festa De Final De Curs <\/strong>de la nostra Escola Sant Dom\u00e8nec.<\/p>\n<p>I amb la nostra Festa tamb\u00e9 tenim el Gran Sopar De Final de Curs a c\u00e0rrec de l&#8217;Empresa Campos Estela.<\/p>\n<p>Esperem que aquesta convocatoria del Sopar De Final De Curs\ud83c\udf7d\ufe0f 2022 sigui l&#8217;excusa perfecta per que tota la comunitat ens apleguem com anys enrere per fer el comiat d&#8217;aquest curs 2021-22.<\/p>\n<p>Aqu\u00ed teniu l&#8217;enlla\u00e7 per apuntar-vos fins el 6 de juny! <a href=\"https:\/\/forms.gle\/KtbaMSvFQWdJcwvH9\">Inscripcions al sopar de final de curs<\/a><\/p>\n<p>IMPORTANT: Tingueu present que haureu de deixar const\u00e0ncia de qualsevol al\u00b7l\u00e8rgia o intoler\u00e0ncia alimentaria per poder gaudir d&#8217;un men\u00fa adaptat a les vostres necessitats.<\/p>\n<p><a href=\"https:\/\/agora.xtec.cat\/ceip-sant-domenec-la-rapita\/wp-content\/uploads\/usu686\/2022\/05\/Festa-Final-de-Curs-Menu-2021-22-2.png\"><img loading=\"lazy\" decoding=\"async\" class=\"alignnone size-large wp-image-3393\" src=\"https:\/\/agora.xtec.cat\/ceip-sant-domenec-la-rapita\/wp-content\/uploads\/usu686\/2022\/05\/Festa-Final-de-Curs-Menu-2021-22-2-724x1024.png\" alt=\"\" width=\"724\" height=\"1024\" srcset=\"https:\/\/agora.xtec.cat\/ceip-sant-domenec-la-rapita\/wp-content\/uploads\/usu686\/2022\/05\/Festa-Final-de-Curs-Menu-2021-22-2-724x1024.png 724w, https:\/\/agora.xtec.cat\/ceip-sant-domenec-la-rapita\/wp-content\/uploads\/usu686\/2022\/05\/Festa-Final-de-Curs-Menu-2021-22-2-212x300.png 212w, https:\/\/agora.xtec.cat\/ceip-sant-domenec-la-rapita\/wp-content\/uploads\/usu686\/2022\/05\/Festa-Final-de-Curs-Menu-2021-22-2-768x1086.png 768w, https:\/\/agora.xtec.cat\/ceip-sant-domenec-la-rapita\/wp-content\/uploads\/usu686\/2022\/05\/Festa-Final-de-Curs-Menu-2021-22-2-1086x1536.png 1086w, https:\/\/agora.xtec.cat\/ceip-sant-domenec-la-rapita\/wp-content\/uploads\/usu686\/2022\/05\/Festa-Final-de-Curs-Menu-2021-22-2.png 1414w\" sizes=\"auto, (max-width: 724px) 100vw, 724px\" \/><\/a><\/p>\n","protected":false},"excerpt":{"rendered":"<p>Us fem arribar els men\u00fas i l&#8217;enlla\u00e7 d&#8217;inscripci\u00f3 (fins el 6 de juny) del Sopar de la Festa de Final de curs 2022 <\/p>\n","protected":false},"author":16,"featured_media":3393,"comment_status":"open","ping_status":"closed","sticky":false,"template":"","format":"standard","meta":{"_bbp_topic_count":0,"_bbp_reply_count":0,"_bbp_total_topic_count":0,"_bbp_total_reply_count":0,"_bbp_voice_count":0,"_bbp_anonymous_reply_count":0,"_bbp_topic_count_hidden":0,"_bbp_reply_count_hidden":0,"_bbp_forum_subforum_count":0,"site-sidebar-layout":"default","site-content-layout":"","ast-site-content-layout":"","site-content-style":"default","site-sidebar-style":"default","ast-global-header-display":"","ast-banner-title-visibility":"","ast-main-header-display":"","ast-hfb-above-header-display":"","ast-hfb-below-header-display":"","ast-hfb-mobile-header-display":"","site-post-title":"","ast-breadcrumbs-content":"","ast-featured-img":"","footer-sml-layout":"","theme-transparent-header-meta":"","adv-header-id-meta":"","stick-header-meta":"","header-above-stick-meta":"","header-main-stick-meta":"","header-below-stick-meta":"","astra-migrate-meta-layouts":"default","ast-page-background-enabled":"default","ast-page-background-meta":{"desktop":{"background-color":"var(--ast-global-color-4)","background-image":"","background-repeat":"repeat","background-position":"center center","background-size":"auto","background-attachment":"scroll","background-type":"","background-media":"","overlay-type":"","overlay-color":"","overlay-opacity":"","overlay-gradient":""},"tablet":{"background-color":"","background-image":"","background-repeat":"repeat","background-position":"center center","background-size":"auto","background-attachment":"scroll","background-type":"","background-media":"","overlay-type":"","overlay-color":"","overlay-opacity":"","overlay-gradient":""},"mobile":{"background-color":"","background-image":"","background-repeat":"repeat","background-position":"center center","background-size":"auto","background-attachment":"scroll","background-type":"","background-media":"","overlay-type":"","overlay-color":"","overlay-opacity":"","overlay-gradient":""}},"ast-content-background-meta":{"desktop":{"background-color":"var(--ast-global-color-5)","background-image":"","background-repeat":"repeat","background-position":"center center","background-size":"auto","background-attachment":"scroll","background-type":"","background-media":"","overlay-type":"","overlay-color":"","overlay-opacity":"","overlay-gradient":""},"tablet":{"background-color":"var(--ast-global-color-5)","background-image":"","background-repeat":"repeat","background-position":"center center","background-size":"auto","background-attachment":"scroll","background-type":"","background-media":"","overlay-type":"","overlay-color":"","overlay-opacity":"","overlay-gradient":""},"mobile":{"background-color":"var(--ast-global-color-5)","background-image":"","background-repeat":"repeat","background-position":"center center","background-size":"auto","background-attachment":"scroll","background-type":"","background-media":"","overlay-type":"","overlay-color":"","overlay-opacity":"","overlay-gradient":""}},"footnotes":""},"categories":[7,65,4],"tags":[132,168,169],"class_list":["post-3392","post","type-post","status-publish","format-standard","has-post-thumbnail","hentry","category-ampa","category-informacions-de-lampa","category-portada","tag-curs-2021-22","tag-inscripcions","tag-sopar-final-de-curs"],"post_mailing_queue_ids":[],"_links":{"self":[{"href":"https:\/\/agora.xtec.cat\/ceip-sant-domenec-la-rapita\/wp-json\/wp\/v2\/posts\/3392","targetHints":{"allow":["GET"]}}],"collection":[{"href":"https:\/\/agora.xtec.cat\/ceip-sant-domenec-la-rapita\/wp-json\/wp\/v2\/posts"}],"about":[{"href":"https:\/\/agora.xtec.cat\/ceip-sant-domenec-la-rapita\/wp-json\/wp\/v2\/types\/post"}],"author":[{"embeddable":true,"href":"https:\/\/agora.xtec.cat\/ceip-sant-domenec-la-rapita\/wp-json\/wp\/v2\/users\/16"}],"replies":[{"embeddable":true,"href":"https:\/\/agora.xtec.cat\/ceip-sant-domenec-la-rapita\/wp-json\/wp\/v2\/comments?post=3392"}],"version-history":[{"count":3,"href":"https:\/\/agora.xtec.cat\/ceip-sant-domenec-la-rapita\/wp-json\/wp\/v2\/posts\/3392\/revisions"}],"predecessor-version":[{"id":3396,"href":"https:\/\/agora.xtec.cat\/ceip-sant-domenec-la-rapita\/wp-json\/wp\/v2\/posts\/3392\/revisions\/3396"}],"wp:featuredmedia":[{"embeddable":true,"href":"https:\/\/agora.xtec.cat\/ceip-sant-domenec-la-rapita\/wp-json\/wp\/v2\/media\/3393"}],"wp:attachment":[{"href":"https:\/\/agora.xtec.cat\/ceip-sant-domenec-la-rapita\/wp-json\/wp\/v2\/media?parent=3392"}],"wp:term":[{"taxonomy":"category","embeddable":true,"href":"https:\/\/agora.xtec.cat\/ceip-sant-domenec-la-rapita\/wp-json\/wp\/v2\/categories?post=3392"},{"taxonomy":"post_tag","embeddable":true,"href":"https:\/\/agora.xtec.cat\/ceip-sant-domenec-la-rapita\/wp-json\/wp\/v2\/tags?post=3392"}],"curies":[{"name":"wp","href":"https:\/\/api.w.org\/{rel}","templated":true}]}}