{"id":3362,"date":"2022-05-25T18:50:07","date_gmt":"2022-05-25T16:50:07","guid":{"rendered":"https:\/\/agora.xtec.cat\/ceip-sant-domenec-la-rapita\/?p=3362"},"modified":"2022-05-28T17:19:44","modified_gmt":"2022-05-28T15:19:44","slug":"telenoticies","status":"publish","type":"post","link":"https:\/\/agora.xtec.cat\/ceip-sant-domenec-la-rapita\/portada\/telenoticies\/","title":{"rendered":"Telenoticies"},"content":{"rendered":"<p>A la classe de catal\u00e0 , l&#8217;alumnat de 4t hem treballat la not\u00edcia, l&#8217;entrevista i el llenguatge period\u00edstic.<\/p>\n<p>Ens vam\u00a0engrescar al segon trimestre a preparar un telenot\u00edcies. Com que a la classe som molts nens i nenes vam decidir fer-ne dos.<\/p>\n<p>Les entrevistes les vam fer a alumnes, mestres, monitores de menjador i fins i tot a la cinera.<\/p>\n<p>Vam haver de pensar quines preguntes vol\u00edem fer . Despr\u00e9s de preparar-les b\u00e9 vam gravar les entrevistes i vam editar els telenot\u00edcies amb ajuda de la Silvia.. Va ser una experi\u00e8ncia molt positiva tot i que l&#8217;activitat ens va portar for\u00e7a dedicaci\u00f3 i temps.<\/p>\n<p>Podeu visualitzar els dos TN que es van grabar i esperem que us agradin molt.<\/p>\n<p><img loading=\"lazy\" decoding=\"async\" class=\"aligncenter\" src=\"https:\/\/media.istockphoto.com\/vectors\/microphone-drawing-vector-id1160024484\" alt=\"Ilustraci\u00f3n de Dibujo De Micr\u00f3fono y m\u00e1s Vectores Libres de Derechos de Colorido - iStock\" width=\"210\" height=\"185\" \/><\/p>\n<p><a href=\"https:\/\/drive.google.com\/file\/d\/1gib_9HTBu2mVXTLoC3D2zJ-GafeQH13b\/view?usp=sharing\">https:\/\/drive.google.com\/file\/d\/1gib_9HTBu2mVXTLoC3D2zJ-GafeQH13b\/view?usp=sharing<\/a><\/p>\n<p><a href=\"https:\/\/drive.google.com\/file\/d\/1gdgVIjEUYJTun9-lNDJjyhPWXEXesv1k\/view?usp=sharing\">https:\/\/drive.google.com\/file\/d\/1gdgVIjEUYJTun9-lNDJjyhPWXEXesv1k\/view?usp=sharing<\/a><\/p>\n<p>&nbsp;<\/p>\n<p>&nbsp;<\/p>\n<p>#tvreporters<\/p>\n<p>&nbsp;<\/p>\n<p>&nbsp;<\/p>\n","protected":false},"excerpt":{"rendered":"<p>A la classe de catal\u00e0 , l&#8217;alumnat de 4t hem treballat la not\u00edcia, l&#8217;entrevista i el llenguatge period\u00edstic. Ens vam\u00a0engrescar [&hellip;]<\/p>\n","protected":false},"author":1,"featured_media":3364,"comment_status":"closed","ping_status":"closed","sticky":false,"template":"","format":"standard","meta":{"_bbp_topic_count":0,"_bbp_reply_count":0,"_bbp_total_topic_count":0,"_bbp_total_reply_count":0,"_bbp_voice_count":0,"_bbp_anonymous_reply_count":0,"_bbp_topic_count_hidden":0,"_bbp_reply_count_hidden":0,"_bbp_forum_subforum_count":0,"site-sidebar-layout":"default","site-content-layout":"","ast-site-content-layout":"","site-content-style":"default","site-sidebar-style":"default","ast-global-header-display":"","ast-banner-title-visibility":"","ast-main-header-display":"","ast-hfb-above-header-display":"","ast-hfb-below-header-display":"","ast-hfb-mobile-header-display":"","site-post-title":"","ast-breadcrumbs-content":"","ast-featured-img":"","footer-sml-layout":"","theme-transparent-header-meta":"","adv-header-id-meta":"","stick-header-meta":"","header-above-stick-meta":"","header-main-stick-meta":"","header-below-stick-meta":"","astra-migrate-meta-layouts":"default","ast-page-background-enabled":"default","ast-page-background-meta":{"desktop":{"background-color":"var(--ast-global-color-4)","background-image":"","background-repeat":"repeat","background-position":"center center","background-size":"auto","background-attachment":"scroll","background-type":"","background-media":"","overlay-type":"","overlay-color":"","overlay-opacity":"","overlay-gradient":""},"tablet":{"background-color":"","background-image":"","background-repeat":"repeat","background-position":"center center","background-size":"auto","background-attachment":"scroll","background-type":"","background-media":"","overlay-type":"","overlay-color":"","overlay-opacity":"","overlay-gradient":""},"mobile":{"background-color":"","background-image":"","background-repeat":"repeat","background-position":"center center","background-size":"auto","background-attachment":"scroll","background-type":"","background-media":"","overlay-type":"","overlay-color":"","overlay-opacity":"","overlay-gradient":""}},"ast-content-background-meta":{"desktop":{"background-color":"var(--ast-global-color-5)","background-image":"","background-repeat":"repeat","background-position":"center center","background-size":"auto","background-attachment":"scroll","background-type":"","background-media":"","overlay-type":"","overlay-color":"","overlay-opacity":"","overlay-gradient":""},"tablet":{"background-color":"var(--ast-global-color-5)","background-image":"","background-repeat":"repeat","background-position":"center center","background-size":"auto","background-attachment":"scroll","background-type":"","background-media":"","overlay-type":"","overlay-color":"","overlay-opacity":"","overlay-gradient":""},"mobile":{"background-color":"var(--ast-global-color-5)","background-image":"","background-repeat":"repeat","background-position":"center center","background-size":"auto","background-attachment":"scroll","background-type":"","background-media":"","overlay-type":"","overlay-color":"","overlay-opacity":"","overlay-gradient":""}},"footnotes":""},"categories":[75,146,73,4,52],"tags":[158,159,167],"class_list":["post-3362","post","type-post","status-publish","format-standard","has-post-thumbnail","hentry","category-4t","category-canal-de-reporters","category-cm","category-portada","category-steam","tag-canaldereporters","tag-escolasantdomenec","tag-tvreporters"],"post_mailing_queue_ids":[],"_links":{"self":[{"href":"https:\/\/agora.xtec.cat\/ceip-sant-domenec-la-rapita\/wp-json\/wp\/v2\/posts\/3362","targetHints":{"allow":["GET"]}}],"collection":[{"href":"https:\/\/agora.xtec.cat\/ceip-sant-domenec-la-rapita\/wp-json\/wp\/v2\/posts"}],"about":[{"href":"https:\/\/agora.xtec.cat\/ceip-sant-domenec-la-rapita\/wp-json\/wp\/v2\/types\/post"}],"author":[{"embeddable":true,"href":"https:\/\/agora.xtec.cat\/ceip-sant-domenec-la-rapita\/wp-json\/wp\/v2\/users\/1"}],"replies":[{"embeddable":true,"href":"https:\/\/agora.xtec.cat\/ceip-sant-domenec-la-rapita\/wp-json\/wp\/v2\/comments?post=3362"}],"version-history":[{"count":4,"href":"https:\/\/agora.xtec.cat\/ceip-sant-domenec-la-rapita\/wp-json\/wp\/v2\/posts\/3362\/revisions"}],"predecessor-version":[{"id":3386,"href":"https:\/\/agora.xtec.cat\/ceip-sant-domenec-la-rapita\/wp-json\/wp\/v2\/posts\/3362\/revisions\/3386"}],"wp:featuredmedia":[{"embeddable":true,"href":"https:\/\/agora.xtec.cat\/ceip-sant-domenec-la-rapita\/wp-json\/wp\/v2\/media\/3364"}],"wp:attachment":[{"href":"https:\/\/agora.xtec.cat\/ceip-sant-domenec-la-rapita\/wp-json\/wp\/v2\/media?parent=3362"}],"wp:term":[{"taxonomy":"category","embeddable":true,"href":"https:\/\/agora.xtec.cat\/ceip-sant-domenec-la-rapita\/wp-json\/wp\/v2\/categories?post=3362"},{"taxonomy":"post_tag","embeddable":true,"href":"https:\/\/agora.xtec.cat\/ceip-sant-domenec-la-rapita\/wp-json\/wp\/v2\/tags?post=3362"}],"curies":[{"name":"wp","href":"https:\/\/api.w.org\/{rel}","templated":true}]}}