{"id":1783,"date":"2020-11-03T15:49:16","date_gmt":"2020-11-03T14:49:16","guid":{"rendered":"http:\/\/agora.xtec.cat\/ceip-sant-domenec-la-rapita\/?p=1783"},"modified":"2020-11-03T15:49:16","modified_gmt":"2020-11-03T14:49:16","slug":"i-continuem-sent-solidaris","status":"publish","type":"post","link":"https:\/\/agora.xtec.cat\/ceip-sant-domenec-la-rapita\/families-a-lescola\/i-continuem-sent-solidaris\/","title":{"rendered":"I continuem&#8230; Sent solidaris!"},"content":{"rendered":"<p><a href=\"https:\/\/agora.xtec.cat\/ceip-sant-domenec-la-rapita\/wp-content\/uploads\/usu686\/2020\/11\/Solidaritat.jpg\"><img loading=\"lazy\" decoding=\"async\" class=\"wp-image-1784 aligncenter\" src=\"https:\/\/agora.xtec.cat\/ceip-sant-domenec-la-rapita\/wp-content\/uploads\/usu686\/2020\/11\/Solidaritat.jpg\" alt=\"\" width=\"335\" height=\"269\" srcset=\"https:\/\/agora.xtec.cat\/ceip-sant-domenec-la-rapita\/wp-content\/uploads\/usu686\/2020\/11\/Solidaritat.jpg 453w, https:\/\/agora.xtec.cat\/ceip-sant-domenec-la-rapita\/wp-content\/uploads\/usu686\/2020\/11\/Solidaritat-300x241.jpg 300w\" sizes=\"auto, (max-width: 335px) 100vw, 335px\" \/><\/a><\/p>\n<p>Hola Fam\u00edlies de l&#8217;Escola Santa Dom\u00e8nec de la R\u00e0pita ! \ud83d\ude01<\/p>\n<p>A causa de la situacio\u0301 sanita\u0300ria, e\u0301s inviable realitzar el nostres berenars solidaris anuals en benefici a la Marat\u00f3 de tv3.<\/p>\n<p>No obstant aixo\u0300, no volem que aquest any es quedin sense la nostra ajuda; per tant, des de la junta de l&#8217;<em><strong>AMPA Escola Sant Dom\u00e8nec<\/strong><\/em>\u00a0hem estat romiant i us volem compartir 3 maneres que tindreu per col\u2022laborar amb la\u00a0<em><strong>Marat\u00f3 de tv3:<\/strong><\/em><\/p>\n<ol>\n<li>Tindreu disponible les\u00a0<em><strong>guardioles solidaries<\/strong>\u00a0<\/em>al centre on la comunitat podr\u00e0 fer la seva aportaci\u00f3.<\/li>\n<li>La donaci\u00f3 de l&#8217;euro solidari de la venda de\u00a0<em><strong>lo<\/strong><strong>teria\u00a0de Nadal,<\/strong><\/em>\u00a0d&#8217;aquest any anir\u00e0 destinada a la Marat\u00f3.<\/li>\n<li>Com a novetat us volem proposar una <em><strong>cursa virtual indoor (1 km)\u00a0<\/strong><\/em>per\u00a0fer en familia el mateix dia de la Marat\u00f3 (<em>20 de desembre<\/em>) ja que en aquesta situaci\u00f3 d&#8217;excepcionalitat sanit\u00e0ria, i davant de la necessitat d&#8217;avan\u00e7ar en la recerca de la\u00a0<em>Covid-19<\/em>\u00a0tots ens em de sumar, perqu\u00e8 com diu l&#8217;slogan\u00a0<em><strong>&#8220;Aquesta Marat\u00f3 per la Covid-19 toca a tothom&#8221;.<\/strong><\/em><\/li>\n<\/ol>\n<p>Sempre e\u0301s molt important ser solidari, pero\u0300 aquest any me\u0301s encara.<\/p>\n<p>Entre tots ajudarem a que amb la investigaci\u00f3 es poguin trobar tractaments.<\/p>\n<p>Us continuarem informant.\u00a0<em>SUMA-T&#8217;HI<\/em>! Us hi esperem !!!!!! \ud83d\ude4f\ud83c\udffc\ud83d\udcaa\ud83c\udffb\ud83d\udc4f\ud83c\udffb<\/p>\n<p><strong><em>#SomSolidaris<\/em><\/strong><\/p>\n","protected":false},"excerpt":{"rendered":"<p>Per col\u2022laborar amb la\u00a0Marat\u00f3 de tv3, tindreu disponible: les\u00a0guardioles solidaries, la donaci\u00f3 de l&#8217;euro solidari de la venda de\u00a0loteria\u00a0de Nadal i com a novetat us volem proposar una\u00a0cursa virtual indoor (1 km)\u00a0per\u00a0fer en familia el mateix dia de la Marat\u00f3 (20 de desembre) ja que en aquesta situaci\u00f3 d&#8217;excepcionalitat sanit\u00e0ria, i davant de la necessitat d&#8217;avan\u00e7ar en la recerca de la\u00a0Covid-19\u00a0tots ens em de sumar, perqu\u00e8 com diu l&#8217;slogan\u00a0&#8220;Aquesta Marat\u00f3 per la Covid-19 toca a tothom&#8221;.<\/p>\n","protected":false},"author":16,"featured_media":1784,"comment_status":"open","ping_status":"closed","sticky":false,"template":"","format":"standard","meta":{"_bbp_topic_count":0,"_bbp_reply_count":0,"_bbp_total_topic_count":0,"_bbp_total_reply_count":0,"_bbp_voice_count":0,"_bbp_anonymous_reply_count":0,"_bbp_topic_count_hidden":0,"_bbp_reply_count_hidden":0,"_bbp_forum_subforum_count":0,"site-sidebar-layout":"default","site-content-layout":"","ast-site-content-layout":"","site-content-style":"default","site-sidebar-style":"default","ast-global-header-display":"","ast-banner-title-visibility":"","ast-main-header-display":"","ast-hfb-above-header-display":"","ast-hfb-below-header-display":"","ast-hfb-mobile-header-display":"","site-post-title":"","ast-breadcrumbs-content":"","ast-featured-img":"","footer-sml-layout":"","theme-transparent-header-meta":"","adv-header-id-meta":"","stick-header-meta":"","header-above-stick-meta":"","header-main-stick-meta":"","header-below-stick-meta":"","astra-migrate-meta-layouts":"default","ast-page-background-enabled":"default","ast-page-background-meta":{"desktop":{"background-color":"var(--ast-global-color-4)","background-image":"","background-repeat":"repeat","background-position":"center center","background-size":"auto","background-attachment":"scroll","background-type":"","background-media":"","overlay-type":"","overlay-color":"","overlay-opacity":"","overlay-gradient":""},"tablet":{"background-color":"","background-image":"","background-repeat":"repeat","background-position":"center center","background-size":"auto","background-attachment":"scroll","background-type":"","background-media":"","overlay-type":"","overlay-color":"","overlay-opacity":"","overlay-gradient":""},"mobile":{"background-color":"","background-image":"","background-repeat":"repeat","background-position":"center center","background-size":"auto","background-attachment":"scroll","background-type":"","background-media":"","overlay-type":"","overlay-color":"","overlay-opacity":"","overlay-gradient":""}},"ast-content-background-meta":{"desktop":{"background-color":"var(--ast-global-color-5)","background-image":"","background-repeat":"repeat","background-position":"center center","background-size":"auto","background-attachment":"scroll","background-type":"","background-media":"","overlay-type":"","overlay-color":"","overlay-opacity":"","overlay-gradient":""},"tablet":{"background-color":"var(--ast-global-color-5)","background-image":"","background-repeat":"repeat","background-position":"center center","background-size":"auto","background-attachment":"scroll","background-type":"","background-media":"","overlay-type":"","overlay-color":"","overlay-opacity":"","overlay-gradient":""},"mobile":{"background-color":"var(--ast-global-color-5)","background-image":"","background-repeat":"repeat","background-position":"center center","background-size":"auto","background-attachment":"scroll","background-type":"","background-media":"","overlay-type":"","overlay-color":"","overlay-opacity":"","overlay-gradient":""}},"footnotes":""},"categories":[57,65],"tags":[116,117],"class_list":["post-1783","post","type-post","status-publish","format-standard","has-post-thumbnail","hentry","category-families-a-lescola","category-informacions-de-lampa","tag-la-marato","tag-som-solidaris"],"post_mailing_queue_ids":[],"_links":{"self":[{"href":"https:\/\/agora.xtec.cat\/ceip-sant-domenec-la-rapita\/wp-json\/wp\/v2\/posts\/1783","targetHints":{"allow":["GET"]}}],"collection":[{"href":"https:\/\/agora.xtec.cat\/ceip-sant-domenec-la-rapita\/wp-json\/wp\/v2\/posts"}],"about":[{"href":"https:\/\/agora.xtec.cat\/ceip-sant-domenec-la-rapita\/wp-json\/wp\/v2\/types\/post"}],"author":[{"embeddable":true,"href":"https:\/\/agora.xtec.cat\/ceip-sant-domenec-la-rapita\/wp-json\/wp\/v2\/users\/16"}],"replies":[{"embeddable":true,"href":"https:\/\/agora.xtec.cat\/ceip-sant-domenec-la-rapita\/wp-json\/wp\/v2\/comments?post=1783"}],"version-history":[{"count":3,"href":"https:\/\/agora.xtec.cat\/ceip-sant-domenec-la-rapita\/wp-json\/wp\/v2\/posts\/1783\/revisions"}],"predecessor-version":[{"id":1787,"href":"https:\/\/agora.xtec.cat\/ceip-sant-domenec-la-rapita\/wp-json\/wp\/v2\/posts\/1783\/revisions\/1787"}],"wp:featuredmedia":[{"embeddable":true,"href":"https:\/\/agora.xtec.cat\/ceip-sant-domenec-la-rapita\/wp-json\/wp\/v2\/media\/1784"}],"wp:attachment":[{"href":"https:\/\/agora.xtec.cat\/ceip-sant-domenec-la-rapita\/wp-json\/wp\/v2\/media?parent=1783"}],"wp:term":[{"taxonomy":"category","embeddable":true,"href":"https:\/\/agora.xtec.cat\/ceip-sant-domenec-la-rapita\/wp-json\/wp\/v2\/categories?post=1783"},{"taxonomy":"post_tag","embeddable":true,"href":"https:\/\/agora.xtec.cat\/ceip-sant-domenec-la-rapita\/wp-json\/wp\/v2\/tags?post=1783"}],"curies":[{"name":"wp","href":"https:\/\/api.w.org\/{rel}","templated":true}]}}