{"id":70,"count":14,"description":"<table>\r\n<tbody>\r\n<tr>\r\n<td><a href=\"https:\/\/agora.xtec.cat\/ceip-sant-domenec-la-rapita\/categoria\/primaria\/ci\/\"><img class=\"alignnone wp-image-863 size-full\" src=\"https:\/\/agora.xtec.cat\/ceip-sant-domenec-la-rapita\/wp-content\/uploads\/usu686\/2020\/06\/Captura-de-Pantalla-2020-06-21-a-les-1.08.00-e1592694944978.png\" alt=\"\" width=\"70\" height=\"56\" \/><\/a><\/td>\r\n<td><a href=\"https:\/\/agora.xtec.cat\/ceip-sant-domenec-la-rapita\/categoria\/primaria\/ci\/\"><img class=\"alignnone wp-image-855 size-full\" src=\"https:\/\/agora.xtec.cat\/ceip-sant-domenec-la-rapita\/wp-content\/uploads\/usu686\/2020\/06\/Captura-de-Pantalla-2020-06-21-a-les-1.08.15-e1592694981398.png\" alt=\"\" width=\"70\" height=\"54\" \/><\/a><\/td>\r\n<td><a href=\"https:\/\/agora.xtec.cat\/ceip-sant-domenec-la-rapita\/categoria\/primaria\/cm\/\"><img class=\"alignnone wp-image-857 size-full\" src=\"https:\/\/agora.xtec.cat\/ceip-sant-domenec-la-rapita\/wp-content\/uploads\/usu686\/2020\/06\/Captura-de-Pantalla-2020-06-21-a-les-1.08.34-e1592695034785.png\" alt=\"\" width=\"70\" height=\"55\" \/><\/a><\/td>\r\n<td><a href=\"https:\/\/agora.xtec.cat\/ceip-sant-domenec-la-rapita\/categoria\/primaria\/cm\/\"><img class=\"alignnone wp-image-860 size-full\" src=\"https:\/\/agora.xtec.cat\/ceip-sant-domenec-la-rapita\/wp-content\/uploads\/usu686\/2020\/06\/Captura-de-Pantalla-2020-06-21-a-les-1.08.56-e1592695098305.png\" alt=\"\" width=\"70\" height=\"56\" \/><\/a><\/td>\r\n<td><a href=\"https:\/\/agora.xtec.cat\/ceip-sant-domenec-la-rapita\/categoria\/primaria\/cs\/\"><img class=\"alignnone wp-image-862 size-full\" src=\"https:\/\/agora.xtec.cat\/ceip-sant-domenec-la-rapita\/wp-content\/uploads\/usu686\/2020\/06\/Captura-de-Pantalla-2020-06-21-a-les-1.09.22-e1592695127536.png\" alt=\"\" width=\"70\" height=\"56\" \/><\/a><\/td>\r\n<td><a href=\"https:\/\/agora.xtec.cat\/ceip-sant-domenec-la-rapita\/categoria\/primaria\/cs\/\"><img class=\"alignnone wp-image-864 size-full\" src=\"https:\/\/agora.xtec.cat\/ceip-sant-domenec-la-rapita\/wp-content\/uploads\/usu686\/2020\/06\/Captura-de-Pantalla-2020-06-21-a-les-1.09.54-e1592695160889.png\" alt=\"\" width=\"70\" height=\"54\" \/><\/a><\/td>\r\n<\/tr>\r\n<\/tbody>\r\n<\/table>\r\nL'<strong>Educaci\u00f3 Prim\u00e0ria<\/strong> compr\u00e8n sis cursos acad\u00e8mics, des dels 6 als 12 anys, i t\u00e9 car\u00e0cter obligatori. Aquesta \u00e9s la primera etapa obligat\u00f2ria del sistema educatiu per la qual cosa s'han d'incorporar-hi tots els nens de 6 anys independentment de si han realitzat o no l'educaci\u00f3 infantil.\r\n\r\nLa seva <strong>finalitat <\/strong>\u00e9s facilitar aprenentatges com l'expressi\u00f3 i la comprensi\u00f3 oral, l'escriptura, la lectura, el c\u00e0lcul, l'adquisici\u00f3 de nocions b\u00e0siques de la cultura, els h\u00e0bits de conviv\u00e8ncia, estudi i treball, el sentit art\u00edstic, la creativitat i l'afectivitat; amb la finalitat de garantir\u00a0a l'alumnat una formaci\u00f3 integral i preparar-lo\u00a0per a l'<a href=\"https:\/\/www.educaweb.cat\/continguts\/educatius\/sistema-educatiu\/educacio-secundaria-obligatoria-eso\/\">Educaci\u00f3 Secund\u00e0ria Obligat\u00f2ria<\/a>.\r\n\r\nLa <strong>metodologia <\/strong>did\u00e0ctica t\u00e9 un car\u00e0cter personal i s'adapta als diferents ritmes d'aprenentatge de cada infant.","link":"https:\/\/agora.xtec.cat\/ceip-sant-domenec-la-rapita\/categoria\/primaria\/","name":"PRIM\u00c0RIA","slug":"primaria","taxonomy":"category","parent":0,"meta":[],"_links":{"self":[{"href":"https:\/\/agora.xtec.cat\/ceip-sant-domenec-la-rapita\/wp-json\/wp\/v2\/categories\/70","targetHints":{"allow":["GET"]}}],"collection":[{"href":"https:\/\/agora.xtec.cat\/ceip-sant-domenec-la-rapita\/wp-json\/wp\/v2\/categories"}],"about":[{"href":"https:\/\/agora.xtec.cat\/ceip-sant-domenec-la-rapita\/wp-json\/wp\/v2\/taxonomies\/category"}],"wp:post_type":[{"href":"https:\/\/agora.xtec.cat\/ceip-sant-domenec-la-rapita\/wp-json\/wp\/v2\/posts?categories=70"}],"curies":[{"name":"wp","href":"https:\/\/api.w.org\/{rel}","templated":true}]}}