{"id":67,"count":0,"description":"<div class=\"page\" title=\"Page 1\">\r\n<div class=\"layoutArea\">\r\n<div class=\"column\">\r\n<table>\r\n<tbody>\r\n<tr>\r\n<td><a href=\"https:\/\/agora.xtec.cat\/ceip-sant-domenec-la-rapita\/categoria\/infantil\/p3\/\"><img class=\"alignnone wp-image-861 size-full\" src=\"https:\/\/agora.xtec.cat\/ceip-sant-domenec-la-rapita\/wp-content\/uploads\/usu686\/2020\/06\/Captura-de-Pantalla-2020-06-21-a-les-1.07.39-e1592694748570.png\" alt=\"\" width=\"70\" height=\"55\" \/><\/a><\/td>\r\n<td><img class=\"alignnone wp-image-859 size-full\" src=\"https:\/\/agora.xtec.cat\/ceip-sant-domenec-la-rapita\/wp-content\/uploads\/usu686\/2020\/06\/Captura-de-Pantalla-2020-06-21-a-les-1.07.15-e1592694824843.png\" alt=\"\" width=\"70\" height=\"55\" \/><\/td>\r\n<td><img class=\"alignnone wp-image-858 size-full\" src=\"https:\/\/agora.xtec.cat\/ceip-sant-domenec-la-rapita\/wp-content\/uploads\/usu686\/2020\/06\/Captura-de-Pantalla-2020-06-21-a-les-1.06.52-e1592694899322.png\" alt=\"\" width=\"70\" height=\"56\" \/><\/td>\r\n<td><img class=\"alignnone wp-image-863 size-full\" src=\"https:\/\/agora.xtec.cat\/ceip-sant-domenec-la-rapita\/wp-content\/uploads\/usu686\/2020\/06\/Captura-de-Pantalla-2020-06-21-a-les-1.08.00-e1592694944978.png\" alt=\"\" width=\"70\" height=\"56\" \/><\/td>\r\n<td><img class=\"alignnone wp-image-855 size-full\" src=\"https:\/\/agora.xtec.cat\/ceip-sant-domenec-la-rapita\/wp-content\/uploads\/usu686\/2020\/06\/Captura-de-Pantalla-2020-06-21-a-les-1.08.15-e1592694981398.png\" alt=\"\" width=\"70\" height=\"54\" \/><\/td>\r\n<td><img class=\"alignnone wp-image-857 size-full\" src=\"https:\/\/agora.xtec.cat\/ceip-sant-domenec-la-rapita\/wp-content\/uploads\/usu686\/2020\/06\/Captura-de-Pantalla-2020-06-21-a-les-1.08.34-e1592695034785.png\" alt=\"\" width=\"70\" height=\"55\" \/><\/td>\r\n<td><img class=\"alignnone wp-image-860 size-full\" src=\"https:\/\/agora.xtec.cat\/ceip-sant-domenec-la-rapita\/wp-content\/uploads\/usu686\/2020\/06\/Captura-de-Pantalla-2020-06-21-a-les-1.08.56-e1592695098305.png\" alt=\"\" width=\"70\" height=\"56\" \/><\/td>\r\n<td><img class=\"alignnone wp-image-862 size-full\" src=\"https:\/\/agora.xtec.cat\/ceip-sant-domenec-la-rapita\/wp-content\/uploads\/usu686\/2020\/06\/Captura-de-Pantalla-2020-06-21-a-les-1.09.22-e1592695127536.png\" alt=\"\" width=\"70\" height=\"56\" \/><\/td>\r\n<td><img class=\"alignnone wp-image-864 size-full\" src=\"https:\/\/agora.xtec.cat\/ceip-sant-domenec-la-rapita\/wp-content\/uploads\/usu686\/2020\/06\/Captura-de-Pantalla-2020-06-21-a-les-1.09.54-e1592695160889.png\" alt=\"\" width=\"70\" height=\"54\" \/><\/td>\r\n<\/tr>\r\n<\/tbody>\r\n<\/table>\r\nEl sistema educatiu estableix l\u2019obligatorietat d\u2019escolaritzaci\u00f3 de tot l\u2019alumnat fins als 16 anys i est\u00e0 organitzat per etapes.\r\nA l'escola oferim Educaci\u00f3 Infantil i \u00a0Educaci\u00f3 Prim\u00e0ria.\r\n\r\nL\u2019Educaci\u00f3 Infantil abra\u00e7a dos cicles fins als 6 anys. L\u2019Educaci\u00f3 Prim\u00e0ria compr\u00e8n tres cicles entre els 6 i els 12 anys.\r\nEl catal\u00e0 \u00e9s la llengua normalment emprada com a llengua vehicular i d'aprenentatge del sistema educatiu.\r\n\r\nEl curr\u00edculum escolar garanteix el ple domini de les lleng\u00fces oficials catal\u00e0 i castell\u00e0 Tamb\u00e9 garantim dintre de la nostra escola, un coneixement adequat de l'angl\u00e8s ja que part de les hores marcades pel sistema educatiu tamb\u00e9 es relitza Science, una part de l' assignatura de Coneixement del Medi.\r\n\r\n<\/div>\r\n<\/div>\r\n<\/div>","link":"https:\/\/agora.xtec.cat\/ceip-sant-domenec-la-rapita\/categoria\/nivells\/","name":"NIVELLS","slug":"nivells","taxonomy":"category","parent":0,"meta":[],"_links":{"self":[{"href":"https:\/\/agora.xtec.cat\/ceip-sant-domenec-la-rapita\/wp-json\/wp\/v2\/categories\/67","targetHints":{"allow":["GET"]}}],"collection":[{"href":"https:\/\/agora.xtec.cat\/ceip-sant-domenec-la-rapita\/wp-json\/wp\/v2\/categories"}],"about":[{"href":"https:\/\/agora.xtec.cat\/ceip-sant-domenec-la-rapita\/wp-json\/wp\/v2\/taxonomies\/category"}],"wp:post_type":[{"href":"https:\/\/agora.xtec.cat\/ceip-sant-domenec-la-rapita\/wp-json\/wp\/v2\/posts?categories=67"}],"curies":[{"name":"wp","href":"https:\/\/api.w.org\/{rel}","templated":true}]}}