{"id":175,"count":5,"description":"<p style=\"text-align: center;\"><a href=\"https:\/\/agora.xtec.cat\/ceip-sant-domenec-la-rapita\/logo-radio\/\" rel=\"attachment wp-att-3993\"><img class=\"alignnone wp-image-3993 size-medium\" src=\"https:\/\/agora.xtec.cat\/ceip-sant-domenec-la-rapita\/wp-content\/uploads\/usu686\/2023\/09\/Logo-ra\u0300dio-300x212.png\" alt=\"\" width=\"300\" height=\"212\" \/><\/a><\/p>\r\nR\u00e0dio Rapia a\u00a0 l\u2019escola Sant Dom\u00e8nec de la R\u00e0pita, a Sta. Margarida i els Monjos (Alt Pened\u00e8s).\r\n\u00c9s un equipament educatiu i cultural, obert a la comunitat educativa, gestionat per una comissi\u00f3 de r\u00e0dio on participen alumnes i mestres, respectu\u00f3s amb tothom i que t\u00e9 \"un estil de r\u00e0dio\u201d, una manera de fer r\u00e0dio que obeeix a una intenci\u00f3 educativa.","link":"https:\/\/agora.xtec.cat\/ceip-sant-domenec-la-rapita\/categoria\/radio\/","name":"R\u00c0DIO R\u00c0PIA","slug":"radio","taxonomy":"category","parent":0,"meta":[],"_links":{"self":[{"href":"https:\/\/agora.xtec.cat\/ceip-sant-domenec-la-rapita\/wp-json\/wp\/v2\/categories\/175","targetHints":{"allow":["GET"]}}],"collection":[{"href":"https:\/\/agora.xtec.cat\/ceip-sant-domenec-la-rapita\/wp-json\/wp\/v2\/categories"}],"about":[{"href":"https:\/\/agora.xtec.cat\/ceip-sant-domenec-la-rapita\/wp-json\/wp\/v2\/taxonomies\/category"}],"wp:post_type":[{"href":"https:\/\/agora.xtec.cat\/ceip-sant-domenec-la-rapita\/wp-json\/wp\/v2\/posts?categories=175"}],"curies":[{"name":"wp","href":"https:\/\/api.w.org\/{rel}","templated":true}]}}