{"id":9539,"date":"2026-04-29T11:47:57","date_gmt":"2026-04-29T09:47:57","guid":{"rendered":"https:\/\/agora.xtec.cat\/ceip-salvador-espriu-roda\/?p=9539"},"modified":"2026-04-29T11:47:57","modified_gmt":"2026-04-29T09:47:57","slug":"i-tu-sabries-que-fer-en-cas-demergencia-%f0%9f%9a%a8%f0%9f%a4%94","status":"publish","type":"post","link":"https:\/\/agora.xtec.cat\/ceip-salvador-espriu-roda\/general\/i-tu-sabries-que-fer-en-cas-demergencia-%f0%9f%9a%a8%f0%9f%a4%94\/","title":{"rendered":"I tu, sabries qu\u00e8 fer en cas d&#8217;emerg\u00e8ncia? \ud83d\udea8\ud83e\udd14"},"content":{"rendered":"<p>Hola fam\u00edlies!<\/p>\n<p>Ahir l&#8217;alumnat de 3r i 4t va aprendre que mantenir la calma i saber els passos a seguir pot marcar la difer\u00e8ncia. Gr\u00e0cies a la xerrada de Protecci\u00f3 Civil, ara estem molt m\u00e9s preparats i preparades per identificar riscos i reaccionar correctament.<\/p>\n<p>Gr\u00e0cies per la vostra visita i per formar futurs ciutadans conscients i preparats! \ud83d\udc4f\u2728<\/p>\n\n\t\t<style type=\"text\/css\">\n\t\t\t#gallery-1 {\n\t\t\t\tmargin: auto;\n\t\t\t}\n\t\t\t#gallery-1 .gallery-item {\n\t\t\t\tfloat: left;\n\t\t\t\tmargin-top: 10px;\n\t\t\t\ttext-align: center;\n\t\t\t\twidth: 25%;\n\t\t\t}\n\t\t\t#gallery-1 img {\n\t\t\t\tborder: 2px solid #cfcfcf;\n\t\t\t}\n\t\t\t#gallery-1 .gallery-caption {\n\t\t\t\tmargin-left: 0;\n\t\t\t}\n\t\t\t\/* see gallery_shortcode() in wp-includes\/media.php *\/\n\t\t<\/style>\n\t\t<div id='gallery-1' class='gallery galleryid-9539 gallery-columns-4 gallery-size-medium'><dl class='gallery-item'>\n\t\t\t<dt class='gallery-icon portrait'>\n\t\t\t\t<a href='https:\/\/agora.xtec.cat\/ceip-salvador-espriu-roda\/general\/i-tu-sabries-que-fer-en-cas-demergencia-%f0%9f%9a%a8%f0%9f%a4%94\/attachment\/whatsapp-image-2026-04-28-at-15-34-51-1\/'><img loading=\"lazy\" decoding=\"async\" width=\"225\" height=\"300\" src=\"https:\/\/agora.xtec.cat\/ceip-salvador-espriu-roda\/wp-content\/uploads\/usu1367\/2026\/04\/WhatsApp-Image-2026-04-28-at-15.34.51-1-225x300.jpeg\" class=\"attachment-medium size-medium\" alt=\"\" srcset=\"https:\/\/agora.xtec.cat\/ceip-salvador-espriu-roda\/wp-content\/uploads\/usu1367\/2026\/04\/WhatsApp-Image-2026-04-28-at-15.34.51-1-225x300.jpeg 225w, https:\/\/agora.xtec.cat\/ceip-salvador-espriu-roda\/wp-content\/uploads\/usu1367\/2026\/04\/WhatsApp-Image-2026-04-28-at-15.34.51-1-768x1024.jpeg 768w, https:\/\/agora.xtec.cat\/ceip-salvador-espriu-roda\/wp-content\/uploads\/usu1367\/2026\/04\/WhatsApp-Image-2026-04-28-at-15.34.51-1-1152x1536.jpeg 1152w, https:\/\/agora.xtec.cat\/ceip-salvador-espriu-roda\/wp-content\/uploads\/usu1367\/2026\/04\/WhatsApp-Image-2026-04-28-at-15.34.51-1.jpeg 1200w\" sizes=\"auto, (max-width: 225px) 100vw, 225px\" \/><\/a>\n\t\t\t<\/dt><\/dl><dl class='gallery-item'>\n\t\t\t<dt class='gallery-icon portrait'>\n\t\t\t\t<a href='https:\/\/agora.xtec.cat\/ceip-salvador-espriu-roda\/general\/i-tu-sabries-que-fer-en-cas-demergencia-%f0%9f%9a%a8%f0%9f%a4%94\/attachment\/whatsapp-image-2026-04-28-at-15-34-51\/'><img loading=\"lazy\" decoding=\"async\" width=\"225\" height=\"300\" src=\"https:\/\/agora.xtec.cat\/ceip-salvador-espriu-roda\/wp-content\/uploads\/usu1367\/2026\/04\/WhatsApp-Image-2026-04-28-at-15.34.51-225x300.jpeg\" class=\"attachment-medium size-medium\" alt=\"\" srcset=\"https:\/\/agora.xtec.cat\/ceip-salvador-espriu-roda\/wp-content\/uploads\/usu1367\/2026\/04\/WhatsApp-Image-2026-04-28-at-15.34.51-225x300.jpeg 225w, https:\/\/agora.xtec.cat\/ceip-salvador-espriu-roda\/wp-content\/uploads\/usu1367\/2026\/04\/WhatsApp-Image-2026-04-28-at-15.34.51-768x1024.jpeg 768w, https:\/\/agora.xtec.cat\/ceip-salvador-espriu-roda\/wp-content\/uploads\/usu1367\/2026\/04\/WhatsApp-Image-2026-04-28-at-15.34.51-1152x1536.jpeg 1152w, https:\/\/agora.xtec.cat\/ceip-salvador-espriu-roda\/wp-content\/uploads\/usu1367\/2026\/04\/WhatsApp-Image-2026-04-28-at-15.34.51.jpeg 1200w\" sizes=\"auto, (max-width: 225px) 100vw, 225px\" \/><\/a>\n\t\t\t<\/dt><\/dl><dl class='gallery-item'>\n\t\t\t<dt class='gallery-icon portrait'>\n\t\t\t\t<a href='https:\/\/agora.xtec.cat\/ceip-salvador-espriu-roda\/general\/i-tu-sabries-que-fer-en-cas-demergencia-%f0%9f%9a%a8%f0%9f%a4%94\/attachment\/whatsapp-image-2026-04-28-at-13-34-28\/'><img loading=\"lazy\" decoding=\"async\" width=\"225\" height=\"300\" src=\"https:\/\/agora.xtec.cat\/ceip-salvador-espriu-roda\/wp-content\/uploads\/usu1367\/2026\/04\/WhatsApp-Image-2026-04-28-at-13.34.28-225x300.jpeg\" class=\"attachment-medium size-medium\" alt=\"\" srcset=\"https:\/\/agora.xtec.cat\/ceip-salvador-espriu-roda\/wp-content\/uploads\/usu1367\/2026\/04\/WhatsApp-Image-2026-04-28-at-13.34.28-225x300.jpeg 225w, https:\/\/agora.xtec.cat\/ceip-salvador-espriu-roda\/wp-content\/uploads\/usu1367\/2026\/04\/WhatsApp-Image-2026-04-28-at-13.34.28-768x1024.jpeg 768w, https:\/\/agora.xtec.cat\/ceip-salvador-espriu-roda\/wp-content\/uploads\/usu1367\/2026\/04\/WhatsApp-Image-2026-04-28-at-13.34.28-1152x1536.jpeg 1152w, https:\/\/agora.xtec.cat\/ceip-salvador-espriu-roda\/wp-content\/uploads\/usu1367\/2026\/04\/WhatsApp-Image-2026-04-28-at-13.34.28.jpeg 1536w\" sizes=\"auto, (max-width: 225px) 100vw, 225px\" \/><\/a>\n\t\t\t<\/dt><\/dl><dl class='gallery-item'>\n\t\t\t<dt class='gallery-icon portrait'>\n\t\t\t\t<a href='https:\/\/agora.xtec.cat\/ceip-salvador-espriu-roda\/general\/i-tu-sabries-que-fer-en-cas-demergencia-%f0%9f%9a%a8%f0%9f%a4%94\/attachment\/whatsapp-image-2026-04-28-at-13-34-15\/'><img loading=\"lazy\" decoding=\"async\" width=\"225\" height=\"300\" src=\"https:\/\/agora.xtec.cat\/ceip-salvador-espriu-roda\/wp-content\/uploads\/usu1367\/2026\/04\/WhatsApp-Image-2026-04-28-at-13.34.15-225x300.jpeg\" class=\"attachment-medium size-medium\" alt=\"\" srcset=\"https:\/\/agora.xtec.cat\/ceip-salvador-espriu-roda\/wp-content\/uploads\/usu1367\/2026\/04\/WhatsApp-Image-2026-04-28-at-13.34.15-225x300.jpeg 225w, https:\/\/agora.xtec.cat\/ceip-salvador-espriu-roda\/wp-content\/uploads\/usu1367\/2026\/04\/WhatsApp-Image-2026-04-28-at-13.34.15-769x1024.jpeg 769w, https:\/\/agora.xtec.cat\/ceip-salvador-espriu-roda\/wp-content\/uploads\/usu1367\/2026\/04\/WhatsApp-Image-2026-04-28-at-13.34.15-768x1023.jpeg 768w, https:\/\/agora.xtec.cat\/ceip-salvador-espriu-roda\/wp-content\/uploads\/usu1367\/2026\/04\/WhatsApp-Image-2026-04-28-at-13.34.15-1153x1536.jpeg 1153w, https:\/\/agora.xtec.cat\/ceip-salvador-espriu-roda\/wp-content\/uploads\/usu1367\/2026\/04\/WhatsApp-Image-2026-04-28-at-13.34.15.jpeg 1537w\" sizes=\"auto, (max-width: 225px) 100vw, 225px\" \/><\/a>\n\t\t\t<\/dt><\/dl><br style=\"clear: both\" \/>\n\t\t<\/div>\n\n","protected":false},"excerpt":{"rendered":"<p>Hola fam\u00edlies!<br \/>\nAhir l&#8217;alumnat de 3r i 4t va aprendre que mantenir la calma i saber els passos a seguir pot marcar la difer\u00e8ncia. Gr\u00e0cies a la xerrada de Protecci\u00f3 Civil, ara estem molt m\u00e9s preparats i preparades per identificar riscos i reaccionar correctament.<br \/>\nGr\u00e0cies per la&hellip;  <a href=\"https:\/\/agora.xtec.cat\/ceip-salvador-espriu-roda\/general\/i-tu-sabries-que-fer-en-cas-demergencia-%f0%9f%9a%a8%f0%9f%a4%94\/\" title=\"Read I tu, sabries qu\u00e8 fer en cas d&#8217;emerg\u00e8ncia? \ud83d\udea8\ud83e\udd14\">Llegeix m\u00e9s\u00bb<\/a><\/p>\n","protected":false},"author":1,"featured_media":9541,"comment_status":"closed","ping_status":"closed","sticky":false,"template":"","format":"standard","meta":{"_bbp_topic_count":0,"_bbp_reply_count":0,"_bbp_total_topic_count":0,"_bbp_total_reply_count":0,"_bbp_voice_count":0,"_bbp_anonymous_reply_count":0,"_bbp_topic_count_hidden":0,"_bbp_reply_count_hidden":0,"_bbp_forum_subforum_count":0,"footnotes":""},"categories":[111,112,79,1,103,4,108],"tags":[],"class_list":["post-9539","post","type-post","status-publish","format-standard","has-post-thumbnail","hentry","category-3r","category-4t","category-escola-formadora","category-general","category-hem-fet-a-escola","category-portada","category-primaria"],"post_mailing_queue_ids":[],"_links":{"self":[{"href":"https:\/\/agora.xtec.cat\/ceip-salvador-espriu-roda\/wp-json\/wp\/v2\/posts\/9539","targetHints":{"allow":["GET"]}}],"collection":[{"href":"https:\/\/agora.xtec.cat\/ceip-salvador-espriu-roda\/wp-json\/wp\/v2\/posts"}],"about":[{"href":"https:\/\/agora.xtec.cat\/ceip-salvador-espriu-roda\/wp-json\/wp\/v2\/types\/post"}],"author":[{"embeddable":true,"href":"https:\/\/agora.xtec.cat\/ceip-salvador-espriu-roda\/wp-json\/wp\/v2\/users\/1"}],"replies":[{"embeddable":true,"href":"https:\/\/agora.xtec.cat\/ceip-salvador-espriu-roda\/wp-json\/wp\/v2\/comments?post=9539"}],"version-history":[{"count":1,"href":"https:\/\/agora.xtec.cat\/ceip-salvador-espriu-roda\/wp-json\/wp\/v2\/posts\/9539\/revisions"}],"predecessor-version":[{"id":9544,"href":"https:\/\/agora.xtec.cat\/ceip-salvador-espriu-roda\/wp-json\/wp\/v2\/posts\/9539\/revisions\/9544"}],"wp:featuredmedia":[{"embeddable":true,"href":"https:\/\/agora.xtec.cat\/ceip-salvador-espriu-roda\/wp-json\/wp\/v2\/media\/9541"}],"wp:attachment":[{"href":"https:\/\/agora.xtec.cat\/ceip-salvador-espriu-roda\/wp-json\/wp\/v2\/media?parent=9539"}],"wp:term":[{"taxonomy":"category","embeddable":true,"href":"https:\/\/agora.xtec.cat\/ceip-salvador-espriu-roda\/wp-json\/wp\/v2\/categories?post=9539"},{"taxonomy":"post_tag","embeddable":true,"href":"https:\/\/agora.xtec.cat\/ceip-salvador-espriu-roda\/wp-json\/wp\/v2\/tags?post=9539"}],"curies":[{"name":"wp","href":"https:\/\/api.w.org\/{rel}","templated":true}]}}