{"id":9507,"date":"2026-04-27T09:18:35","date_gmt":"2026-04-27T07:18:35","guid":{"rendered":"https:\/\/agora.xtec.cat\/ceip-salvador-espriu-roda\/?p=9507"},"modified":"2026-04-27T09:18:35","modified_gmt":"2026-04-27T07:18:35","slug":"caravana-de-contes","status":"publish","type":"post","link":"https:\/\/agora.xtec.cat\/ceip-salvador-espriu-roda\/portada\/caravana-de-contes\/","title":{"rendered":"Caravana de contes"},"content":{"rendered":"<p>Benvolgudes fam\u00edlies!<\/p>\n<p style=\"text-align: justify;\">La setmana passada vam gaudir d\u2019una activitat de lectura amb els contes de Cuentropia. Ha estat una experi\u00e8ncia molt agradable i divertida, plena d\u2019imaginaci\u00f3 i emocions.<!--more--><\/p>\n<p style=\"text-align: justify;\">Les hist\u00f2ries ens han captat l\u2019atenci\u00f3 i ens han perm\u00e8s viatjar a mons fant\u00e0stics mentre desenvolup\u00e0vem el gust per la lectura. Tamb\u00e9 hem compartit aquest moment amb els companys i companyes, fent-lo encara m\u00e9s especial.<\/p>\n<p style=\"text-align: justify;\">Ha estat una activitat enriquidora que ens ha apropat al m\u00f3n dels contes.<\/p>\n\n\t\t<style type=\"text\/css\">\n\t\t\t#gallery-1 {\n\t\t\t\tmargin: auto;\n\t\t\t}\n\t\t\t#gallery-1 .gallery-item {\n\t\t\t\tfloat: left;\n\t\t\t\tmargin-top: 10px;\n\t\t\t\ttext-align: center;\n\t\t\t\twidth: 33%;\n\t\t\t}\n\t\t\t#gallery-1 img {\n\t\t\t\tborder: 2px solid #cfcfcf;\n\t\t\t}\n\t\t\t#gallery-1 .gallery-caption {\n\t\t\t\tmargin-left: 0;\n\t\t\t}\n\t\t\t\/* see gallery_shortcode() in wp-includes\/media.php *\/\n\t\t<\/style>\n\t\t<div id='gallery-1' class='gallery galleryid-9507 gallery-columns-3 gallery-size-medium'><dl class='gallery-item'>\n\t\t\t<dt class='gallery-icon portrait'>\n\t\t\t\t<a href='https:\/\/agora.xtec.cat\/ceip-salvador-espriu-roda\/portada\/caravana-de-contes\/attachment\/whatsapp-image-2026-04-22-at-17-54-29\/'><img loading=\"lazy\" decoding=\"async\" width=\"225\" height=\"300\" src=\"https:\/\/agora.xtec.cat\/ceip-salvador-espriu-roda\/wp-content\/uploads\/usu1367\/2026\/04\/WhatsApp-Image-2026-04-22-at-17.54.29-225x300.jpeg\" class=\"attachment-medium size-medium\" alt=\"\" srcset=\"https:\/\/agora.xtec.cat\/ceip-salvador-espriu-roda\/wp-content\/uploads\/usu1367\/2026\/04\/WhatsApp-Image-2026-04-22-at-17.54.29-225x300.jpeg 225w, https:\/\/agora.xtec.cat\/ceip-salvador-espriu-roda\/wp-content\/uploads\/usu1367\/2026\/04\/WhatsApp-Image-2026-04-22-at-17.54.29-768x1024.jpeg 768w, https:\/\/agora.xtec.cat\/ceip-salvador-espriu-roda\/wp-content\/uploads\/usu1367\/2026\/04\/WhatsApp-Image-2026-04-22-at-17.54.29-1152x1536.jpeg 1152w, https:\/\/agora.xtec.cat\/ceip-salvador-espriu-roda\/wp-content\/uploads\/usu1367\/2026\/04\/WhatsApp-Image-2026-04-22-at-17.54.29.jpeg 1536w\" sizes=\"auto, (max-width: 225px) 100vw, 225px\" \/><\/a>\n\t\t\t<\/dt><\/dl><dl class='gallery-item'>\n\t\t\t<dt class='gallery-icon portrait'>\n\t\t\t\t<a href='https:\/\/agora.xtec.cat\/ceip-salvador-espriu-roda\/portada\/caravana-de-contes\/attachment\/whatsapp-image-2026-04-22-at-17-43-56\/'><img loading=\"lazy\" decoding=\"async\" width=\"225\" height=\"300\" src=\"https:\/\/agora.xtec.cat\/ceip-salvador-espriu-roda\/wp-content\/uploads\/usu1367\/2026\/04\/WhatsApp-Image-2026-04-22-at-17.43.56-225x300.jpeg\" class=\"attachment-medium size-medium\" alt=\"\" srcset=\"https:\/\/agora.xtec.cat\/ceip-salvador-espriu-roda\/wp-content\/uploads\/usu1367\/2026\/04\/WhatsApp-Image-2026-04-22-at-17.43.56-225x300.jpeg 225w, https:\/\/agora.xtec.cat\/ceip-salvador-espriu-roda\/wp-content\/uploads\/usu1367\/2026\/04\/WhatsApp-Image-2026-04-22-at-17.43.56-768x1024.jpeg 768w, https:\/\/agora.xtec.cat\/ceip-salvador-espriu-roda\/wp-content\/uploads\/usu1367\/2026\/04\/WhatsApp-Image-2026-04-22-at-17.43.56-1152x1536.jpeg 1152w, https:\/\/agora.xtec.cat\/ceip-salvador-espriu-roda\/wp-content\/uploads\/usu1367\/2026\/04\/WhatsApp-Image-2026-04-22-at-17.43.56.jpeg 1200w\" sizes=\"auto, (max-width: 225px) 100vw, 225px\" \/><\/a>\n\t\t\t<\/dt><\/dl><dl class='gallery-item'>\n\t\t\t<dt class='gallery-icon landscape'>\n\t\t\t\t<a href='https:\/\/agora.xtec.cat\/ceip-salvador-espriu-roda\/portada\/caravana-de-contes\/attachment\/whatsapp-image-2026-04-22-at-16-33-17-1\/'><img loading=\"lazy\" decoding=\"async\" width=\"300\" height=\"225\" src=\"https:\/\/agora.xtec.cat\/ceip-salvador-espriu-roda\/wp-content\/uploads\/usu1367\/2026\/04\/WhatsApp-Image-2026-04-22-at-16.33.17-1-300x225.jpeg\" class=\"attachment-medium size-medium\" alt=\"\" srcset=\"https:\/\/agora.xtec.cat\/ceip-salvador-espriu-roda\/wp-content\/uploads\/usu1367\/2026\/04\/WhatsApp-Image-2026-04-22-at-16.33.17-1-300x225.jpeg 300w, https:\/\/agora.xtec.cat\/ceip-salvador-espriu-roda\/wp-content\/uploads\/usu1367\/2026\/04\/WhatsApp-Image-2026-04-22-at-16.33.17-1-1024x768.jpeg 1024w, https:\/\/agora.xtec.cat\/ceip-salvador-espriu-roda\/wp-content\/uploads\/usu1367\/2026\/04\/WhatsApp-Image-2026-04-22-at-16.33.17-1-768x576.jpeg 768w, https:\/\/agora.xtec.cat\/ceip-salvador-espriu-roda\/wp-content\/uploads\/usu1367\/2026\/04\/WhatsApp-Image-2026-04-22-at-16.33.17-1-1536x1152.jpeg 1536w, https:\/\/agora.xtec.cat\/ceip-salvador-espriu-roda\/wp-content\/uploads\/usu1367\/2026\/04\/WhatsApp-Image-2026-04-22-at-16.33.17-1-200x150.jpeg 200w, https:\/\/agora.xtec.cat\/ceip-salvador-espriu-roda\/wp-content\/uploads\/usu1367\/2026\/04\/WhatsApp-Image-2026-04-22-at-16.33.17-1.jpeg 1600w\" sizes=\"auto, (max-width: 300px) 100vw, 300px\" \/><\/a>\n\t\t\t<\/dt><\/dl><br style=\"clear: both\" \/><dl class='gallery-item'>\n\t\t\t<dt class='gallery-icon portrait'>\n\t\t\t\t<a href='https:\/\/agora.xtec.cat\/ceip-salvador-espriu-roda\/portada\/caravana-de-contes\/attachment\/whatsapp-image-2026-04-22-at-16-33-17\/'><img loading=\"lazy\" decoding=\"async\" width=\"225\" height=\"300\" src=\"https:\/\/agora.xtec.cat\/ceip-salvador-espriu-roda\/wp-content\/uploads\/usu1367\/2026\/04\/WhatsApp-Image-2026-04-22-at-16.33.17-225x300.jpeg\" class=\"attachment-medium size-medium\" alt=\"\" srcset=\"https:\/\/agora.xtec.cat\/ceip-salvador-espriu-roda\/wp-content\/uploads\/usu1367\/2026\/04\/WhatsApp-Image-2026-04-22-at-16.33.17-225x300.jpeg 225w, https:\/\/agora.xtec.cat\/ceip-salvador-espriu-roda\/wp-content\/uploads\/usu1367\/2026\/04\/WhatsApp-Image-2026-04-22-at-16.33.17-768x1024.jpeg 768w, https:\/\/agora.xtec.cat\/ceip-salvador-espriu-roda\/wp-content\/uploads\/usu1367\/2026\/04\/WhatsApp-Image-2026-04-22-at-16.33.17-1152x1536.jpeg 1152w, https:\/\/agora.xtec.cat\/ceip-salvador-espriu-roda\/wp-content\/uploads\/usu1367\/2026\/04\/WhatsApp-Image-2026-04-22-at-16.33.17.jpeg 1200w\" sizes=\"auto, (max-width: 225px) 100vw, 225px\" \/><\/a>\n\t\t\t<\/dt><\/dl><dl class='gallery-item'>\n\t\t\t<dt class='gallery-icon portrait'>\n\t\t\t\t<a href='https:\/\/agora.xtec.cat\/ceip-salvador-espriu-roda\/portada\/caravana-de-contes\/attachment\/whatsapp-image-2026-04-22-at-16-33-11\/'><img loading=\"lazy\" decoding=\"async\" width=\"225\" height=\"300\" src=\"https:\/\/agora.xtec.cat\/ceip-salvador-espriu-roda\/wp-content\/uploads\/usu1367\/2026\/04\/WhatsApp-Image-2026-04-22-at-16.33.11-225x300.jpeg\" class=\"attachment-medium size-medium\" alt=\"\" srcset=\"https:\/\/agora.xtec.cat\/ceip-salvador-espriu-roda\/wp-content\/uploads\/usu1367\/2026\/04\/WhatsApp-Image-2026-04-22-at-16.33.11-225x300.jpeg 225w, https:\/\/agora.xtec.cat\/ceip-salvador-espriu-roda\/wp-content\/uploads\/usu1367\/2026\/04\/WhatsApp-Image-2026-04-22-at-16.33.11-768x1024.jpeg 768w, https:\/\/agora.xtec.cat\/ceip-salvador-espriu-roda\/wp-content\/uploads\/usu1367\/2026\/04\/WhatsApp-Image-2026-04-22-at-16.33.11-1152x1536.jpeg 1152w, https:\/\/agora.xtec.cat\/ceip-salvador-espriu-roda\/wp-content\/uploads\/usu1367\/2026\/04\/WhatsApp-Image-2026-04-22-at-16.33.11.jpeg 1200w\" sizes=\"auto, (max-width: 225px) 100vw, 225px\" \/><\/a>\n\t\t\t<\/dt><\/dl><dl class='gallery-item'>\n\t\t\t<dt class='gallery-icon landscape'>\n\t\t\t\t<a href='https:\/\/agora.xtec.cat\/ceip-salvador-espriu-roda\/portada\/caravana-de-contes\/attachment\/whatsapp-image-2026-04-22-at-16-33-04\/'><img loading=\"lazy\" decoding=\"async\" width=\"300\" height=\"225\" src=\"https:\/\/agora.xtec.cat\/ceip-salvador-espriu-roda\/wp-content\/uploads\/usu1367\/2026\/04\/WhatsApp-Image-2026-04-22-at-16.33.04-300x225.jpeg\" class=\"attachment-medium size-medium\" alt=\"\" srcset=\"https:\/\/agora.xtec.cat\/ceip-salvador-espriu-roda\/wp-content\/uploads\/usu1367\/2026\/04\/WhatsApp-Image-2026-04-22-at-16.33.04-300x225.jpeg 300w, https:\/\/agora.xtec.cat\/ceip-salvador-espriu-roda\/wp-content\/uploads\/usu1367\/2026\/04\/WhatsApp-Image-2026-04-22-at-16.33.04-1024x768.jpeg 1024w, https:\/\/agora.xtec.cat\/ceip-salvador-espriu-roda\/wp-content\/uploads\/usu1367\/2026\/04\/WhatsApp-Image-2026-04-22-at-16.33.04-768x576.jpeg 768w, https:\/\/agora.xtec.cat\/ceip-salvador-espriu-roda\/wp-content\/uploads\/usu1367\/2026\/04\/WhatsApp-Image-2026-04-22-at-16.33.04-1536x1152.jpeg 1536w, https:\/\/agora.xtec.cat\/ceip-salvador-espriu-roda\/wp-content\/uploads\/usu1367\/2026\/04\/WhatsApp-Image-2026-04-22-at-16.33.04-200x150.jpeg 200w, https:\/\/agora.xtec.cat\/ceip-salvador-espriu-roda\/wp-content\/uploads\/usu1367\/2026\/04\/WhatsApp-Image-2026-04-22-at-16.33.04.jpeg 1600w\" sizes=\"auto, (max-width: 300px) 100vw, 300px\" \/><\/a>\n\t\t\t<\/dt><\/dl><br style=\"clear: both\" \/>\n\t\t<\/div>\n\n","protected":false},"excerpt":{"rendered":"<p>Benvolgudes fam\u00edlies!<br \/>\nLa setmana passada vam gaudir d\u2019una activitat de lectura amb els contes de Cuentropia. Ha estat una experi\u00e8ncia molt agradable i divertida, plena d\u2019imaginaci\u00f3 i emocions.<\/p>\n","protected":false},"author":1,"featured_media":9513,"comment_status":"closed","ping_status":"closed","sticky":false,"template":"","format":"standard","meta":{"_bbp_topic_count":0,"_bbp_reply_count":0,"_bbp_total_topic_count":0,"_bbp_total_reply_count":0,"_bbp_voice_count":0,"_bbp_anonymous_reply_count":0,"_bbp_topic_count_hidden":0,"_bbp_reply_count_hidden":0,"_bbp_forum_subforum_count":0,"footnotes":""},"categories":[64,68,4,129,77,72],"tags":[],"class_list":["post-9507","post","type-post","status-publish","format-standard","has-post-thumbnail","hentry","category-biblioteca","category-festes","category-portada","category-projecte-linguistic","category-projectes","category-sant-jordi"],"post_mailing_queue_ids":[],"_links":{"self":[{"href":"https:\/\/agora.xtec.cat\/ceip-salvador-espriu-roda\/wp-json\/wp\/v2\/posts\/9507","targetHints":{"allow":["GET"]}}],"collection":[{"href":"https:\/\/agora.xtec.cat\/ceip-salvador-espriu-roda\/wp-json\/wp\/v2\/posts"}],"about":[{"href":"https:\/\/agora.xtec.cat\/ceip-salvador-espriu-roda\/wp-json\/wp\/v2\/types\/post"}],"author":[{"embeddable":true,"href":"https:\/\/agora.xtec.cat\/ceip-salvador-espriu-roda\/wp-json\/wp\/v2\/users\/1"}],"replies":[{"embeddable":true,"href":"https:\/\/agora.xtec.cat\/ceip-salvador-espriu-roda\/wp-json\/wp\/v2\/comments?post=9507"}],"version-history":[{"count":1,"href":"https:\/\/agora.xtec.cat\/ceip-salvador-espriu-roda\/wp-json\/wp\/v2\/posts\/9507\/revisions"}],"predecessor-version":[{"id":9514,"href":"https:\/\/agora.xtec.cat\/ceip-salvador-espriu-roda\/wp-json\/wp\/v2\/posts\/9507\/revisions\/9514"}],"wp:featuredmedia":[{"embeddable":true,"href":"https:\/\/agora.xtec.cat\/ceip-salvador-espriu-roda\/wp-json\/wp\/v2\/media\/9513"}],"wp:attachment":[{"href":"https:\/\/agora.xtec.cat\/ceip-salvador-espriu-roda\/wp-json\/wp\/v2\/media?parent=9507"}],"wp:term":[{"taxonomy":"category","embeddable":true,"href":"https:\/\/agora.xtec.cat\/ceip-salvador-espriu-roda\/wp-json\/wp\/v2\/categories?post=9507"},{"taxonomy":"post_tag","embeddable":true,"href":"https:\/\/agora.xtec.cat\/ceip-salvador-espriu-roda\/wp-json\/wp\/v2\/tags?post=9507"}],"curies":[{"name":"wp","href":"https:\/\/api.w.org\/{rel}","templated":true}]}}