{"id":9458,"date":"2026-04-14T12:39:10","date_gmt":"2026-04-14T10:39:10","guid":{"rendered":"https:\/\/agora.xtec.cat\/ceip-salvador-espriu-roda\/?p=9458"},"modified":"2026-04-14T12:39:10","modified_gmt":"2026-04-14T10:39:10","slug":"galeria-dart-2026","status":"publish","type":"post","link":"https:\/\/agora.xtec.cat\/ceip-salvador-espriu-roda\/general\/galeria-dart-2026\/","title":{"rendered":"Galeria d&#8217;Art 2026"},"content":{"rendered":"<p>Benvolgudes fam\u00edlies,<\/p>\n<p>Ens fa molta il\u00b7lusi\u00f3 compartir amb vosaltres que el proper 15 d\u2019abril celebrarem la Galeria d\u2019Art de la nostra escola \ud83c\udfa8\u2728<!--more--><\/p>\n<p>Ser\u00e0 un espai molt especial on podreu gaudir, observar i emocionar-vos amb les creacions art\u00edstiques dels vostres fills i filles, fruit del seu esfor\u00e7, la seva imaginaci\u00f3 i tot el proc\u00e9s viscut a l\u2019aula.<\/p>\n<p>\ud83d\udcce Adjunt us fem arribar el cartell informatiu de l\u2019activitat, elaborat per l\u2019alumnat de 3r.<br \/>\nA m\u00e9s, tamb\u00e9 n\u2019hem penjat diversos exemplars per l\u2019escola per tal que tots els infants coneguin el dia i l\u2019hora d\u2019aquesta trobada tan especial.<\/p>\n<p>\ud83d\uddbc\ufe0f Enguany, la galeria tindr\u00e0 una sorpresa molt especial:<br \/>\nhi trobareu codis QR que us permetran escoltar i descobrir les explicacions i els \u00e0udios de l\u2019alumnat, on us explicaran com han creat les seves obres i qu\u00e8 hi han volgut expressar.<\/p>\n<p>\ud83c\udfb6 I, com tota gran inauguraci\u00f3 es mereix, comptarem tamb\u00e9 amb les actuacions de les dues corals de l\u2019escola, que ens ajudaran a donar inici a aquesta jornada art\u00edstica amb molta emoci\u00f3 i sensibilitat.<\/p>\n<p>Ens encantaria poder comptar amb la vostra pres\u00e8ncia i compartir plegats aquest moment tan bonic per a l\u2019alumnat i per a tota la comunitat educativa.<\/p>\n<p>Us hi esperem amb molta il\u00b7lusi\u00f3!<\/p>\n<p><a href=\"https:\/\/agora.xtec.cat\/ceip-salvador-espriu-roda\/wp-content\/uploads\/usu1367\/2026\/04\/WhatsApp-Image-2026-04-07-at-15.43.07.jpeg\"><img loading=\"lazy\" decoding=\"async\" class=\"aligncenter wp-image-9459\" src=\"https:\/\/agora.xtec.cat\/ceip-salvador-espriu-roda\/wp-content\/uploads\/usu1367\/2026\/04\/WhatsApp-Image-2026-04-07-at-15.43.07-300x212.jpeg\" alt=\"\" width=\"600\" height=\"424\" srcset=\"https:\/\/agora.xtec.cat\/ceip-salvador-espriu-roda\/wp-content\/uploads\/usu1367\/2026\/04\/WhatsApp-Image-2026-04-07-at-15.43.07-300x212.jpeg 300w, https:\/\/agora.xtec.cat\/ceip-salvador-espriu-roda\/wp-content\/uploads\/usu1367\/2026\/04\/WhatsApp-Image-2026-04-07-at-15.43.07-1024x724.jpeg 1024w, https:\/\/agora.xtec.cat\/ceip-salvador-espriu-roda\/wp-content\/uploads\/usu1367\/2026\/04\/WhatsApp-Image-2026-04-07-at-15.43.07-768x543.jpeg 768w, https:\/\/agora.xtec.cat\/ceip-salvador-espriu-roda\/wp-content\/uploads\/usu1367\/2026\/04\/WhatsApp-Image-2026-04-07-at-15.43.07-1536x1086.jpeg 1536w, https:\/\/agora.xtec.cat\/ceip-salvador-espriu-roda\/wp-content\/uploads\/usu1367\/2026\/04\/WhatsApp-Image-2026-04-07-at-15.43.07.jpeg 1600w\" sizes=\"auto, (max-width: 600px) 100vw, 600px\" \/><\/a><\/p>\n","protected":false},"excerpt":{"rendered":"<p>Benvolgudes fam\u00edlies,<br \/>\nEns fa molta il\u00b7lusi\u00f3 compartir amb vosaltres que el proper 15 d\u2019abril celebrarem la Galeria d\u2019Art de la nostra escola \ud83c\udfa8\u2728<\/p>\n","protected":false},"author":1,"featured_media":9460,"comment_status":"closed","ping_status":"closed","sticky":false,"template":"","format":"standard","meta":{"_bbp_topic_count":0,"_bbp_reply_count":0,"_bbp_total_topic_count":0,"_bbp_total_reply_count":0,"_bbp_voice_count":0,"_bbp_anonymous_reply_count":0,"_bbp_topic_count_hidden":0,"_bbp_reply_count_hidden":0,"_bbp_forum_subforum_count":0,"footnotes":""},"categories":[1,103,4],"tags":[],"class_list":["post-9458","post","type-post","status-publish","format-standard","has-post-thumbnail","hentry","category-general","category-hem-fet-a-escola","category-portada"],"post_mailing_queue_ids":[],"_links":{"self":[{"href":"https:\/\/agora.xtec.cat\/ceip-salvador-espriu-roda\/wp-json\/wp\/v2\/posts\/9458","targetHints":{"allow":["GET"]}}],"collection":[{"href":"https:\/\/agora.xtec.cat\/ceip-salvador-espriu-roda\/wp-json\/wp\/v2\/posts"}],"about":[{"href":"https:\/\/agora.xtec.cat\/ceip-salvador-espriu-roda\/wp-json\/wp\/v2\/types\/post"}],"author":[{"embeddable":true,"href":"https:\/\/agora.xtec.cat\/ceip-salvador-espriu-roda\/wp-json\/wp\/v2\/users\/1"}],"replies":[{"embeddable":true,"href":"https:\/\/agora.xtec.cat\/ceip-salvador-espriu-roda\/wp-json\/wp\/v2\/comments?post=9458"}],"version-history":[{"count":2,"href":"https:\/\/agora.xtec.cat\/ceip-salvador-espriu-roda\/wp-json\/wp\/v2\/posts\/9458\/revisions"}],"predecessor-version":[{"id":9462,"href":"https:\/\/agora.xtec.cat\/ceip-salvador-espriu-roda\/wp-json\/wp\/v2\/posts\/9458\/revisions\/9462"}],"wp:featuredmedia":[{"embeddable":true,"href":"https:\/\/agora.xtec.cat\/ceip-salvador-espriu-roda\/wp-json\/wp\/v2\/media\/9460"}],"wp:attachment":[{"href":"https:\/\/agora.xtec.cat\/ceip-salvador-espriu-roda\/wp-json\/wp\/v2\/media?parent=9458"}],"wp:term":[{"taxonomy":"category","embeddable":true,"href":"https:\/\/agora.xtec.cat\/ceip-salvador-espriu-roda\/wp-json\/wp\/v2\/categories?post=9458"},{"taxonomy":"post_tag","embeddable":true,"href":"https:\/\/agora.xtec.cat\/ceip-salvador-espriu-roda\/wp-json\/wp\/v2\/tags?post=9458"}],"curies":[{"name":"wp","href":"https:\/\/api.w.org\/{rel}","templated":true}]}}