{"id":9424,"date":"2026-03-16T09:16:33","date_gmt":"2026-03-16T08:16:33","guid":{"rendered":"https:\/\/agora.xtec.cat\/ceip-salvador-espriu-roda\/?p=9424"},"modified":"2026-03-16T09:16:33","modified_gmt":"2026-03-16T08:16:33","slug":"projecte-de-la-capibara","status":"publish","type":"post","link":"https:\/\/agora.xtec.cat\/ceip-salvador-espriu-roda\/portada\/projecte-de-la-capibara\/","title":{"rendered":"Projecte de la Capibara"},"content":{"rendered":"<p style=\"text-align: justify;\">Hola fam\u00edlies!<\/p>\n<p style=\"text-align: justify;\">Hem compartit amb les nostres fam\u00edlies el Projecte de la Capibara que hem estat investigant amb molta il\u00b7lusi\u00f3 \ud83d\udc39\ud83c\udf3f<!--more--><\/p>\n<p style=\"text-align: justify;\">Durant aquest temps hem descobert moltes coses:<br \/>\n* Qu\u00e8 \u00e9s una capibara<br \/>\n* On viu<br \/>\n* Quant pot mesurar<br \/>\n* Qu\u00e8 menja<br \/>\n* Com \u00e9s el seu cicle de vida<br \/>\n* I moltes curiositats m\u00e9s!<\/p>\n<p style=\"text-align: justify;\">Hem treballat investigant, parlant, dibuixant i aprenent junts, i finalment hem preparat una exposici\u00f3 per explicar-ho a les nostres fam\u00edlies.<\/p>\n<p style=\"text-align: justify;\">Ha estat un moment molt especial poder compartir tot el que hem apr\u00e8s. Gr\u00e0cies fam\u00edlies per venir i acompanyar-nos en aquest proc\u00e9s d\u2019aprenentatge \ud83d\udc9b<\/p>\n<table style=\"border-collapse: collapse; width: 100%;\">\n<tbody>\n<tr>\n<td style=\"width: 50%;\"><a href=\"https:\/\/agora.xtec.cat\/ceip-salvador-espriu-roda\/wp-content\/uploads\/usu1367\/2026\/03\/WhatsApp-Image-2026-03-12-at-15.41.43.jpeg\"><img loading=\"lazy\" decoding=\"async\" class=\"aligncenter size-medium wp-image-9426\" src=\"https:\/\/agora.xtec.cat\/ceip-salvador-espriu-roda\/wp-content\/uploads\/usu1367\/2026\/03\/WhatsApp-Image-2026-03-12-at-15.41.43-240x300.jpeg\" alt=\"\" width=\"240\" height=\"300\" srcset=\"https:\/\/agora.xtec.cat\/ceip-salvador-espriu-roda\/wp-content\/uploads\/usu1367\/2026\/03\/WhatsApp-Image-2026-03-12-at-15.41.43-240x300.jpeg 240w, https:\/\/agora.xtec.cat\/ceip-salvador-espriu-roda\/wp-content\/uploads\/usu1367\/2026\/03\/WhatsApp-Image-2026-03-12-at-15.41.43-819x1024.jpeg 819w, https:\/\/agora.xtec.cat\/ceip-salvador-espriu-roda\/wp-content\/uploads\/usu1367\/2026\/03\/WhatsApp-Image-2026-03-12-at-15.41.43-768x960.jpeg 768w, https:\/\/agora.xtec.cat\/ceip-salvador-espriu-roda\/wp-content\/uploads\/usu1367\/2026\/03\/WhatsApp-Image-2026-03-12-at-15.41.43-1229x1536.jpeg 1229w, https:\/\/agora.xtec.cat\/ceip-salvador-espriu-roda\/wp-content\/uploads\/usu1367\/2026\/03\/WhatsApp-Image-2026-03-12-at-15.41.43.jpeg 1638w\" sizes=\"auto, (max-width: 240px) 100vw, 240px\" \/><\/a><\/td>\n<td style=\"width: 50%;\"><a href=\"https:\/\/agora.xtec.cat\/ceip-salvador-espriu-roda\/wp-content\/uploads\/usu1367\/2026\/03\/WhatsApp-Image-2026-03-12-at-15.41.44.jpeg\"><img loading=\"lazy\" decoding=\"async\" class=\"aligncenter size-medium wp-image-9425\" src=\"https:\/\/agora.xtec.cat\/ceip-salvador-espriu-roda\/wp-content\/uploads\/usu1367\/2026\/03\/WhatsApp-Image-2026-03-12-at-15.41.44-300x225.jpeg\" alt=\"\" width=\"300\" height=\"225\" srcset=\"https:\/\/agora.xtec.cat\/ceip-salvador-espriu-roda\/wp-content\/uploads\/usu1367\/2026\/03\/WhatsApp-Image-2026-03-12-at-15.41.44-300x225.jpeg 300w, https:\/\/agora.xtec.cat\/ceip-salvador-espriu-roda\/wp-content\/uploads\/usu1367\/2026\/03\/WhatsApp-Image-2026-03-12-at-15.41.44-1024x768.jpeg 1024w, https:\/\/agora.xtec.cat\/ceip-salvador-espriu-roda\/wp-content\/uploads\/usu1367\/2026\/03\/WhatsApp-Image-2026-03-12-at-15.41.44-768x576.jpeg 768w, https:\/\/agora.xtec.cat\/ceip-salvador-espriu-roda\/wp-content\/uploads\/usu1367\/2026\/03\/WhatsApp-Image-2026-03-12-at-15.41.44-1536x1152.jpeg 1536w, https:\/\/agora.xtec.cat\/ceip-salvador-espriu-roda\/wp-content\/uploads\/usu1367\/2026\/03\/WhatsApp-Image-2026-03-12-at-15.41.44-200x150.jpeg 200w, https:\/\/agora.xtec.cat\/ceip-salvador-espriu-roda\/wp-content\/uploads\/usu1367\/2026\/03\/WhatsApp-Image-2026-03-12-at-15.41.44.jpeg 2048w\" sizes=\"auto, (max-width: 300px) 100vw, 300px\" \/><\/a><\/td>\n<\/tr>\n<\/tbody>\n<\/table>\n<p>#Projecte #Aprenentatge #Capibara #AprenemJunts #Educaci\u00f3 #Fam\u00edliaIEscola<\/p>\n","protected":false},"excerpt":{"rendered":"<p>Hola fam\u00edlies!<br \/>\nHem compartit amb les nostres fam\u00edlies el Projecte de la Capibara que hem estat investigant amb molta il\u00b7lusi\u00f3 \ud83d\udc39\ud83c\udf3f<\/p>\n","protected":false},"author":1,"featured_media":9426,"comment_status":"closed","ping_status":"closed","sticky":false,"template":"","format":"standard","meta":{"_bbp_topic_count":0,"_bbp_reply_count":0,"_bbp_total_topic_count":0,"_bbp_total_reply_count":0,"_bbp_voice_count":0,"_bbp_anonymous_reply_count":0,"_bbp_topic_count_hidden":0,"_bbp_reply_count_hidden":0,"_bbp_forum_subforum_count":0,"footnotes":""},"categories":[103,107,104,4],"tags":[],"class_list":["post-9424","post","type-post","status-publish","format-standard","has-post-thumbnail","hentry","category-hem-fet-a-escola","category-i5","category-infantil","category-portada"],"post_mailing_queue_ids":[],"_links":{"self":[{"href":"https:\/\/agora.xtec.cat\/ceip-salvador-espriu-roda\/wp-json\/wp\/v2\/posts\/9424","targetHints":{"allow":["GET"]}}],"collection":[{"href":"https:\/\/agora.xtec.cat\/ceip-salvador-espriu-roda\/wp-json\/wp\/v2\/posts"}],"about":[{"href":"https:\/\/agora.xtec.cat\/ceip-salvador-espriu-roda\/wp-json\/wp\/v2\/types\/post"}],"author":[{"embeddable":true,"href":"https:\/\/agora.xtec.cat\/ceip-salvador-espriu-roda\/wp-json\/wp\/v2\/users\/1"}],"replies":[{"embeddable":true,"href":"https:\/\/agora.xtec.cat\/ceip-salvador-espriu-roda\/wp-json\/wp\/v2\/comments?post=9424"}],"version-history":[{"count":2,"href":"https:\/\/agora.xtec.cat\/ceip-salvador-espriu-roda\/wp-json\/wp\/v2\/posts\/9424\/revisions"}],"predecessor-version":[{"id":9428,"href":"https:\/\/agora.xtec.cat\/ceip-salvador-espriu-roda\/wp-json\/wp\/v2\/posts\/9424\/revisions\/9428"}],"wp:featuredmedia":[{"embeddable":true,"href":"https:\/\/agora.xtec.cat\/ceip-salvador-espriu-roda\/wp-json\/wp\/v2\/media\/9426"}],"wp:attachment":[{"href":"https:\/\/agora.xtec.cat\/ceip-salvador-espriu-roda\/wp-json\/wp\/v2\/media?parent=9424"}],"wp:term":[{"taxonomy":"category","embeddable":true,"href":"https:\/\/agora.xtec.cat\/ceip-salvador-espriu-roda\/wp-json\/wp\/v2\/categories?post=9424"},{"taxonomy":"post_tag","embeddable":true,"href":"https:\/\/agora.xtec.cat\/ceip-salvador-espriu-roda\/wp-json\/wp\/v2\/tags?post=9424"}],"curies":[{"name":"wp","href":"https:\/\/api.w.org\/{rel}","templated":true}]}}