{"id":9418,"date":"2026-03-16T09:10:27","date_gmt":"2026-03-16T08:10:27","guid":{"rendered":"https:\/\/agora.xtec.cat\/ceip-salvador-espriu-roda\/?p=9418"},"modified":"2026-03-16T09:10:52","modified_gmt":"2026-03-16T08:10:52","slug":"racons-a-segon","status":"publish","type":"post","link":"https:\/\/agora.xtec.cat\/ceip-salvador-espriu-roda\/general\/racons-a-segon\/","title":{"rendered":"Racons a segon!"},"content":{"rendered":"<p style=\"text-align: justify;\">Benvolgudes fam\u00edlies,<\/p>\n<p style=\"text-align: justify;\">Als racons de matem\u00e0tiques i catal\u00e0 de 2n, els alumnes exploren, pensen, comparteixen i descobreixen que aprendre tamb\u00e9 pot ser divertit. Entre jocs, reptes i treball en equip, cada petit pas \u00e9s un gran aprenentatge.<!--more--><\/p>\n<div style=\"width: 480px;\" class=\"wp-video\"><!--[if lt IE 9]><script>document.createElement('video');<\/script><![endif]-->\n<video class=\"wp-video-shortcode\" id=\"video-9418-1\" width=\"480\" height=\"848\" preload=\"metadata\" controls=\"controls\"><source type=\"video\/mp4\" src=\"https:\/\/agora.xtec.cat\/ceip-salvador-espriu-roda\/wp-content\/uploads\/usu1367\/2026\/03\/VID-20260316-WA0012.mp4?_=1\" \/><a href=\"https:\/\/agora.xtec.cat\/ceip-salvador-espriu-roda\/wp-content\/uploads\/usu1367\/2026\/03\/VID-20260316-WA0012.mp4\">https:\/\/agora.xtec.cat\/ceip-salvador-espriu-roda\/wp-content\/uploads\/usu1367\/2026\/03\/VID-20260316-WA0012.mp4<\/a><\/video><\/div>\n<p style=\"text-align: justify;\">#AprenemJugant<\/p>\n","protected":false},"excerpt":{"rendered":"<p>Benvolgudes fam\u00edlies,<br \/>\nAls racons de matem\u00e0tiques i catal\u00e0 de 2n, els alumnes exploren, pensen, comparteixen i descobreixen que aprendre tamb\u00e9 pot ser divertit. Entre jocs, reptes i treball en equip, cada petit pas \u00e9s un gran aprenentatge.<\/p>\n","protected":false},"author":1,"featured_media":9421,"comment_status":"closed","ping_status":"closed","sticky":false,"template":"","format":"standard","meta":{"_bbp_topic_count":0,"_bbp_reply_count":0,"_bbp_total_topic_count":0,"_bbp_total_reply_count":0,"_bbp_voice_count":0,"_bbp_anonymous_reply_count":0,"_bbp_topic_count_hidden":0,"_bbp_reply_count_hidden":0,"_bbp_forum_subforum_count":0,"footnotes":""},"categories":[110,1,103,4,108],"tags":[],"class_list":["post-9418","post","type-post","status-publish","format-standard","has-post-thumbnail","hentry","category-2n","category-general","category-hem-fet-a-escola","category-portada","category-primaria"],"post_mailing_queue_ids":[],"_links":{"self":[{"href":"https:\/\/agora.xtec.cat\/ceip-salvador-espriu-roda\/wp-json\/wp\/v2\/posts\/9418","targetHints":{"allow":["GET"]}}],"collection":[{"href":"https:\/\/agora.xtec.cat\/ceip-salvador-espriu-roda\/wp-json\/wp\/v2\/posts"}],"about":[{"href":"https:\/\/agora.xtec.cat\/ceip-salvador-espriu-roda\/wp-json\/wp\/v2\/types\/post"}],"author":[{"embeddable":true,"href":"https:\/\/agora.xtec.cat\/ceip-salvador-espriu-roda\/wp-json\/wp\/v2\/users\/1"}],"replies":[{"embeddable":true,"href":"https:\/\/agora.xtec.cat\/ceip-salvador-espriu-roda\/wp-json\/wp\/v2\/comments?post=9418"}],"version-history":[{"count":2,"href":"https:\/\/agora.xtec.cat\/ceip-salvador-espriu-roda\/wp-json\/wp\/v2\/posts\/9418\/revisions"}],"predecessor-version":[{"id":9423,"href":"https:\/\/agora.xtec.cat\/ceip-salvador-espriu-roda\/wp-json\/wp\/v2\/posts\/9418\/revisions\/9423"}],"wp:featuredmedia":[{"embeddable":true,"href":"https:\/\/agora.xtec.cat\/ceip-salvador-espriu-roda\/wp-json\/wp\/v2\/media\/9421"}],"wp:attachment":[{"href":"https:\/\/agora.xtec.cat\/ceip-salvador-espriu-roda\/wp-json\/wp\/v2\/media?parent=9418"}],"wp:term":[{"taxonomy":"category","embeddable":true,"href":"https:\/\/agora.xtec.cat\/ceip-salvador-espriu-roda\/wp-json\/wp\/v2\/categories?post=9418"},{"taxonomy":"post_tag","embeddable":true,"href":"https:\/\/agora.xtec.cat\/ceip-salvador-espriu-roda\/wp-json\/wp\/v2\/tags?post=9418"}],"curies":[{"name":"wp","href":"https:\/\/api.w.org\/{rel}","templated":true}]}}