{"id":9360,"date":"2026-02-24T11:53:53","date_gmt":"2026-02-24T10:53:53","guid":{"rendered":"https:\/\/agora.xtec.cat\/ceip-salvador-espriu-roda\/?p=9360"},"modified":"2026-02-24T11:53:53","modified_gmt":"2026-02-24T10:53:53","slug":"educacio-viaria-a-i5","status":"publish","type":"post","link":"https:\/\/agora.xtec.cat\/ceip-salvador-espriu-roda\/portada\/educacio-viaria-a-i5\/","title":{"rendered":"Educaci\u00f3 vi\u00e0ria a I5"},"content":{"rendered":"<p>Hola fam\u00edlies!<\/p>\n<p>Avui ens ha visitat en Javi, el policia, per explicar-nos a I5 diversos aspectes relacionats amb l\u2019educaci\u00f3 vi\u00e0ria. Ens ha ensenyat la import\u00e0ncia de respectar el sem\u00e0for i d\u2019utilitzar correctament el pas de zebra per garantir la seguretat de tots els vianants.<!--more--><\/p>\n<p>Per aquest motiu, posteriorment hem sortit per Roda de Ber\u00e0 per posar en pr\u00e0ctica tot all\u00f2 que hem apr\u00e8s. \ud83d\udea6<\/p>\n<p><a href=\"https:\/\/agora.xtec.cat\/ceip-salvador-espriu-roda\/wp-content\/uploads\/usu1367\/2026\/02\/WhatsApp-Image-2026-02-23-at-14.37.07.jpeg\"><img loading=\"lazy\" decoding=\"async\" class=\"aligncenter wp-image-9361\" src=\"https:\/\/agora.xtec.cat\/ceip-salvador-espriu-roda\/wp-content\/uploads\/usu1367\/2026\/02\/WhatsApp-Image-2026-02-23-at-14.37.07-240x300.jpeg\" alt=\"\" width=\"600\" height=\"750\" srcset=\"https:\/\/agora.xtec.cat\/ceip-salvador-espriu-roda\/wp-content\/uploads\/usu1367\/2026\/02\/WhatsApp-Image-2026-02-23-at-14.37.07-240x300.jpeg 240w, https:\/\/agora.xtec.cat\/ceip-salvador-espriu-roda\/wp-content\/uploads\/usu1367\/2026\/02\/WhatsApp-Image-2026-02-23-at-14.37.07-819x1024.jpeg 819w, https:\/\/agora.xtec.cat\/ceip-salvador-espriu-roda\/wp-content\/uploads\/usu1367\/2026\/02\/WhatsApp-Image-2026-02-23-at-14.37.07-768x960.jpeg 768w, https:\/\/agora.xtec.cat\/ceip-salvador-espriu-roda\/wp-content\/uploads\/usu1367\/2026\/02\/WhatsApp-Image-2026-02-23-at-14.37.07-1229x1536.jpeg 1229w, https:\/\/agora.xtec.cat\/ceip-salvador-espriu-roda\/wp-content\/uploads\/usu1367\/2026\/02\/WhatsApp-Image-2026-02-23-at-14.37.07.jpeg 1638w\" sizes=\"auto, (max-width: 600px) 100vw, 600px\" \/><\/a><\/p>\n","protected":false},"excerpt":{"rendered":"<p>Hola fam\u00edlies!<br \/>\nAvui ens ha visitat en Javi, el policia, per explicar-nos a I5 diversos aspectes relacionats amb l\u2019educaci\u00f3 vi\u00e0ria. Ens ha ensenyat la import\u00e0ncia de respectar el sem\u00e0for i d\u2019utilitzar correctament el pas de zebra per garantir la seguretat de tots els vianants.<\/p>\n","protected":false},"author":1,"featured_media":9361,"comment_status":"closed","ping_status":"closed","sticky":false,"template":"","format":"standard","meta":{"_bbp_topic_count":0,"_bbp_reply_count":0,"_bbp_total_topic_count":0,"_bbp_total_reply_count":0,"_bbp_voice_count":0,"_bbp_anonymous_reply_count":0,"_bbp_topic_count_hidden":0,"_bbp_reply_count_hidden":0,"_bbp_forum_subforum_count":0,"footnotes":""},"categories":[103,107,104,4],"tags":[],"class_list":["post-9360","post","type-post","status-publish","format-standard","has-post-thumbnail","hentry","category-hem-fet-a-escola","category-i5","category-infantil","category-portada"],"post_mailing_queue_ids":[],"_links":{"self":[{"href":"https:\/\/agora.xtec.cat\/ceip-salvador-espriu-roda\/wp-json\/wp\/v2\/posts\/9360","targetHints":{"allow":["GET"]}}],"collection":[{"href":"https:\/\/agora.xtec.cat\/ceip-salvador-espriu-roda\/wp-json\/wp\/v2\/posts"}],"about":[{"href":"https:\/\/agora.xtec.cat\/ceip-salvador-espriu-roda\/wp-json\/wp\/v2\/types\/post"}],"author":[{"embeddable":true,"href":"https:\/\/agora.xtec.cat\/ceip-salvador-espriu-roda\/wp-json\/wp\/v2\/users\/1"}],"replies":[{"embeddable":true,"href":"https:\/\/agora.xtec.cat\/ceip-salvador-espriu-roda\/wp-json\/wp\/v2\/comments?post=9360"}],"version-history":[{"count":2,"href":"https:\/\/agora.xtec.cat\/ceip-salvador-espriu-roda\/wp-json\/wp\/v2\/posts\/9360\/revisions"}],"predecessor-version":[{"id":9363,"href":"https:\/\/agora.xtec.cat\/ceip-salvador-espriu-roda\/wp-json\/wp\/v2\/posts\/9360\/revisions\/9363"}],"wp:featuredmedia":[{"embeddable":true,"href":"https:\/\/agora.xtec.cat\/ceip-salvador-espriu-roda\/wp-json\/wp\/v2\/media\/9361"}],"wp:attachment":[{"href":"https:\/\/agora.xtec.cat\/ceip-salvador-espriu-roda\/wp-json\/wp\/v2\/media?parent=9360"}],"wp:term":[{"taxonomy":"category","embeddable":true,"href":"https:\/\/agora.xtec.cat\/ceip-salvador-espriu-roda\/wp-json\/wp\/v2\/categories?post=9360"},{"taxonomy":"post_tag","embeddable":true,"href":"https:\/\/agora.xtec.cat\/ceip-salvador-espriu-roda\/wp-json\/wp\/v2\/tags?post=9360"}],"curies":[{"name":"wp","href":"https:\/\/api.w.org\/{rel}","templated":true}]}}