{"id":9340,"date":"2026-02-10T14:31:10","date_gmt":"2026-02-10T13:31:10","guid":{"rendered":"https:\/\/agora.xtec.cat\/ceip-salvador-espriu-roda\/?p=9340"},"modified":"2026-02-10T14:31:10","modified_gmt":"2026-02-10T13:31:10","slug":"%f0%9f%97%a3%ef%b8%8f%f0%9f%94%8e-discovering-john-lennon","status":"publish","type":"post","link":"https:\/\/agora.xtec.cat\/ceip-salvador-espriu-roda\/general\/%f0%9f%97%a3%ef%b8%8f%f0%9f%94%8e-discovering-john-lennon\/","title":{"rendered":"\ud83d\udde3\ufe0f\ud83d\udd0e Discovering John Lennon!"},"content":{"rendered":"<p style=\"text-align: justify;\">Hello families!<\/p>\n<p style=\"text-align: justify;\">Some weeks ago 5th graders have worked on a Learning Situation entitled \u201cWho is John Lennon\u201d. We investigated and discovered he was a very important songwriter, singer and activist for PEACE. \ud83d\udd4a\ufe0f<br \/>\nWe\u2019ve enjoyed listening the song \u201cImagine\u201d by doing a listening task, and we\u2019ve discovered some other songs from his music band, The Beatles. \ud83c\udfb6<\/p>\n<p style=\"text-align: justify;\">\u2014<\/p>\n<p style=\"text-align: justify;\">L\u2019alumnat de 5\u00e8 hem estat investigant la Situaci\u00f3 d\u2019Aprenentatge \u201cQui \u00e9s John Lennon?\u201d a la classe d\u2019angl\u00e8s. Hem descobert moltes coses interessants, entre elles que John Lennon va ser un compositor i cantant molt fam\u00f3s i un activista per la PAU. \ud83d\udd4a\ufe0f<br \/>\nHem gaudit escoltant la can\u00e7\u00f3 \u201cImagine\u201d a partir d\u2019una activitat de comprensi\u00f3 oral, i hem descobert altres can\u00e7ons dels Beatles, la banda de m\u00fasics a la que pertanyia John Lennon.\ud83c\udfb6<\/p>\n","protected":false},"excerpt":{"rendered":"<p>Hello families!<br \/>\nSome weeks ago 5th graders have worked on a Learning Situation entitled \u201cWho is John Lennon\u201d. We investigated and discovered he was a very important songwriter, singer and activist for PEACE. \ud83d\udd4a\ufe0f<br \/>\nWe\u2019ve enjoyed listening the song \u201cImagine\u201d by doing a listening task, and we\u2019ve&hellip;  <a href=\"https:\/\/agora.xtec.cat\/ceip-salvador-espriu-roda\/general\/%f0%9f%97%a3%ef%b8%8f%f0%9f%94%8e-discovering-john-lennon\/\" title=\"Read \ud83d\udde3\ufe0f\ud83d\udd0e Discovering John Lennon!\">Llegeix m\u00e9s\u00bb<\/a><\/p>\n","protected":false},"author":1,"featured_media":9332,"comment_status":"closed","ping_status":"closed","sticky":false,"template":"","format":"standard","meta":{"_bbp_topic_count":0,"_bbp_reply_count":0,"_bbp_total_topic_count":0,"_bbp_total_reply_count":0,"_bbp_voice_count":0,"_bbp_anonymous_reply_count":0,"_bbp_topic_count_hidden":0,"_bbp_reply_count_hidden":0,"_bbp_forum_subforum_count":0,"footnotes":""},"categories":[113,132,1,103,4,108,129,77],"tags":[],"class_list":["post-9340","post","type-post","status-publish","format-standard","has-post-thumbnail","hentry","category-5e","category-english","category-general","category-hem-fet-a-escola","category-portada","category-primaria","category-projecte-linguistic","category-projectes"],"post_mailing_queue_ids":[],"_links":{"self":[{"href":"https:\/\/agora.xtec.cat\/ceip-salvador-espriu-roda\/wp-json\/wp\/v2\/posts\/9340","targetHints":{"allow":["GET"]}}],"collection":[{"href":"https:\/\/agora.xtec.cat\/ceip-salvador-espriu-roda\/wp-json\/wp\/v2\/posts"}],"about":[{"href":"https:\/\/agora.xtec.cat\/ceip-salvador-espriu-roda\/wp-json\/wp\/v2\/types\/post"}],"author":[{"embeddable":true,"href":"https:\/\/agora.xtec.cat\/ceip-salvador-espriu-roda\/wp-json\/wp\/v2\/users\/1"}],"replies":[{"embeddable":true,"href":"https:\/\/agora.xtec.cat\/ceip-salvador-espriu-roda\/wp-json\/wp\/v2\/comments?post=9340"}],"version-history":[{"count":1,"href":"https:\/\/agora.xtec.cat\/ceip-salvador-espriu-roda\/wp-json\/wp\/v2\/posts\/9340\/revisions"}],"predecessor-version":[{"id":9341,"href":"https:\/\/agora.xtec.cat\/ceip-salvador-espriu-roda\/wp-json\/wp\/v2\/posts\/9340\/revisions\/9341"}],"wp:featuredmedia":[{"embeddable":true,"href":"https:\/\/agora.xtec.cat\/ceip-salvador-espriu-roda\/wp-json\/wp\/v2\/media\/9332"}],"wp:attachment":[{"href":"https:\/\/agora.xtec.cat\/ceip-salvador-espriu-roda\/wp-json\/wp\/v2\/media?parent=9340"}],"wp:term":[{"taxonomy":"category","embeddable":true,"href":"https:\/\/agora.xtec.cat\/ceip-salvador-espriu-roda\/wp-json\/wp\/v2\/categories?post=9340"},{"taxonomy":"post_tag","embeddable":true,"href":"https:\/\/agora.xtec.cat\/ceip-salvador-espriu-roda\/wp-json\/wp\/v2\/tags?post=9340"}],"curies":[{"name":"wp","href":"https:\/\/api.w.org\/{rel}","templated":true}]}}