{"id":9253,"date":"2026-01-28T13:21:39","date_gmt":"2026-01-28T12:21:39","guid":{"rendered":"https:\/\/agora.xtec.cat\/ceip-salvador-espriu-roda\/?p=9253"},"modified":"2026-02-13T08:54:52","modified_gmt":"2026-02-13T07:54:52","slug":"tallers-per-a-families-educar-i-creixer-junts","status":"publish","type":"post","link":"https:\/\/agora.xtec.cat\/ceip-salvador-espriu-roda\/general\/tallers-per-a-families-educar-i-creixer-junts\/","title":{"rendered":"Tallers per a fam\u00edlies: educar i cr\u00e9ixer junts"},"content":{"rendered":"<p style=\"text-align: justify;\">Benvolgudes fam\u00edlies,<\/p>\n<p style=\"text-align: justify;\">Des de l\u2019escola Salvador Espriu reafirmem el nostre comprom\u00eds amb l\u2019educaci\u00f3 i el benestar dels nostres infants. Amb la voluntat d\u2019acompanyar-vos en el vostre dia a dia com a fam\u00edlies, hem organitzat un cicle de tallers formatius que volen ser un espai per compartir dubtes, reflexionar i aprendre conjuntament de la m\u00e0 de professionals.<\/p>\n<p style=\"text-align: justify;\">Aquests tallers estan pensats per oferir eines pr\u00e0ctiques i fomentar un espai de di\u00e0leg i suport entre fam\u00edlies.<\/p>\n<p style=\"text-align: justify;\">Per facilitar l\u2019assist\u00e8ncia, durant totes les sessions hi haur\u00e0 servei de canguratge per a infants de 3 a 12 anys, en un entorn segur i estimulant, on podran aprendre i jugar mentre els adults participeu al taller.<\/p>\n<p style=\"text-align: justify;\">Tallers programats (horari de 15.00 a 16.15 h):<\/p>\n<p style=\"text-align: justify;\">Normes i l\u00edmits: tot no pot ser<br \/>\n\ud83d\uddd3 25 de febrer<\/p>\n<p style=\"text-align: justify;\">Autoestima: confia en tu<br \/>\n\ud83d\uddd3 25 de febrer<\/p>\n<p style=\"text-align: justify;\">Afrontar la separaci\u00f3: i ara qu\u00e8?<br \/>\n\ud83d\uddd3 11 de mar\u00e7<\/p>\n<p style=\"text-align: justify;\">Les TIC: com acompanyar els infants en l\u2019era digital<br \/>\n\ud83d\uddd3 24 de mar\u00e7<\/p>\n<p style=\"text-align: justify;\">\ud83d\udccd Lloc: Escola Salvador Espriu (entrada per la porta d\u2019infantil)<\/p>\n<p style=\"text-align: justify;\">\ud83d\udcdd Inscripcions:<br \/>\nCal escriure un correu electr\u00f2nic a soaf@tarragones.cat, indicant el nom i cognoms i si es necessita servei de canguratge.<\/p>\n<p style=\"text-align: justify;\">Us animem a participar-hi i a aprofitar aquest espai per cr\u00e9ixer i aprendre plegats.<\/p>\n<table style=\"border-collapse: collapse; width: 100%;\">\n<tbody>\n<tr>\n<td style=\"width: 25%;\"><a href=\"https:\/\/agora.xtec.cat\/ceip-salvador-espriu-roda\/wp-content\/uploads\/usu1367\/2026\/01\/Canvi-data_page-0001.jpg\"><img loading=\"lazy\" decoding=\"async\" class=\"aligncenter size-medium wp-image-9343\" src=\"https:\/\/agora.xtec.cat\/ceip-salvador-espriu-roda\/wp-content\/uploads\/usu1367\/2026\/01\/Canvi-data_page-0001-240x300.jpg\" alt=\"\" width=\"240\" height=\"300\" srcset=\"https:\/\/agora.xtec.cat\/ceip-salvador-espriu-roda\/wp-content\/uploads\/usu1367\/2026\/01\/Canvi-data_page-0001-240x300.jpg 240w, https:\/\/agora.xtec.cat\/ceip-salvador-espriu-roda\/wp-content\/uploads\/usu1367\/2026\/01\/Canvi-data_page-0001-819x1024.jpg 819w, https:\/\/agora.xtec.cat\/ceip-salvador-espriu-roda\/wp-content\/uploads\/usu1367\/2026\/01\/Canvi-data_page-0001-768x960.jpg 768w, https:\/\/agora.xtec.cat\/ceip-salvador-espriu-roda\/wp-content\/uploads\/usu1367\/2026\/01\/Canvi-data_page-0001-1229x1536.jpg 1229w, https:\/\/agora.xtec.cat\/ceip-salvador-espriu-roda\/wp-content\/uploads\/usu1367\/2026\/01\/Canvi-data_page-0001-1638x2048.jpg 1638w, https:\/\/agora.xtec.cat\/ceip-salvador-espriu-roda\/wp-content\/uploads\/usu1367\/2026\/01\/Canvi-data_page-0001.jpg 1688w\" sizes=\"auto, (max-width: 240px) 100vw, 240px\" \/><\/a><\/td>\n<td style=\"width: 25%;\"><a href=\"https:\/\/agora.xtec.cat\/ceip-salvador-espriu-roda\/wp-content\/uploads\/usu1367\/2026\/01\/WhatsApp-Image-2026-01-26-at-15.36.00-1.jpeg\"><img loading=\"lazy\" decoding=\"async\" class=\"aligncenter size-medium wp-image-9257\" src=\"https:\/\/agora.xtec.cat\/ceip-salvador-espriu-roda\/wp-content\/uploads\/usu1367\/2026\/01\/WhatsApp-Image-2026-01-26-at-15.36.00-1-219x300.jpeg\" alt=\"\" width=\"219\" height=\"300\" srcset=\"https:\/\/agora.xtec.cat\/ceip-salvador-espriu-roda\/wp-content\/uploads\/usu1367\/2026\/01\/WhatsApp-Image-2026-01-26-at-15.36.00-1-219x300.jpeg 219w, https:\/\/agora.xtec.cat\/ceip-salvador-espriu-roda\/wp-content\/uploads\/usu1367\/2026\/01\/WhatsApp-Image-2026-01-26-at-15.36.00-1-746x1024.jpeg 746w, https:\/\/agora.xtec.cat\/ceip-salvador-espriu-roda\/wp-content\/uploads\/usu1367\/2026\/01\/WhatsApp-Image-2026-01-26-at-15.36.00-1-768x1054.jpeg 768w, https:\/\/agora.xtec.cat\/ceip-salvador-espriu-roda\/wp-content\/uploads\/usu1367\/2026\/01\/WhatsApp-Image-2026-01-26-at-15.36.00-1-1119x1536.jpeg 1119w, https:\/\/agora.xtec.cat\/ceip-salvador-espriu-roda\/wp-content\/uploads\/usu1367\/2026\/01\/WhatsApp-Image-2026-01-26-at-15.36.00-1.jpeg 1166w\" sizes=\"auto, (max-width: 219px) 100vw, 219px\" \/><\/a><\/td>\n<td style=\"width: 25%;\"><a href=\"https:\/\/agora.xtec.cat\/ceip-salvador-espriu-roda\/wp-content\/uploads\/usu1367\/2026\/01\/WhatsApp-Image-2026-01-26-at-14.15.54.jpeg\"><img loading=\"lazy\" decoding=\"async\" class=\"aligncenter size-medium wp-image-9258\" src=\"https:\/\/agora.xtec.cat\/ceip-salvador-espriu-roda\/wp-content\/uploads\/usu1367\/2026\/01\/WhatsApp-Image-2026-01-26-at-14.15.54-212x300.jpeg\" alt=\"\" width=\"212\" height=\"300\" srcset=\"https:\/\/agora.xtec.cat\/ceip-salvador-espriu-roda\/wp-content\/uploads\/usu1367\/2026\/01\/WhatsApp-Image-2026-01-26-at-14.15.54-212x300.jpeg 212w, https:\/\/agora.xtec.cat\/ceip-salvador-espriu-roda\/wp-content\/uploads\/usu1367\/2026\/01\/WhatsApp-Image-2026-01-26-at-14.15.54-723x1024.jpeg 723w, https:\/\/agora.xtec.cat\/ceip-salvador-espriu-roda\/wp-content\/uploads\/usu1367\/2026\/01\/WhatsApp-Image-2026-01-26-at-14.15.54-768x1088.jpeg 768w, https:\/\/agora.xtec.cat\/ceip-salvador-espriu-roda\/wp-content\/uploads\/usu1367\/2026\/01\/WhatsApp-Image-2026-01-26-at-14.15.54-1084x1536.jpeg 1084w, https:\/\/agora.xtec.cat\/ceip-salvador-espriu-roda\/wp-content\/uploads\/usu1367\/2026\/01\/WhatsApp-Image-2026-01-26-at-14.15.54.jpeg 1129w\" sizes=\"auto, (max-width: 212px) 100vw, 212px\" \/><\/a><\/td>\n<td style=\"width: 25%;\"><a href=\"https:\/\/agora.xtec.cat\/ceip-salvador-espriu-roda\/wp-content\/uploads\/usu1367\/2026\/01\/WhatsApp-Image-2026-01-26-at-14.15.13.jpeg\"><img loading=\"lazy\" decoding=\"async\" class=\"aligncenter size-medium wp-image-9256\" src=\"https:\/\/agora.xtec.cat\/ceip-salvador-espriu-roda\/wp-content\/uploads\/usu1367\/2026\/01\/WhatsApp-Image-2026-01-26-at-14.15.13-211x300.jpeg\" alt=\"\" width=\"211\" height=\"300\" srcset=\"https:\/\/agora.xtec.cat\/ceip-salvador-espriu-roda\/wp-content\/uploads\/usu1367\/2026\/01\/WhatsApp-Image-2026-01-26-at-14.15.13-211x300.jpeg 211w, https:\/\/agora.xtec.cat\/ceip-salvador-espriu-roda\/wp-content\/uploads\/usu1367\/2026\/01\/WhatsApp-Image-2026-01-26-at-14.15.13-719x1024.jpeg 719w, https:\/\/agora.xtec.cat\/ceip-salvador-espriu-roda\/wp-content\/uploads\/usu1367\/2026\/01\/WhatsApp-Image-2026-01-26-at-14.15.13-768x1093.jpeg 768w, https:\/\/agora.xtec.cat\/ceip-salvador-espriu-roda\/wp-content\/uploads\/usu1367\/2026\/01\/WhatsApp-Image-2026-01-26-at-14.15.13-1079x1536.jpeg 1079w, https:\/\/agora.xtec.cat\/ceip-salvador-espriu-roda\/wp-content\/uploads\/usu1367\/2026\/01\/WhatsApp-Image-2026-01-26-at-14.15.13.jpeg 1124w\" sizes=\"auto, (max-width: 211px) 100vw, 211px\" \/><\/a><\/td>\n<\/tr>\n<\/tbody>\n<\/table>\n<p>&nbsp;<\/p>\n<p>&nbsp;<\/p>\n","protected":false},"excerpt":{"rendered":"<p>Benvolgudes fam\u00edlies,<br \/>\nDes de l\u2019escola Salvador Espriu reafirmem el nostre comprom\u00eds amb l\u2019educaci\u00f3 i el benestar dels nostres infants. Amb la voluntat d\u2019acompanyar-vos en el vostre dia a dia com a fam\u00edlies, hem organitzat un cicle de tallers formatius que volen ser un espai per compartir&hellip;  <a href=\"https:\/\/agora.xtec.cat\/ceip-salvador-espriu-roda\/general\/tallers-per-a-families-educar-i-creixer-junts\/\" title=\"Read Tallers per a fam\u00edlies: educar i cr\u00e9ixer junts\">Llegeix m\u00e9s\u00bb<\/a><\/p>\n","protected":false},"author":1,"featured_media":9343,"comment_status":"closed","ping_status":"closed","sticky":false,"template":"","format":"standard","meta":{"_bbp_topic_count":0,"_bbp_reply_count":0,"_bbp_total_topic_count":0,"_bbp_total_reply_count":0,"_bbp_voice_count":0,"_bbp_anonymous_reply_count":0,"_bbp_topic_count_hidden":0,"_bbp_reply_count_hidden":0,"_bbp_forum_subforum_count":0,"footnotes":""},"categories":[79,1,55,4],"tags":[],"class_list":["post-9253","post","type-post","status-publish","format-standard","has-post-thumbnail","hentry","category-escola-formadora","category-general","category-informacions-diverses","category-portada"],"post_mailing_queue_ids":[],"_links":{"self":[{"href":"https:\/\/agora.xtec.cat\/ceip-salvador-espriu-roda\/wp-json\/wp\/v2\/posts\/9253","targetHints":{"allow":["GET"]}}],"collection":[{"href":"https:\/\/agora.xtec.cat\/ceip-salvador-espriu-roda\/wp-json\/wp\/v2\/posts"}],"about":[{"href":"https:\/\/agora.xtec.cat\/ceip-salvador-espriu-roda\/wp-json\/wp\/v2\/types\/post"}],"author":[{"embeddable":true,"href":"https:\/\/agora.xtec.cat\/ceip-salvador-espriu-roda\/wp-json\/wp\/v2\/users\/1"}],"replies":[{"embeddable":true,"href":"https:\/\/agora.xtec.cat\/ceip-salvador-espriu-roda\/wp-json\/wp\/v2\/comments?post=9253"}],"version-history":[{"count":5,"href":"https:\/\/agora.xtec.cat\/ceip-salvador-espriu-roda\/wp-json\/wp\/v2\/posts\/9253\/revisions"}],"predecessor-version":[{"id":9344,"href":"https:\/\/agora.xtec.cat\/ceip-salvador-espriu-roda\/wp-json\/wp\/v2\/posts\/9253\/revisions\/9344"}],"wp:featuredmedia":[{"embeddable":true,"href":"https:\/\/agora.xtec.cat\/ceip-salvador-espriu-roda\/wp-json\/wp\/v2\/media\/9343"}],"wp:attachment":[{"href":"https:\/\/agora.xtec.cat\/ceip-salvador-espriu-roda\/wp-json\/wp\/v2\/media?parent=9253"}],"wp:term":[{"taxonomy":"category","embeddable":true,"href":"https:\/\/agora.xtec.cat\/ceip-salvador-espriu-roda\/wp-json\/wp\/v2\/categories?post=9253"},{"taxonomy":"post_tag","embeddable":true,"href":"https:\/\/agora.xtec.cat\/ceip-salvador-espriu-roda\/wp-json\/wp\/v2\/tags?post=9253"}],"curies":[{"name":"wp","href":"https:\/\/api.w.org\/{rel}","templated":true}]}}