{"id":9221,"date":"2026-01-13T12:19:46","date_gmt":"2026-01-13T11:19:46","guid":{"rendered":"https:\/\/agora.xtec.cat\/ceip-salvador-espriu-roda\/?p=9221"},"modified":"2026-01-13T12:19:46","modified_gmt":"2026-01-13T11:19:46","slug":"tauler-de-les-bones-noticies","status":"publish","type":"post","link":"https:\/\/agora.xtec.cat\/ceip-salvador-espriu-roda\/portada\/tauler-de-les-bones-noticies\/","title":{"rendered":"Tauler de les bones not\u00edcies"},"content":{"rendered":"<p>Hola fam\u00edlies!<\/p>\n<p>Aquest curs com b\u00e9 sabeu, hem engegat el tauler de les bones not\u00edcies i ha estat tot un \u00e8xit durant el primer trimestre! \u2b50Aqu\u00ed tenim les not\u00edcies que els vostres fills i filles han volgut compartir fins ara! \u00c9s per aix\u00f2 que ara que comen\u00e7a un nou trimestre i venim de gaudir de les vacances, segur que teniu moltes coses bones a compartir!<\/p>\n<p>Animeu-vos a participar!<\/p>\n<p>\u270d\ud83c\udffcPot arribar a ser una activitat molt bonica per fer en fam\u00edlia!\ud83d\udc9c Ens encantaria llegir-vos!\ud83d\udcdd<\/p>\n<div style=\"width: 848px;\" class=\"wp-video\"><!--[if lt IE 9]><script>document.createElement('video');<\/script><![endif]-->\n<video class=\"wp-video-shortcode\" id=\"video-9221-1\" width=\"848\" height=\"480\" preload=\"metadata\" controls=\"controls\"><source type=\"video\/mp4\" src=\"https:\/\/agora.xtec.cat\/ceip-salvador-espriu-roda\/wp-content\/uploads\/usu1367\/2026\/01\/WhatsApp-Video-2026-01-09-at-16.05.55.mp4?_=1\" \/><a href=\"https:\/\/agora.xtec.cat\/ceip-salvador-espriu-roda\/wp-content\/uploads\/usu1367\/2026\/01\/WhatsApp-Video-2026-01-09-at-16.05.55.mp4\">https:\/\/agora.xtec.cat\/ceip-salvador-espriu-roda\/wp-content\/uploads\/usu1367\/2026\/01\/WhatsApp-Video-2026-01-09-at-16.05.55.mp4<\/a><\/video><\/div>\n<div style=\"width: 848px;\" class=\"wp-video\"><video class=\"wp-video-shortcode\" id=\"video-9221-2\" width=\"848\" height=\"480\" preload=\"metadata\" controls=\"controls\"><source type=\"video\/mp4\" src=\"https:\/\/agora.xtec.cat\/ceip-salvador-espriu-roda\/wp-content\/uploads\/usu1367\/2026\/01\/WhatsApp-Video-2026-01-09-at-16.05.56.mp4?_=2\" \/><a href=\"https:\/\/agora.xtec.cat\/ceip-salvador-espriu-roda\/wp-content\/uploads\/usu1367\/2026\/01\/WhatsApp-Video-2026-01-09-at-16.05.56.mp4\">https:\/\/agora.xtec.cat\/ceip-salvador-espriu-roda\/wp-content\/uploads\/usu1367\/2026\/01\/WhatsApp-Video-2026-01-09-at-16.05.56.mp4<\/a><\/video><\/div>\n","protected":false},"excerpt":{"rendered":"<p>Hola fam\u00edlies!<br \/>\nAquest curs com b\u00e9 sabeu, hem engegat el tauler de les bones not\u00edcies i ha estat tot un \u00e8xit durant el primer trimestre! \u2b50Aqu\u00ed tenim les not\u00edcies que els vostres fills i filles han volgut compartir fins ara! \u00c9s per aix\u00f2 que ara que&hellip;  <a href=\"https:\/\/agora.xtec.cat\/ceip-salvador-espriu-roda\/portada\/tauler-de-les-bones-noticies\/\" title=\"Read Tauler de les bones not\u00edcies\">Llegeix m\u00e9s\u00bb<\/a><\/p>\n","protected":false},"author":1,"featured_media":0,"comment_status":"closed","ping_status":"closed","sticky":false,"template":"","format":"standard","meta":{"_bbp_topic_count":0,"_bbp_reply_count":0,"_bbp_total_topic_count":0,"_bbp_total_reply_count":0,"_bbp_voice_count":0,"_bbp_anonymous_reply_count":0,"_bbp_topic_count_hidden":0,"_bbp_reply_count_hidden":0,"_bbp_forum_subforum_count":0,"footnotes":""},"categories":[55,4],"tags":[],"class_list":["post-9221","post","type-post","status-publish","format-standard","hentry","category-informacions-diverses","category-portada"],"post_mailing_queue_ids":[],"_links":{"self":[{"href":"https:\/\/agora.xtec.cat\/ceip-salvador-espriu-roda\/wp-json\/wp\/v2\/posts\/9221","targetHints":{"allow":["GET"]}}],"collection":[{"href":"https:\/\/agora.xtec.cat\/ceip-salvador-espriu-roda\/wp-json\/wp\/v2\/posts"}],"about":[{"href":"https:\/\/agora.xtec.cat\/ceip-salvador-espriu-roda\/wp-json\/wp\/v2\/types\/post"}],"author":[{"embeddable":true,"href":"https:\/\/agora.xtec.cat\/ceip-salvador-espriu-roda\/wp-json\/wp\/v2\/users\/1"}],"replies":[{"embeddable":true,"href":"https:\/\/agora.xtec.cat\/ceip-salvador-espriu-roda\/wp-json\/wp\/v2\/comments?post=9221"}],"version-history":[{"count":1,"href":"https:\/\/agora.xtec.cat\/ceip-salvador-espriu-roda\/wp-json\/wp\/v2\/posts\/9221\/revisions"}],"predecessor-version":[{"id":9224,"href":"https:\/\/agora.xtec.cat\/ceip-salvador-espriu-roda\/wp-json\/wp\/v2\/posts\/9221\/revisions\/9224"}],"wp:attachment":[{"href":"https:\/\/agora.xtec.cat\/ceip-salvador-espriu-roda\/wp-json\/wp\/v2\/media?parent=9221"}],"wp:term":[{"taxonomy":"category","embeddable":true,"href":"https:\/\/agora.xtec.cat\/ceip-salvador-espriu-roda\/wp-json\/wp\/v2\/categories?post=9221"},{"taxonomy":"post_tag","embeddable":true,"href":"https:\/\/agora.xtec.cat\/ceip-salvador-espriu-roda\/wp-json\/wp\/v2\/tags?post=9221"}],"curies":[{"name":"wp","href":"https:\/\/api.w.org\/{rel}","templated":true}]}}