{"id":9173,"date":"2025-12-03T12:42:43","date_gmt":"2025-12-03T11:42:43","guid":{"rendered":"https:\/\/agora.xtec.cat\/ceip-salvador-espriu-roda\/?p=9173"},"modified":"2025-12-03T12:42:43","modified_gmt":"2025-12-03T11:42:43","slug":"som-lectors-experts-2","status":"publish","type":"post","link":"https:\/\/agora.xtec.cat\/ceip-salvador-espriu-roda\/general\/som-lectors-experts-2\/","title":{"rendered":"Som lectors experts!"},"content":{"rendered":"<p>Benvolgudes fam\u00edlies!<\/p>\n<p>Un curs m\u00e9s, estem molt contents de presentar-vos els Lectors Experts!<br \/>\nUn grup d\u2019alumnes amb un alt nivell de comprensi\u00f3 lectora que gaudeixen llegint i aprenent a trav\u00e9s dels llibres.<\/p>\n<p>Recordem a totes les fam\u00edlies la import\u00e0ncia de dedicar uns minuts de lectura di\u00e0ria, ja que \u00e9s una clau essencial per continuar avan\u00e7ant.<\/p>\n<p>Seguim llegint, creixent i compartint hist\u00f2ries!<\/p>\n<p><a href=\"https:\/\/agora.xtec.cat\/ceip-salvador-espriu-roda\/wp-content\/uploads\/usu1367\/2025\/12\/WhatsApp-Image-2025-12-02-at-16.41.32.jpeg\"><img loading=\"lazy\" decoding=\"async\" class=\"aligncenter wp-image-9174\" src=\"https:\/\/agora.xtec.cat\/ceip-salvador-espriu-roda\/wp-content\/uploads\/usu1367\/2025\/12\/WhatsApp-Image-2025-12-02-at-16.41.32-225x300.jpeg\" alt=\"\" width=\"500\" height=\"667\" srcset=\"https:\/\/agora.xtec.cat\/ceip-salvador-espriu-roda\/wp-content\/uploads\/usu1367\/2025\/12\/WhatsApp-Image-2025-12-02-at-16.41.32-225x300.jpeg 225w, https:\/\/agora.xtec.cat\/ceip-salvador-espriu-roda\/wp-content\/uploads\/usu1367\/2025\/12\/WhatsApp-Image-2025-12-02-at-16.41.32-768x1024.jpeg 768w, https:\/\/agora.xtec.cat\/ceip-salvador-espriu-roda\/wp-content\/uploads\/usu1367\/2025\/12\/WhatsApp-Image-2025-12-02-at-16.41.32-1152x1536.jpeg 1152w, https:\/\/agora.xtec.cat\/ceip-salvador-espriu-roda\/wp-content\/uploads\/usu1367\/2025\/12\/WhatsApp-Image-2025-12-02-at-16.41.32.jpeg 1200w\" sizes=\"auto, (max-width: 500px) 100vw, 500px\" \/><\/a><\/p>\n<p>&nbsp;<\/p>\n","protected":false},"excerpt":{"rendered":"<p>Benvolgudes fam\u00edlies!<br \/>\nUn curs m\u00e9s, estem molt contents de presentar-vos els Lectors Experts!<br \/>\nUn grup d\u2019alumnes amb un alt nivell de comprensi\u00f3 lectora que gaudeixen llegint i aprenent a trav\u00e9s dels llibres.<br \/>\nRecordem a totes les fam\u00edlies la import\u00e0ncia de dedicar uns minuts de lectura di\u00e0ria, ja que&hellip;  <a href=\"https:\/\/agora.xtec.cat\/ceip-salvador-espriu-roda\/general\/som-lectors-experts-2\/\" title=\"Read Som lectors experts!\">Llegeix m\u00e9s\u00bb<\/a><\/p>\n","protected":false},"author":1,"featured_media":9174,"comment_status":"closed","ping_status":"closed","sticky":false,"template":"","format":"standard","meta":{"_bbp_topic_count":0,"_bbp_reply_count":0,"_bbp_total_topic_count":0,"_bbp_total_reply_count":0,"_bbp_voice_count":0,"_bbp_anonymous_reply_count":0,"_bbp_topic_count_hidden":0,"_bbp_reply_count_hidden":0,"_bbp_forum_subforum_count":0,"footnotes":""},"categories":[64,1,103,4,77],"tags":[],"class_list":["post-9173","post","type-post","status-publish","format-standard","has-post-thumbnail","hentry","category-biblioteca","category-general","category-hem-fet-a-escola","category-portada","category-projectes"],"post_mailing_queue_ids":[],"_links":{"self":[{"href":"https:\/\/agora.xtec.cat\/ceip-salvador-espriu-roda\/wp-json\/wp\/v2\/posts\/9173","targetHints":{"allow":["GET"]}}],"collection":[{"href":"https:\/\/agora.xtec.cat\/ceip-salvador-espriu-roda\/wp-json\/wp\/v2\/posts"}],"about":[{"href":"https:\/\/agora.xtec.cat\/ceip-salvador-espriu-roda\/wp-json\/wp\/v2\/types\/post"}],"author":[{"embeddable":true,"href":"https:\/\/agora.xtec.cat\/ceip-salvador-espriu-roda\/wp-json\/wp\/v2\/users\/1"}],"replies":[{"embeddable":true,"href":"https:\/\/agora.xtec.cat\/ceip-salvador-espriu-roda\/wp-json\/wp\/v2\/comments?post=9173"}],"version-history":[{"count":2,"href":"https:\/\/agora.xtec.cat\/ceip-salvador-espriu-roda\/wp-json\/wp\/v2\/posts\/9173\/revisions"}],"predecessor-version":[{"id":9176,"href":"https:\/\/agora.xtec.cat\/ceip-salvador-espriu-roda\/wp-json\/wp\/v2\/posts\/9173\/revisions\/9176"}],"wp:featuredmedia":[{"embeddable":true,"href":"https:\/\/agora.xtec.cat\/ceip-salvador-espriu-roda\/wp-json\/wp\/v2\/media\/9174"}],"wp:attachment":[{"href":"https:\/\/agora.xtec.cat\/ceip-salvador-espriu-roda\/wp-json\/wp\/v2\/media?parent=9173"}],"wp:term":[{"taxonomy":"category","embeddable":true,"href":"https:\/\/agora.xtec.cat\/ceip-salvador-espriu-roda\/wp-json\/wp\/v2\/categories?post=9173"},{"taxonomy":"post_tag","embeddable":true,"href":"https:\/\/agora.xtec.cat\/ceip-salvador-espriu-roda\/wp-json\/wp\/v2\/tags?post=9173"}],"curies":[{"name":"wp","href":"https:\/\/api.w.org\/{rel}","templated":true}]}}