{"id":9157,"date":"2025-12-02T12:13:28","date_gmt":"2025-12-02T11:13:28","guid":{"rendered":"https:\/\/agora.xtec.cat\/ceip-salvador-espriu-roda\/?p=9157"},"modified":"2025-12-02T12:13:28","modified_gmt":"2025-12-02T11:13:28","slug":"%f0%9f%93%86%f0%9f%97%a3%ef%b8%8f-speaking-about-school-schedules","status":"publish","type":"post","link":"https:\/\/agora.xtec.cat\/ceip-salvador-espriu-roda\/portada\/%f0%9f%93%86%f0%9f%97%a3%ef%b8%8f-speaking-about-school-schedules\/","title":{"rendered":"\ud83d\udcc6\ud83d\udde3\ufe0f Speaking about school schedules!"},"content":{"rendered":"<p>Dear families!<\/p>\n<p>\u20143rd graders have been working about school subjects and week schedules in the English class. As a \u201cFinal Task\u201d we practised oral skills doing a dialogue in pairs to get the missing information. After that, we have done a self-assessment to be consciuos of our learning process.\u270d\ud83c\udffb<\/p>\n<p>\u2014L\u2019alumnat de 3r hem estat treballant sobre les mat\u00e8ries escolars i els horaris setmanals a la classe d\u2019angl\u00e8s. Com a tasca final de la unitat hem practicat les nostres habilitats orals fent di\u00e0legs en parelles, preguntant-nos qu\u00e8 ten\u00edem cada dia de la setmana.<br \/>\nEn acabar, hem fet una autoavaluaci\u00f3 per prendre consci\u00e8ncia del nostre proc\u00e9s d\u2019aprenentatge.\u270d\ud83c\udffb<\/p>\n<table style=\"border-collapse: collapse; width: 100%;\">\n<tbody>\n<tr>\n<td style=\"width: 25%;\"><a href=\"https:\/\/agora.xtec.cat\/ceip-salvador-espriu-roda\/wp-content\/uploads\/usu1367\/2025\/12\/WhatsApp-Image-2025-12-01-at-16.27.04.jpeg\"><img loading=\"lazy\" decoding=\"async\" class=\"aligncenter size-medium wp-image-9164\" src=\"https:\/\/agora.xtec.cat\/ceip-salvador-espriu-roda\/wp-content\/uploads\/usu1367\/2025\/12\/WhatsApp-Image-2025-12-01-at-16.27.04-225x300.jpeg\" alt=\"\" width=\"225\" height=\"300\" srcset=\"https:\/\/agora.xtec.cat\/ceip-salvador-espriu-roda\/wp-content\/uploads\/usu1367\/2025\/12\/WhatsApp-Image-2025-12-01-at-16.27.04-225x300.jpeg 225w, https:\/\/agora.xtec.cat\/ceip-salvador-espriu-roda\/wp-content\/uploads\/usu1367\/2025\/12\/WhatsApp-Image-2025-12-01-at-16.27.04-768x1024.jpeg 768w, https:\/\/agora.xtec.cat\/ceip-salvador-espriu-roda\/wp-content\/uploads\/usu1367\/2025\/12\/WhatsApp-Image-2025-12-01-at-16.27.04-1152x1536.jpeg 1152w, https:\/\/agora.xtec.cat\/ceip-salvador-espriu-roda\/wp-content\/uploads\/usu1367\/2025\/12\/WhatsApp-Image-2025-12-01-at-16.27.04.jpeg 1200w\" sizes=\"auto, (max-width: 225px) 100vw, 225px\" \/><\/a><\/td>\n<td style=\"width: 25%;\"><a href=\"https:\/\/agora.xtec.cat\/ceip-salvador-espriu-roda\/wp-content\/uploads\/usu1367\/2025\/12\/WhatsApp-Image-2025-12-01-at-16.27.05.jpeg\"><img loading=\"lazy\" decoding=\"async\" class=\"aligncenter size-medium wp-image-9163\" src=\"https:\/\/agora.xtec.cat\/ceip-salvador-espriu-roda\/wp-content\/uploads\/usu1367\/2025\/12\/WhatsApp-Image-2025-12-01-at-16.27.05-300x225.jpeg\" alt=\"\" width=\"300\" height=\"225\" srcset=\"https:\/\/agora.xtec.cat\/ceip-salvador-espriu-roda\/wp-content\/uploads\/usu1367\/2025\/12\/WhatsApp-Image-2025-12-01-at-16.27.05-300x225.jpeg 300w, https:\/\/agora.xtec.cat\/ceip-salvador-espriu-roda\/wp-content\/uploads\/usu1367\/2025\/12\/WhatsApp-Image-2025-12-01-at-16.27.05-1024x768.jpeg 1024w, https:\/\/agora.xtec.cat\/ceip-salvador-espriu-roda\/wp-content\/uploads\/usu1367\/2025\/12\/WhatsApp-Image-2025-12-01-at-16.27.05-768x576.jpeg 768w, https:\/\/agora.xtec.cat\/ceip-salvador-espriu-roda\/wp-content\/uploads\/usu1367\/2025\/12\/WhatsApp-Image-2025-12-01-at-16.27.05-1536x1152.jpeg 1536w, https:\/\/agora.xtec.cat\/ceip-salvador-espriu-roda\/wp-content\/uploads\/usu1367\/2025\/12\/WhatsApp-Image-2025-12-01-at-16.27.05-200x150.jpeg 200w, https:\/\/agora.xtec.cat\/ceip-salvador-espriu-roda\/wp-content\/uploads\/usu1367\/2025\/12\/WhatsApp-Image-2025-12-01-at-16.27.05.jpeg 1600w\" sizes=\"auto, (max-width: 300px) 100vw, 300px\" \/><\/a><\/td>\n<td style=\"width: 25%;\"><a href=\"https:\/\/agora.xtec.cat\/ceip-salvador-espriu-roda\/wp-content\/uploads\/usu1367\/2025\/12\/WhatsApp-Image-2025-12-01-at-16.27.05-1.jpeg\"><img loading=\"lazy\" decoding=\"async\" class=\"aligncenter size-medium wp-image-9162\" src=\"https:\/\/agora.xtec.cat\/ceip-salvador-espriu-roda\/wp-content\/uploads\/usu1367\/2025\/12\/WhatsApp-Image-2025-12-01-at-16.27.05-1-300x225.jpeg\" alt=\"\" width=\"300\" height=\"225\" srcset=\"https:\/\/agora.xtec.cat\/ceip-salvador-espriu-roda\/wp-content\/uploads\/usu1367\/2025\/12\/WhatsApp-Image-2025-12-01-at-16.27.05-1-300x225.jpeg 300w, https:\/\/agora.xtec.cat\/ceip-salvador-espriu-roda\/wp-content\/uploads\/usu1367\/2025\/12\/WhatsApp-Image-2025-12-01-at-16.27.05-1-1024x768.jpeg 1024w, https:\/\/agora.xtec.cat\/ceip-salvador-espriu-roda\/wp-content\/uploads\/usu1367\/2025\/12\/WhatsApp-Image-2025-12-01-at-16.27.05-1-768x576.jpeg 768w, https:\/\/agora.xtec.cat\/ceip-salvador-espriu-roda\/wp-content\/uploads\/usu1367\/2025\/12\/WhatsApp-Image-2025-12-01-at-16.27.05-1-1536x1152.jpeg 1536w, https:\/\/agora.xtec.cat\/ceip-salvador-espriu-roda\/wp-content\/uploads\/usu1367\/2025\/12\/WhatsApp-Image-2025-12-01-at-16.27.05-1-200x150.jpeg 200w, https:\/\/agora.xtec.cat\/ceip-salvador-espriu-roda\/wp-content\/uploads\/usu1367\/2025\/12\/WhatsApp-Image-2025-12-01-at-16.27.05-1.jpeg 1600w\" sizes=\"auto, (max-width: 300px) 100vw, 300px\" \/><\/a><\/td>\n<td style=\"width: 25%;\"><a href=\"https:\/\/agora.xtec.cat\/ceip-salvador-espriu-roda\/wp-content\/uploads\/usu1367\/2025\/12\/WhatsApp-Image-2025-12-01-at-16.27.05-2.jpeg\"><img loading=\"lazy\" decoding=\"async\" class=\"aligncenter size-medium wp-image-9161\" src=\"https:\/\/agora.xtec.cat\/ceip-salvador-espriu-roda\/wp-content\/uploads\/usu1367\/2025\/12\/WhatsApp-Image-2025-12-01-at-16.27.05-2-225x300.jpeg\" alt=\"\" width=\"225\" height=\"300\" srcset=\"https:\/\/agora.xtec.cat\/ceip-salvador-espriu-roda\/wp-content\/uploads\/usu1367\/2025\/12\/WhatsApp-Image-2025-12-01-at-16.27.05-2-225x300.jpeg 225w, https:\/\/agora.xtec.cat\/ceip-salvador-espriu-roda\/wp-content\/uploads\/usu1367\/2025\/12\/WhatsApp-Image-2025-12-01-at-16.27.05-2-768x1024.jpeg 768w, https:\/\/agora.xtec.cat\/ceip-salvador-espriu-roda\/wp-content\/uploads\/usu1367\/2025\/12\/WhatsApp-Image-2025-12-01-at-16.27.05-2-1152x1536.jpeg 1152w, https:\/\/agora.xtec.cat\/ceip-salvador-espriu-roda\/wp-content\/uploads\/usu1367\/2025\/12\/WhatsApp-Image-2025-12-01-at-16.27.05-2.jpeg 1200w\" sizes=\"auto, (max-width: 225px) 100vw, 225px\" \/><\/a><\/td>\n<\/tr>\n<tr>\n<td style=\"width: 25%;\"><a href=\"https:\/\/agora.xtec.cat\/ceip-salvador-espriu-roda\/wp-content\/uploads\/usu1367\/2025\/12\/WhatsApp-Image-2025-12-01-at-16.27.05-4.jpeg\"><img loading=\"lazy\" decoding=\"async\" class=\"aligncenter size-medium wp-image-9159\" src=\"https:\/\/agora.xtec.cat\/ceip-salvador-espriu-roda\/wp-content\/uploads\/usu1367\/2025\/12\/WhatsApp-Image-2025-12-01-at-16.27.05-4-225x300.jpeg\" alt=\"\" width=\"225\" height=\"300\" srcset=\"https:\/\/agora.xtec.cat\/ceip-salvador-espriu-roda\/wp-content\/uploads\/usu1367\/2025\/12\/WhatsApp-Image-2025-12-01-at-16.27.05-4-225x300.jpeg 225w, https:\/\/agora.xtec.cat\/ceip-salvador-espriu-roda\/wp-content\/uploads\/usu1367\/2025\/12\/WhatsApp-Image-2025-12-01-at-16.27.05-4-768x1024.jpeg 768w, https:\/\/agora.xtec.cat\/ceip-salvador-espriu-roda\/wp-content\/uploads\/usu1367\/2025\/12\/WhatsApp-Image-2025-12-01-at-16.27.05-4-1152x1536.jpeg 1152w, https:\/\/agora.xtec.cat\/ceip-salvador-espriu-roda\/wp-content\/uploads\/usu1367\/2025\/12\/WhatsApp-Image-2025-12-01-at-16.27.05-4.jpeg 1200w\" sizes=\"auto, (max-width: 225px) 100vw, 225px\" \/><\/a><\/td>\n<td style=\"width: 25%;\"><a href=\"https:\/\/agora.xtec.cat\/ceip-salvador-espriu-roda\/wp-content\/uploads\/usu1367\/2025\/12\/WhatsApp-Image-2025-12-01-at-16.27.05-5.jpeg\"><img loading=\"lazy\" decoding=\"async\" class=\"aligncenter size-medium wp-image-9158\" src=\"https:\/\/agora.xtec.cat\/ceip-salvador-espriu-roda\/wp-content\/uploads\/usu1367\/2025\/12\/WhatsApp-Image-2025-12-01-at-16.27.05-5-225x300.jpeg\" alt=\"\" width=\"225\" height=\"300\" srcset=\"https:\/\/agora.xtec.cat\/ceip-salvador-espriu-roda\/wp-content\/uploads\/usu1367\/2025\/12\/WhatsApp-Image-2025-12-01-at-16.27.05-5-225x300.jpeg 225w, https:\/\/agora.xtec.cat\/ceip-salvador-espriu-roda\/wp-content\/uploads\/usu1367\/2025\/12\/WhatsApp-Image-2025-12-01-at-16.27.05-5-768x1024.jpeg 768w, https:\/\/agora.xtec.cat\/ceip-salvador-espriu-roda\/wp-content\/uploads\/usu1367\/2025\/12\/WhatsApp-Image-2025-12-01-at-16.27.05-5-1152x1536.jpeg 1152w, https:\/\/agora.xtec.cat\/ceip-salvador-espriu-roda\/wp-content\/uploads\/usu1367\/2025\/12\/WhatsApp-Image-2025-12-01-at-16.27.05-5.jpeg 1200w\" sizes=\"auto, (max-width: 225px) 100vw, 225px\" \/><\/a><\/td>\n<td style=\"width: 25%;\"><a href=\"https:\/\/agora.xtec.cat\/ceip-salvador-espriu-roda\/wp-content\/uploads\/usu1367\/2025\/12\/WhatsApp-Image-2025-12-01-at-16.27.05-3.jpeg\"><img loading=\"lazy\" decoding=\"async\" class=\"aligncenter size-medium wp-image-9160\" src=\"https:\/\/agora.xtec.cat\/ceip-salvador-espriu-roda\/wp-content\/uploads\/usu1367\/2025\/12\/WhatsApp-Image-2025-12-01-at-16.27.05-3-225x300.jpeg\" alt=\"\" width=\"225\" height=\"300\" srcset=\"https:\/\/agora.xtec.cat\/ceip-salvador-espriu-roda\/wp-content\/uploads\/usu1367\/2025\/12\/WhatsApp-Image-2025-12-01-at-16.27.05-3-225x300.jpeg 225w, https:\/\/agora.xtec.cat\/ceip-salvador-espriu-roda\/wp-content\/uploads\/usu1367\/2025\/12\/WhatsApp-Image-2025-12-01-at-16.27.05-3-768x1024.jpeg 768w, https:\/\/agora.xtec.cat\/ceip-salvador-espriu-roda\/wp-content\/uploads\/usu1367\/2025\/12\/WhatsApp-Image-2025-12-01-at-16.27.05-3-1152x1536.jpeg 1152w, https:\/\/agora.xtec.cat\/ceip-salvador-espriu-roda\/wp-content\/uploads\/usu1367\/2025\/12\/WhatsApp-Image-2025-12-01-at-16.27.05-3.jpeg 1200w\" sizes=\"auto, (max-width: 225px) 100vw, 225px\" \/><\/a><\/td>\n<td style=\"width: 25%;\"><\/td>\n<\/tr>\n<\/tbody>\n<\/table>\n<p>&nbsp;<\/p>\n<p>&nbsp;<\/p>\n","protected":false},"excerpt":{"rendered":"<p>Dear families!<br \/>\n\u20143rd graders have been working about school subjects and week schedules in the English class. As a \u201cFinal Task\u201d we practised oral skills doing a dialogue in pairs to get the missing information. After that, we have done a self-assessment to be consciuos of&hellip;  <a href=\"https:\/\/agora.xtec.cat\/ceip-salvador-espriu-roda\/portada\/%f0%9f%93%86%f0%9f%97%a3%ef%b8%8f-speaking-about-school-schedules\/\" title=\"Read \ud83d\udcc6\ud83d\udde3\ufe0f Speaking about school schedules!\">Llegeix m\u00e9s\u00bb<\/a><\/p>\n","protected":false},"author":1,"featured_media":9158,"comment_status":"closed","ping_status":"closed","sticky":false,"template":"","format":"standard","meta":{"_bbp_topic_count":0,"_bbp_reply_count":0,"_bbp_total_topic_count":0,"_bbp_total_reply_count":0,"_bbp_voice_count":0,"_bbp_anonymous_reply_count":0,"_bbp_topic_count_hidden":0,"_bbp_reply_count_hidden":0,"_bbp_forum_subforum_count":0,"footnotes":""},"categories":[111,132,103,4,108,77],"tags":[],"class_list":["post-9157","post","type-post","status-publish","format-standard","has-post-thumbnail","hentry","category-3r","category-english","category-hem-fet-a-escola","category-portada","category-primaria","category-projectes"],"post_mailing_queue_ids":[],"_links":{"self":[{"href":"https:\/\/agora.xtec.cat\/ceip-salvador-espriu-roda\/wp-json\/wp\/v2\/posts\/9157","targetHints":{"allow":["GET"]}}],"collection":[{"href":"https:\/\/agora.xtec.cat\/ceip-salvador-espriu-roda\/wp-json\/wp\/v2\/posts"}],"about":[{"href":"https:\/\/agora.xtec.cat\/ceip-salvador-espriu-roda\/wp-json\/wp\/v2\/types\/post"}],"author":[{"embeddable":true,"href":"https:\/\/agora.xtec.cat\/ceip-salvador-espriu-roda\/wp-json\/wp\/v2\/users\/1"}],"replies":[{"embeddable":true,"href":"https:\/\/agora.xtec.cat\/ceip-salvador-espriu-roda\/wp-json\/wp\/v2\/comments?post=9157"}],"version-history":[{"count":1,"href":"https:\/\/agora.xtec.cat\/ceip-salvador-espriu-roda\/wp-json\/wp\/v2\/posts\/9157\/revisions"}],"predecessor-version":[{"id":9165,"href":"https:\/\/agora.xtec.cat\/ceip-salvador-espriu-roda\/wp-json\/wp\/v2\/posts\/9157\/revisions\/9165"}],"wp:featuredmedia":[{"embeddable":true,"href":"https:\/\/agora.xtec.cat\/ceip-salvador-espriu-roda\/wp-json\/wp\/v2\/media\/9158"}],"wp:attachment":[{"href":"https:\/\/agora.xtec.cat\/ceip-salvador-espriu-roda\/wp-json\/wp\/v2\/media?parent=9157"}],"wp:term":[{"taxonomy":"category","embeddable":true,"href":"https:\/\/agora.xtec.cat\/ceip-salvador-espriu-roda\/wp-json\/wp\/v2\/categories?post=9157"},{"taxonomy":"post_tag","embeddable":true,"href":"https:\/\/agora.xtec.cat\/ceip-salvador-espriu-roda\/wp-json\/wp\/v2\/tags?post=9157"}],"curies":[{"name":"wp","href":"https:\/\/api.w.org\/{rel}","templated":true}]}}