{"id":9153,"date":"2025-11-26T12:04:10","date_gmt":"2025-11-26T11:04:10","guid":{"rendered":"https:\/\/agora.xtec.cat\/ceip-salvador-espriu-roda\/?p=9153"},"modified":"2025-11-26T12:04:10","modified_gmt":"2025-11-26T11:04:10","slug":"benvinguda-a-les-families-di3","status":"publish","type":"post","link":"https:\/\/agora.xtec.cat\/ceip-salvador-espriu-roda\/portada\/benvinguda-a-les-families-di3\/","title":{"rendered":"Benvinguda a les fam\u00edlies d&#8217;I3"},"content":{"rendered":"<p>Benvolgudes fam\u00edlies!<\/p>\n<p>Aquest dilluns i dimarts hem viscut dues jornades molt especials amb la benvinguda a les fam\u00edlies d\u2019I3, coincidint amb la finalitzaci\u00f3 del per\u00edode de vinculaci\u00f3.<\/p>\n<p>Han estat moments plens de proximitat i emoci\u00f3, en qu\u00e8 equip docent i fam\u00edlies hem compartit mirades, converses, inquietuds i il\u00b7lusions.<br \/>\nRetrobar-nos dins l\u2019aula, veure els infants connectar amb el seu nou espai i sentir el suport de les fam\u00edlies ha fet d\u2019aquests dies una experi\u00e8ncia profundament significativa.<\/p>\n<p>Aquestes trobades han perm\u00e8s que les fam\u00edlies gaudissin d\u2019una jornada lectiva des de dins, compartida amb els infants i el nostre equip, refor\u00e7ant el vincle que ens uneix en l\u2019acompanyament d\u2019aquesta nova etapa.<\/p>\n<p>Gr\u00e0cies, fam\u00edlies, per la vostra confian\u00e7a, tendresa i pres\u00e8ncia. \ud83d\udc9b\u2728<br \/>\nJunts fem cam\u00ed.<\/p>\n<table style=\"border-collapse: collapse; width: 100%;\">\n<tbody>\n<tr>\n<td style=\"width: 50%;\"><a href=\"https:\/\/agora.xtec.cat\/ceip-salvador-espriu-roda\/wp-content\/uploads\/usu1367\/2025\/11\/WhatsApp-Image-2025-11-25-at-16.08.32.jpeg\"><img loading=\"lazy\" decoding=\"async\" class=\"aligncenter size-medium wp-image-9155\" src=\"https:\/\/agora.xtec.cat\/ceip-salvador-espriu-roda\/wp-content\/uploads\/usu1367\/2025\/11\/WhatsApp-Image-2025-11-25-at-16.08.32-300x225.jpeg\" alt=\"\" width=\"300\" height=\"225\" srcset=\"https:\/\/agora.xtec.cat\/ceip-salvador-espriu-roda\/wp-content\/uploads\/usu1367\/2025\/11\/WhatsApp-Image-2025-11-25-at-16.08.32-300x225.jpeg 300w, https:\/\/agora.xtec.cat\/ceip-salvador-espriu-roda\/wp-content\/uploads\/usu1367\/2025\/11\/WhatsApp-Image-2025-11-25-at-16.08.32-1024x768.jpeg 1024w, https:\/\/agora.xtec.cat\/ceip-salvador-espriu-roda\/wp-content\/uploads\/usu1367\/2025\/11\/WhatsApp-Image-2025-11-25-at-16.08.32-768x576.jpeg 768w, https:\/\/agora.xtec.cat\/ceip-salvador-espriu-roda\/wp-content\/uploads\/usu1367\/2025\/11\/WhatsApp-Image-2025-11-25-at-16.08.32-1536x1152.jpeg 1536w, https:\/\/agora.xtec.cat\/ceip-salvador-espriu-roda\/wp-content\/uploads\/usu1367\/2025\/11\/WhatsApp-Image-2025-11-25-at-16.08.32-200x150.jpeg 200w, https:\/\/agora.xtec.cat\/ceip-salvador-espriu-roda\/wp-content\/uploads\/usu1367\/2025\/11\/WhatsApp-Image-2025-11-25-at-16.08.32.jpeg 2000w\" sizes=\"auto, (max-width: 300px) 100vw, 300px\" \/><\/a><\/td>\n<td style=\"width: 50%;\"><a href=\"https:\/\/agora.xtec.cat\/ceip-salvador-espriu-roda\/wp-content\/uploads\/usu1367\/2025\/11\/WhatsApp-Image-2025-11-25-at-16.07.58.jpeg\"><img loading=\"lazy\" decoding=\"async\" class=\"aligncenter size-medium wp-image-9154\" src=\"https:\/\/agora.xtec.cat\/ceip-salvador-espriu-roda\/wp-content\/uploads\/usu1367\/2025\/11\/WhatsApp-Image-2025-11-25-at-16.07.58-300x225.jpeg\" alt=\"\" width=\"300\" height=\"225\" srcset=\"https:\/\/agora.xtec.cat\/ceip-salvador-espriu-roda\/wp-content\/uploads\/usu1367\/2025\/11\/WhatsApp-Image-2025-11-25-at-16.07.58-300x225.jpeg 300w, https:\/\/agora.xtec.cat\/ceip-salvador-espriu-roda\/wp-content\/uploads\/usu1367\/2025\/11\/WhatsApp-Image-2025-11-25-at-16.07.58-1024x768.jpeg 1024w, https:\/\/agora.xtec.cat\/ceip-salvador-espriu-roda\/wp-content\/uploads\/usu1367\/2025\/11\/WhatsApp-Image-2025-11-25-at-16.07.58-768x576.jpeg 768w, https:\/\/agora.xtec.cat\/ceip-salvador-espriu-roda\/wp-content\/uploads\/usu1367\/2025\/11\/WhatsApp-Image-2025-11-25-at-16.07.58-1536x1152.jpeg 1536w, https:\/\/agora.xtec.cat\/ceip-salvador-espriu-roda\/wp-content\/uploads\/usu1367\/2025\/11\/WhatsApp-Image-2025-11-25-at-16.07.58-200x150.jpeg 200w, https:\/\/agora.xtec.cat\/ceip-salvador-espriu-roda\/wp-content\/uploads\/usu1367\/2025\/11\/WhatsApp-Image-2025-11-25-at-16.07.58.jpeg 2000w\" sizes=\"auto, (max-width: 300px) 100vw, 300px\" \/><\/a><\/td>\n<\/tr>\n<\/tbody>\n<\/table>\n","protected":false},"excerpt":{"rendered":"<p>Benvolgudes fam\u00edlies!<br \/>\nAquest dilluns i dimarts hem viscut dues jornades molt especials amb la benvinguda a les fam\u00edlies d\u2019I3, coincidint amb la finalitzaci\u00f3 del per\u00edode de vinculaci\u00f3.<br \/>\nHan estat moments plens de proximitat i emoci\u00f3, en qu\u00e8 equip docent i fam\u00edlies hem compartit mirades, converses, inquietuds i&hellip;  <a href=\"https:\/\/agora.xtec.cat\/ceip-salvador-espriu-roda\/portada\/benvinguda-a-les-families-di3\/\" title=\"Read Benvinguda a les fam\u00edlies d&#8217;I3\">Llegeix m\u00e9s\u00bb<\/a><\/p>\n","protected":false},"author":1,"featured_media":9154,"comment_status":"closed","ping_status":"closed","sticky":false,"template":"","format":"standard","meta":{"_bbp_topic_count":0,"_bbp_reply_count":0,"_bbp_total_topic_count":0,"_bbp_total_reply_count":0,"_bbp_voice_count":0,"_bbp_anonymous_reply_count":0,"_bbp_topic_count_hidden":0,"_bbp_reply_count_hidden":0,"_bbp_forum_subforum_count":0,"footnotes":""},"categories":[103,105,104,4],"tags":[],"class_list":["post-9153","post","type-post","status-publish","format-standard","has-post-thumbnail","hentry","category-hem-fet-a-escola","category-i3","category-infantil","category-portada"],"post_mailing_queue_ids":[],"_links":{"self":[{"href":"https:\/\/agora.xtec.cat\/ceip-salvador-espriu-roda\/wp-json\/wp\/v2\/posts\/9153","targetHints":{"allow":["GET"]}}],"collection":[{"href":"https:\/\/agora.xtec.cat\/ceip-salvador-espriu-roda\/wp-json\/wp\/v2\/posts"}],"about":[{"href":"https:\/\/agora.xtec.cat\/ceip-salvador-espriu-roda\/wp-json\/wp\/v2\/types\/post"}],"author":[{"embeddable":true,"href":"https:\/\/agora.xtec.cat\/ceip-salvador-espriu-roda\/wp-json\/wp\/v2\/users\/1"}],"replies":[{"embeddable":true,"href":"https:\/\/agora.xtec.cat\/ceip-salvador-espriu-roda\/wp-json\/wp\/v2\/comments?post=9153"}],"version-history":[{"count":1,"href":"https:\/\/agora.xtec.cat\/ceip-salvador-espriu-roda\/wp-json\/wp\/v2\/posts\/9153\/revisions"}],"predecessor-version":[{"id":9156,"href":"https:\/\/agora.xtec.cat\/ceip-salvador-espriu-roda\/wp-json\/wp\/v2\/posts\/9153\/revisions\/9156"}],"wp:featuredmedia":[{"embeddable":true,"href":"https:\/\/agora.xtec.cat\/ceip-salvador-espriu-roda\/wp-json\/wp\/v2\/media\/9154"}],"wp:attachment":[{"href":"https:\/\/agora.xtec.cat\/ceip-salvador-espriu-roda\/wp-json\/wp\/v2\/media?parent=9153"}],"wp:term":[{"taxonomy":"category","embeddable":true,"href":"https:\/\/agora.xtec.cat\/ceip-salvador-espriu-roda\/wp-json\/wp\/v2\/categories?post=9153"},{"taxonomy":"post_tag","embeddable":true,"href":"https:\/\/agora.xtec.cat\/ceip-salvador-espriu-roda\/wp-json\/wp\/v2\/tags?post=9153"}],"curies":[{"name":"wp","href":"https:\/\/api.w.org\/{rel}","templated":true}]}}