{"id":914,"date":"2017-03-02T12:42:00","date_gmt":"2017-03-02T11:42:00","guid":{"rendered":"http:\/\/agora.xtec.cat\/ceip-salvador-espriu-roda\/?p=914"},"modified":"2017-12-22T16:23:35","modified_gmt":"2017-12-22T15:23:35","slug":"rua-de-carnaval","status":"publish","type":"post","link":"https:\/\/agora.xtec.cat\/ceip-salvador-espriu-roda\/festes\/carnaval\/rua-de-carnaval\/","title":{"rendered":"Rua de carnaval 2017."},"content":{"rendered":"<p>Aprofitant que aquest \u00e9s l&#8217;any del turisme sostenible, els alumnes del nostre centre s&#8217;han disfressat amb el vestits t\u00edpics de diversos pa\u00efsos del m\u00f3n.<\/p>\n<p>D&#8217;aquesta manera hem pogut viatjar per diversos continents sense sortir del pati de l&#8217;escola.<\/p>\n<p><a href=\"https:\/\/goo.gl\/photos\/dRX8qyKWADgRfJYs7\"><img loading=\"lazy\" decoding=\"async\" class=\"wp-image-917 size-medium aligncenter\" src=\"http:\/\/agora.xtec.cat\/ceip-salvador-espriu-roda\/wp-content\/uploads\/usu1367\/2017\/03\/DSCF0162_opt-300x225.jpg\" alt=\"dscf0162_opt\" width=\"300\" height=\"225\" srcset=\"https:\/\/agora.xtec.cat\/ceip-salvador-espriu-roda\/wp-content\/uploads\/usu1367\/2017\/03\/DSCF0162_opt-300x225.jpg 300w, https:\/\/agora.xtec.cat\/ceip-salvador-espriu-roda\/wp-content\/uploads\/usu1367\/2017\/03\/DSCF0162_opt-200x150.jpg 200w, https:\/\/agora.xtec.cat\/ceip-salvador-espriu-roda\/wp-content\/uploads\/usu1367\/2017\/03\/DSCF0162_opt.jpg 400w\" sizes=\"auto, (max-width: 300px) 100vw, 300px\" \/><\/a><\/p>\n<p>&nbsp;<\/p>\n","protected":false},"excerpt":{"rendered":"<p>Aprofitant que aquest \u00e9s l&#8217;any del turisme sostenible, els alumnes del nostre centre s&#8217;han disfressat amb el vestits t\u00edpics de diversos pa\u00efsos del m\u00f3n.<br \/>\nD&#8217;aquesta manera hem pogut viatjar per diversos continents sense sortir del pati de l&#8217;escola.<br \/>\n<a href=\"https:\/\/goo.gl\/photos\/dRX8qyKWADgRfJYs7\"><\/a><br \/>\n&nbsp;<\/p>\n","protected":false},"author":1,"featured_media":917,"comment_status":"open","ping_status":"closed","sticky":false,"template":"","format":"standard","meta":{"_bbp_topic_count":0,"_bbp_reply_count":0,"_bbp_total_topic_count":0,"_bbp_total_reply_count":0,"_bbp_voice_count":0,"_bbp_anonymous_reply_count":0,"_bbp_topic_count_hidden":0,"_bbp_reply_count_hidden":0,"_bbp_forum_subforum_count":0,"footnotes":""},"categories":[67,68],"tags":[],"class_list":["post-914","post","type-post","status-publish","format-standard","has-post-thumbnail","hentry","category-carnaval","category-festes"],"post_mailing_queue_ids":[],"_links":{"self":[{"href":"https:\/\/agora.xtec.cat\/ceip-salvador-espriu-roda\/wp-json\/wp\/v2\/posts\/914","targetHints":{"allow":["GET"]}}],"collection":[{"href":"https:\/\/agora.xtec.cat\/ceip-salvador-espriu-roda\/wp-json\/wp\/v2\/posts"}],"about":[{"href":"https:\/\/agora.xtec.cat\/ceip-salvador-espriu-roda\/wp-json\/wp\/v2\/types\/post"}],"author":[{"embeddable":true,"href":"https:\/\/agora.xtec.cat\/ceip-salvador-espriu-roda\/wp-json\/wp\/v2\/users\/1"}],"replies":[{"embeddable":true,"href":"https:\/\/agora.xtec.cat\/ceip-salvador-espriu-roda\/wp-json\/wp\/v2\/comments?post=914"}],"version-history":[{"count":3,"href":"https:\/\/agora.xtec.cat\/ceip-salvador-espriu-roda\/wp-json\/wp\/v2\/posts\/914\/revisions"}],"predecessor-version":[{"id":1434,"href":"https:\/\/agora.xtec.cat\/ceip-salvador-espriu-roda\/wp-json\/wp\/v2\/posts\/914\/revisions\/1434"}],"wp:featuredmedia":[{"embeddable":true,"href":"https:\/\/agora.xtec.cat\/ceip-salvador-espriu-roda\/wp-json\/wp\/v2\/media\/917"}],"wp:attachment":[{"href":"https:\/\/agora.xtec.cat\/ceip-salvador-espriu-roda\/wp-json\/wp\/v2\/media?parent=914"}],"wp:term":[{"taxonomy":"category","embeddable":true,"href":"https:\/\/agora.xtec.cat\/ceip-salvador-espriu-roda\/wp-json\/wp\/v2\/categories?post=914"},{"taxonomy":"post_tag","embeddable":true,"href":"https:\/\/agora.xtec.cat\/ceip-salvador-espriu-roda\/wp-json\/wp\/v2\/tags?post=914"}],"curies":[{"name":"wp","href":"https:\/\/api.w.org\/{rel}","templated":true}]}}