{"id":8986,"date":"2025-11-17T11:36:45","date_gmt":"2025-11-17T10:36:45","guid":{"rendered":"https:\/\/agora.xtec.cat\/ceip-salvador-espriu-roda\/?p=8986"},"modified":"2025-11-17T11:36:45","modified_gmt":"2025-11-17T10:36:45","slug":"participem-al-concurs-descriptura-roca-plana","status":"publish","type":"post","link":"https:\/\/agora.xtec.cat\/ceip-salvador-espriu-roda\/portada\/participem-al-concurs-descriptura-roca-plana\/","title":{"rendered":"Participem al Concurs d&#8217;Escriptura Roca Plana"},"content":{"rendered":"<p>Hola fam\u00edlies!<\/p>\n<p>Un any m\u00e9s hem participat en el Concurs d\u2019Escriptura Roca Plana i no podem estar m\u00e9s orgullosos! Ha estat una experi\u00e8ncia creativa, enriquidora i plena d\u2019imaginaci\u00f3.<br \/>\nFelicitem tots els nostres alumnes per la seva dedicaci\u00f3, esfor\u00e7 i ganes de crear hist\u00f2ries \u00faniques.<\/p>\n<p><a href=\"https:\/\/agora.xtec.cat\/ceip-salvador-espriu-roda\/wp-content\/uploads\/usu1367\/2025\/11\/WhatsApp-Image-2025-11-17-at-10.58.40.jpeg\"><img loading=\"lazy\" decoding=\"async\" class=\"aligncenter wp-image-8987\" src=\"https:\/\/agora.xtec.cat\/ceip-salvador-espriu-roda\/wp-content\/uploads\/usu1367\/2025\/11\/WhatsApp-Image-2025-11-17-at-10.58.40-300x214.jpeg\" alt=\"\" width=\"700\" height=\"500\" srcset=\"https:\/\/agora.xtec.cat\/ceip-salvador-espriu-roda\/wp-content\/uploads\/usu1367\/2025\/11\/WhatsApp-Image-2025-11-17-at-10.58.40-300x214.jpeg 300w, https:\/\/agora.xtec.cat\/ceip-salvador-espriu-roda\/wp-content\/uploads\/usu1367\/2025\/11\/WhatsApp-Image-2025-11-17-at-10.58.40-1024x731.jpeg 1024w, https:\/\/agora.xtec.cat\/ceip-salvador-espriu-roda\/wp-content\/uploads\/usu1367\/2025\/11\/WhatsApp-Image-2025-11-17-at-10.58.40-768x548.jpeg 768w, https:\/\/agora.xtec.cat\/ceip-salvador-espriu-roda\/wp-content\/uploads\/usu1367\/2025\/11\/WhatsApp-Image-2025-11-17-at-10.58.40.jpeg 1284w\" sizes=\"auto, (max-width: 700px) 100vw, 700px\" \/><\/a><\/p>\n","protected":false},"excerpt":{"rendered":"<p>Hola fam\u00edlies!<br \/>\nUn any m\u00e9s hem participat en el Concurs d\u2019Escriptura Roca Plana i no podem estar m\u00e9s orgullosos! Ha estat una experi\u00e8ncia creativa, enriquidora i plena d\u2019imaginaci\u00f3.<br \/>\nFelicitem tots els nostres alumnes per la seva dedicaci\u00f3, esfor\u00e7 i ganes de crear hist\u00f2ries \u00faniques.<br \/>\n<a href=\"https:\/\/agora.xtec.cat\/ceip-salvador-espriu-roda\/wp-content\/uploads\/usu1367\/2025\/11\/WhatsApp-Image-2025-11-17-at-10.58.40.jpeg\"><\/a><\/p>\n","protected":false},"author":1,"featured_media":8987,"comment_status":"closed","ping_status":"closed","sticky":false,"template":"","format":"standard","meta":{"_bbp_topic_count":0,"_bbp_reply_count":0,"_bbp_total_topic_count":0,"_bbp_total_reply_count":0,"_bbp_voice_count":0,"_bbp_anonymous_reply_count":0,"_bbp_topic_count_hidden":0,"_bbp_reply_count_hidden":0,"_bbp_forum_subforum_count":0,"footnotes":""},"categories":[55,4,108,129],"tags":[],"class_list":["post-8986","post","type-post","status-publish","format-standard","has-post-thumbnail","hentry","category-informacions-diverses","category-portada","category-primaria","category-projecte-linguistic"],"post_mailing_queue_ids":[],"_links":{"self":[{"href":"https:\/\/agora.xtec.cat\/ceip-salvador-espriu-roda\/wp-json\/wp\/v2\/posts\/8986","targetHints":{"allow":["GET"]}}],"collection":[{"href":"https:\/\/agora.xtec.cat\/ceip-salvador-espriu-roda\/wp-json\/wp\/v2\/posts"}],"about":[{"href":"https:\/\/agora.xtec.cat\/ceip-salvador-espriu-roda\/wp-json\/wp\/v2\/types\/post"}],"author":[{"embeddable":true,"href":"https:\/\/agora.xtec.cat\/ceip-salvador-espriu-roda\/wp-json\/wp\/v2\/users\/1"}],"replies":[{"embeddable":true,"href":"https:\/\/agora.xtec.cat\/ceip-salvador-espriu-roda\/wp-json\/wp\/v2\/comments?post=8986"}],"version-history":[{"count":2,"href":"https:\/\/agora.xtec.cat\/ceip-salvador-espriu-roda\/wp-json\/wp\/v2\/posts\/8986\/revisions"}],"predecessor-version":[{"id":8989,"href":"https:\/\/agora.xtec.cat\/ceip-salvador-espriu-roda\/wp-json\/wp\/v2\/posts\/8986\/revisions\/8989"}],"wp:featuredmedia":[{"embeddable":true,"href":"https:\/\/agora.xtec.cat\/ceip-salvador-espriu-roda\/wp-json\/wp\/v2\/media\/8987"}],"wp:attachment":[{"href":"https:\/\/agora.xtec.cat\/ceip-salvador-espriu-roda\/wp-json\/wp\/v2\/media?parent=8986"}],"wp:term":[{"taxonomy":"category","embeddable":true,"href":"https:\/\/agora.xtec.cat\/ceip-salvador-espriu-roda\/wp-json\/wp\/v2\/categories?post=8986"},{"taxonomy":"post_tag","embeddable":true,"href":"https:\/\/agora.xtec.cat\/ceip-salvador-espriu-roda\/wp-json\/wp\/v2\/tags?post=8986"}],"curies":[{"name":"wp","href":"https:\/\/api.w.org\/{rel}","templated":true}]}}