{"id":8933,"date":"2025-11-04T12:08:02","date_gmt":"2025-11-04T11:08:02","guid":{"rendered":"https:\/\/agora.xtec.cat\/ceip-salvador-espriu-roda\/?p=8933"},"modified":"2025-11-04T12:08:02","modified_gmt":"2025-11-04T11:08:02","slug":"exposicio-de-moniatos","status":"publish","type":"post","link":"https:\/\/agora.xtec.cat\/ceip-salvador-espriu-roda\/portada\/exposicio-de-moniatos\/","title":{"rendered":"Exposici\u00f3 de moniatos"},"content":{"rendered":"<p>Benvolgudes fam\u00edlies!<\/p>\n<p>Aquesta setmana, el gimn\u00e0s de l\u2019escola s\u2019han omplert de color, creativitat i imaginaci\u00f3 amb l\u2019exposici\u00f3 de <strong data-start=\"297\" data-end=\"318\">moniatos<\/strong>\u00a0elaborats pel nostre alumnat. Cada figura \u00e9s \u00fanica: hi trobem <strong data-start=\"381\" data-end=\"448\">animals, personatges, escenes divertides i dissenys sorprenents, tots fets amb molta dedicaci\u00f3.<\/strong><\/p>\n<p>Us deixem una petita mostra en imatges.<\/p>\n<table style=\"border-collapse: collapse; width: 100%;\">\n<tbody>\n<tr>\n<td style=\"width: 50%;\"><a href=\"https:\/\/agora.xtec.cat\/ceip-salvador-espriu-roda\/wp-content\/uploads\/usu1367\/2025\/11\/WhatsApp-Image-2025-10-31-at-09.28.34-2.jpeg\"><img loading=\"lazy\" decoding=\"async\" class=\"aligncenter size-large wp-image-8938\" src=\"https:\/\/agora.xtec.cat\/ceip-salvador-espriu-roda\/wp-content\/uploads\/usu1367\/2025\/11\/WhatsApp-Image-2025-10-31-at-09.28.34-2-768x1024.jpeg\" alt=\"\" width=\"768\" height=\"1024\" srcset=\"https:\/\/agora.xtec.cat\/ceip-salvador-espriu-roda\/wp-content\/uploads\/usu1367\/2025\/11\/WhatsApp-Image-2025-10-31-at-09.28.34-2-768x1024.jpeg 768w, https:\/\/agora.xtec.cat\/ceip-salvador-espriu-roda\/wp-content\/uploads\/usu1367\/2025\/11\/WhatsApp-Image-2025-10-31-at-09.28.34-2-225x300.jpeg 225w, https:\/\/agora.xtec.cat\/ceip-salvador-espriu-roda\/wp-content\/uploads\/usu1367\/2025\/11\/WhatsApp-Image-2025-10-31-at-09.28.34-2-1152x1536.jpeg 1152w, https:\/\/agora.xtec.cat\/ceip-salvador-espriu-roda\/wp-content\/uploads\/usu1367\/2025\/11\/WhatsApp-Image-2025-10-31-at-09.28.34-2.jpeg 1536w\" sizes=\"auto, (max-width: 768px) 100vw, 768px\" \/><\/a><\/td>\n<td style=\"width: 50%;\"><a href=\"https:\/\/agora.xtec.cat\/ceip-salvador-espriu-roda\/wp-content\/uploads\/usu1367\/2025\/11\/WhatsApp-Image-2025-10-31-at-09.28.33.jpeg\"><img loading=\"lazy\" decoding=\"async\" class=\"aligncenter size-large wp-image-8937\" src=\"https:\/\/agora.xtec.cat\/ceip-salvador-espriu-roda\/wp-content\/uploads\/usu1367\/2025\/11\/WhatsApp-Image-2025-10-31-at-09.28.33-768x1024.jpeg\" alt=\"\" width=\"768\" height=\"1024\" srcset=\"https:\/\/agora.xtec.cat\/ceip-salvador-espriu-roda\/wp-content\/uploads\/usu1367\/2025\/11\/WhatsApp-Image-2025-10-31-at-09.28.33-768x1024.jpeg 768w, https:\/\/agora.xtec.cat\/ceip-salvador-espriu-roda\/wp-content\/uploads\/usu1367\/2025\/11\/WhatsApp-Image-2025-10-31-at-09.28.33-225x300.jpeg 225w, https:\/\/agora.xtec.cat\/ceip-salvador-espriu-roda\/wp-content\/uploads\/usu1367\/2025\/11\/WhatsApp-Image-2025-10-31-at-09.28.33-1152x1536.jpeg 1152w, https:\/\/agora.xtec.cat\/ceip-salvador-espriu-roda\/wp-content\/uploads\/usu1367\/2025\/11\/WhatsApp-Image-2025-10-31-at-09.28.33.jpeg 1536w\" sizes=\"auto, (max-width: 768px) 100vw, 768px\" \/><\/a><\/td>\n<\/tr>\n<tr>\n<td style=\"width: 50%;\"><a href=\"https:\/\/agora.xtec.cat\/ceip-salvador-espriu-roda\/wp-content\/uploads\/usu1367\/2025\/11\/WhatsApp-Image-2025-10-31-at-09.28.33-1.jpeg\"><img loading=\"lazy\" decoding=\"async\" class=\"aligncenter size-large wp-image-8936\" src=\"https:\/\/agora.xtec.cat\/ceip-salvador-espriu-roda\/wp-content\/uploads\/usu1367\/2025\/11\/WhatsApp-Image-2025-10-31-at-09.28.33-1-768x1024.jpeg\" alt=\"\" width=\"768\" height=\"1024\" srcset=\"https:\/\/agora.xtec.cat\/ceip-salvador-espriu-roda\/wp-content\/uploads\/usu1367\/2025\/11\/WhatsApp-Image-2025-10-31-at-09.28.33-1-768x1024.jpeg 768w, https:\/\/agora.xtec.cat\/ceip-salvador-espriu-roda\/wp-content\/uploads\/usu1367\/2025\/11\/WhatsApp-Image-2025-10-31-at-09.28.33-1-225x300.jpeg 225w, https:\/\/agora.xtec.cat\/ceip-salvador-espriu-roda\/wp-content\/uploads\/usu1367\/2025\/11\/WhatsApp-Image-2025-10-31-at-09.28.33-1-1152x1536.jpeg 1152w, https:\/\/agora.xtec.cat\/ceip-salvador-espriu-roda\/wp-content\/uploads\/usu1367\/2025\/11\/WhatsApp-Image-2025-10-31-at-09.28.33-1.jpeg 1536w\" sizes=\"auto, (max-width: 768px) 100vw, 768px\" \/><\/a><\/td>\n<td style=\"width: 50%;\"><a href=\"https:\/\/agora.xtec.cat\/ceip-salvador-espriu-roda\/wp-content\/uploads\/usu1367\/2025\/11\/WhatsApp-Image-2025-10-31-at-09.28.34.jpeg\"><img loading=\"lazy\" decoding=\"async\" class=\"aligncenter size-large wp-image-8935\" src=\"https:\/\/agora.xtec.cat\/ceip-salvador-espriu-roda\/wp-content\/uploads\/usu1367\/2025\/11\/WhatsApp-Image-2025-10-31-at-09.28.34-768x1024.jpeg\" alt=\"\" width=\"768\" height=\"1024\" srcset=\"https:\/\/agora.xtec.cat\/ceip-salvador-espriu-roda\/wp-content\/uploads\/usu1367\/2025\/11\/WhatsApp-Image-2025-10-31-at-09.28.34-768x1024.jpeg 768w, https:\/\/agora.xtec.cat\/ceip-salvador-espriu-roda\/wp-content\/uploads\/usu1367\/2025\/11\/WhatsApp-Image-2025-10-31-at-09.28.34-225x300.jpeg 225w, https:\/\/agora.xtec.cat\/ceip-salvador-espriu-roda\/wp-content\/uploads\/usu1367\/2025\/11\/WhatsApp-Image-2025-10-31-at-09.28.34-1152x1536.jpeg 1152w, https:\/\/agora.xtec.cat\/ceip-salvador-espriu-roda\/wp-content\/uploads\/usu1367\/2025\/11\/WhatsApp-Image-2025-10-31-at-09.28.34.jpeg 1536w\" sizes=\"auto, (max-width: 768px) 100vw, 768px\" \/><\/a><\/td>\n<\/tr>\n<\/tbody>\n<\/table>\n","protected":false},"excerpt":{"rendered":"<p>Benvolgudes fam\u00edlies!<br \/>\nAquesta setmana, el gimn\u00e0s de l\u2019escola s\u2019han omplert de color, creativitat i imaginaci\u00f3 amb l\u2019exposici\u00f3 de moniatos\u00a0elaborats pel nostre alumnat. Cada figura \u00e9s \u00fanica: hi trobem animals, personatges, escenes divertides i dissenys sorprenents, tots fets amb molta dedicaci\u00f3.<br \/>\nUs deixem una petita mostra en imatges.<\/p>\n<p><a&hellip;  <a href=\"https:\/\/agora.xtec.cat\/ceip-salvador-espriu-roda\/portada\/exposicio-de-moniatos\/\" title=\"Read Exposici\u00f3 de moniatos\">Llegeix m\u00e9s\u00bb<\/a><\/p>\n","protected":false},"author":1,"featured_media":8934,"comment_status":"closed","ping_status":"closed","sticky":false,"template":"","format":"standard","meta":{"_bbp_topic_count":0,"_bbp_reply_count":0,"_bbp_total_topic_count":0,"_bbp_total_reply_count":0,"_bbp_voice_count":0,"_bbp_anonymous_reply_count":0,"_bbp_topic_count_hidden":0,"_bbp_reply_count_hidden":0,"_bbp_forum_subforum_count":0,"footnotes":""},"categories":[60,68,103,4],"tags":[],"class_list":["post-8933","post","type-post","status-publish","format-standard","has-post-thumbnail","hentry","category-castanyada","category-festes","category-hem-fet-a-escola","category-portada"],"post_mailing_queue_ids":[],"_links":{"self":[{"href":"https:\/\/agora.xtec.cat\/ceip-salvador-espriu-roda\/wp-json\/wp\/v2\/posts\/8933","targetHints":{"allow":["GET"]}}],"collection":[{"href":"https:\/\/agora.xtec.cat\/ceip-salvador-espriu-roda\/wp-json\/wp\/v2\/posts"}],"about":[{"href":"https:\/\/agora.xtec.cat\/ceip-salvador-espriu-roda\/wp-json\/wp\/v2\/types\/post"}],"author":[{"embeddable":true,"href":"https:\/\/agora.xtec.cat\/ceip-salvador-espriu-roda\/wp-json\/wp\/v2\/users\/1"}],"replies":[{"embeddable":true,"href":"https:\/\/agora.xtec.cat\/ceip-salvador-espriu-roda\/wp-json\/wp\/v2\/comments?post=8933"}],"version-history":[{"count":1,"href":"https:\/\/agora.xtec.cat\/ceip-salvador-espriu-roda\/wp-json\/wp\/v2\/posts\/8933\/revisions"}],"predecessor-version":[{"id":8939,"href":"https:\/\/agora.xtec.cat\/ceip-salvador-espriu-roda\/wp-json\/wp\/v2\/posts\/8933\/revisions\/8939"}],"wp:featuredmedia":[{"embeddable":true,"href":"https:\/\/agora.xtec.cat\/ceip-salvador-espriu-roda\/wp-json\/wp\/v2\/media\/8934"}],"wp:attachment":[{"href":"https:\/\/agora.xtec.cat\/ceip-salvador-espriu-roda\/wp-json\/wp\/v2\/media?parent=8933"}],"wp:term":[{"taxonomy":"category","embeddable":true,"href":"https:\/\/agora.xtec.cat\/ceip-salvador-espriu-roda\/wp-json\/wp\/v2\/categories?post=8933"},{"taxonomy":"post_tag","embeddable":true,"href":"https:\/\/agora.xtec.cat\/ceip-salvador-espriu-roda\/wp-json\/wp\/v2\/tags?post=8933"}],"curies":[{"name":"wp","href":"https:\/\/api.w.org\/{rel}","templated":true}]}}