{"id":8923,"date":"2025-10-29T12:51:10","date_gmt":"2025-10-29T11:51:10","guid":{"rendered":"https:\/\/agora.xtec.cat\/ceip-salvador-espriu-roda\/?p=8923"},"modified":"2025-10-29T12:56:56","modified_gmt":"2025-10-29T11:56:56","slug":"tarda-de-teatre-a-lescola","status":"publish","type":"post","link":"https:\/\/agora.xtec.cat\/ceip-salvador-espriu-roda\/general\/tarda-de-teatre-a-lescola\/","title":{"rendered":"Tarda de teatre a l\u2019escola."},"content":{"rendered":"<p style=\"text-align: justify;\">Benvolgudes fam\u00edlies!<\/p>\n<p style=\"text-align: justify;\">Dilluns, gr\u00e0cies a la col\u00b7laboraci\u00f3 de mares i pares, l\u2019alumnat de la comunitat de petits i mitjans ha pogut gaudir d\u2019una fant\u00e0stica obra de teatre de la castanyada!<br \/>\nHa estat una experi\u00e8ncia molt enriquidora i divertida que ha perm\u00e8s viure la m\u00e0gia del teatre d\u2019una manera especial.<\/p>\n<p style=\"text-align: justify;\">Volem agrair a tots els actors i actrius la seva implicaci\u00f3 i dedicaci\u00f3, que ha fet possible aquesta activitat.<br \/>\nSense vosaltres, aquest tipus d\u2019experi\u00e8ncies no serien el mateix.<\/p>\n<p style=\"text-align: justify;\">Moltes gr\u00e0cies a tothom per fer-ho possible!<\/p>\n<table style=\"border-collapse: collapse; width: 100%;\">\n<tbody>\n<tr>\n<td style=\"width: 33.3333%;\"><a href=\"https:\/\/agora.xtec.cat\/ceip-salvador-espriu-roda\/wp-content\/uploads\/usu1367\/2025\/10\/WhatsApp-Image-2025-10-27-at-16.35.22.jpeg\"><img loading=\"lazy\" decoding=\"async\" class=\"aligncenter size-large wp-image-8928\" src=\"https:\/\/agora.xtec.cat\/ceip-salvador-espriu-roda\/wp-content\/uploads\/usu1367\/2025\/10\/WhatsApp-Image-2025-10-27-at-16.35.22-768x1024.jpeg\" alt=\"\" width=\"768\" height=\"1024\" srcset=\"https:\/\/agora.xtec.cat\/ceip-salvador-espriu-roda\/wp-content\/uploads\/usu1367\/2025\/10\/WhatsApp-Image-2025-10-27-at-16.35.22-768x1024.jpeg 768w, https:\/\/agora.xtec.cat\/ceip-salvador-espriu-roda\/wp-content\/uploads\/usu1367\/2025\/10\/WhatsApp-Image-2025-10-27-at-16.35.22-225x300.jpeg 225w, https:\/\/agora.xtec.cat\/ceip-salvador-espriu-roda\/wp-content\/uploads\/usu1367\/2025\/10\/WhatsApp-Image-2025-10-27-at-16.35.22-1152x1536.jpeg 1152w, https:\/\/agora.xtec.cat\/ceip-salvador-espriu-roda\/wp-content\/uploads\/usu1367\/2025\/10\/WhatsApp-Image-2025-10-27-at-16.35.22.jpeg 1200w\" sizes=\"auto, (max-width: 768px) 100vw, 768px\" \/><\/a><\/td>\n<td style=\"width: 33.3333%;\"><a href=\"https:\/\/agora.xtec.cat\/ceip-salvador-espriu-roda\/wp-content\/uploads\/usu1367\/2025\/10\/WhatsApp-Image-2025-10-27-at-16.35.23.jpeg\"><img loading=\"lazy\" decoding=\"async\" class=\"aligncenter size-large wp-image-8926\" src=\"https:\/\/agora.xtec.cat\/ceip-salvador-espriu-roda\/wp-content\/uploads\/usu1367\/2025\/10\/WhatsApp-Image-2025-10-27-at-16.35.23-768x1024.jpeg\" alt=\"\" width=\"768\" height=\"1024\" srcset=\"https:\/\/agora.xtec.cat\/ceip-salvador-espriu-roda\/wp-content\/uploads\/usu1367\/2025\/10\/WhatsApp-Image-2025-10-27-at-16.35.23-768x1024.jpeg 768w, https:\/\/agora.xtec.cat\/ceip-salvador-espriu-roda\/wp-content\/uploads\/usu1367\/2025\/10\/WhatsApp-Image-2025-10-27-at-16.35.23-225x300.jpeg 225w, https:\/\/agora.xtec.cat\/ceip-salvador-espriu-roda\/wp-content\/uploads\/usu1367\/2025\/10\/WhatsApp-Image-2025-10-27-at-16.35.23-1152x1536.jpeg 1152w, https:\/\/agora.xtec.cat\/ceip-salvador-espriu-roda\/wp-content\/uploads\/usu1367\/2025\/10\/WhatsApp-Image-2025-10-27-at-16.35.23.jpeg 1200w\" sizes=\"auto, (max-width: 768px) 100vw, 768px\" \/><\/a><\/td>\n<td style=\"width: 33.3333%;\"><a href=\"https:\/\/agora.xtec.cat\/ceip-salvador-espriu-roda\/wp-content\/uploads\/usu1367\/2025\/10\/WhatsApp-Image-2025-10-27-at-16.35.23-2.jpeg\"><img loading=\"lazy\" decoding=\"async\" class=\"aligncenter size-large wp-image-8924\" src=\"https:\/\/agora.xtec.cat\/ceip-salvador-espriu-roda\/wp-content\/uploads\/usu1367\/2025\/10\/WhatsApp-Image-2025-10-27-at-16.35.23-2-1024x768.jpeg\" alt=\"\" width=\"1024\" height=\"768\" srcset=\"https:\/\/agora.xtec.cat\/ceip-salvador-espriu-roda\/wp-content\/uploads\/usu1367\/2025\/10\/WhatsApp-Image-2025-10-27-at-16.35.23-2-1024x768.jpeg 1024w, https:\/\/agora.xtec.cat\/ceip-salvador-espriu-roda\/wp-content\/uploads\/usu1367\/2025\/10\/WhatsApp-Image-2025-10-27-at-16.35.23-2-300x225.jpeg 300w, https:\/\/agora.xtec.cat\/ceip-salvador-espriu-roda\/wp-content\/uploads\/usu1367\/2025\/10\/WhatsApp-Image-2025-10-27-at-16.35.23-2-768x576.jpeg 768w, https:\/\/agora.xtec.cat\/ceip-salvador-espriu-roda\/wp-content\/uploads\/usu1367\/2025\/10\/WhatsApp-Image-2025-10-27-at-16.35.23-2-1536x1152.jpeg 1536w, https:\/\/agora.xtec.cat\/ceip-salvador-espriu-roda\/wp-content\/uploads\/usu1367\/2025\/10\/WhatsApp-Image-2025-10-27-at-16.35.23-2-200x150.jpeg 200w, https:\/\/agora.xtec.cat\/ceip-salvador-espriu-roda\/wp-content\/uploads\/usu1367\/2025\/10\/WhatsApp-Image-2025-10-27-at-16.35.23-2.jpeg 1600w\" sizes=\"auto, (max-width: 1024px) 100vw, 1024px\" \/><\/a><\/td>\n<\/tr>\n<tr>\n<td style=\"width: 33.3333%;\"><a href=\"https:\/\/agora.xtec.cat\/ceip-salvador-espriu-roda\/wp-content\/uploads\/usu1367\/2025\/10\/WhatsApp-Image-2025-10-27-at-16.35.22-1.jpeg\"><img loading=\"lazy\" decoding=\"async\" class=\"aligncenter size-large wp-image-8927\" src=\"https:\/\/agora.xtec.cat\/ceip-salvador-espriu-roda\/wp-content\/uploads\/usu1367\/2025\/10\/WhatsApp-Image-2025-10-27-at-16.35.22-1-1024x768.jpeg\" alt=\"\" width=\"1024\" height=\"768\" srcset=\"https:\/\/agora.xtec.cat\/ceip-salvador-espriu-roda\/wp-content\/uploads\/usu1367\/2025\/10\/WhatsApp-Image-2025-10-27-at-16.35.22-1-1024x768.jpeg 1024w, https:\/\/agora.xtec.cat\/ceip-salvador-espriu-roda\/wp-content\/uploads\/usu1367\/2025\/10\/WhatsApp-Image-2025-10-27-at-16.35.22-1-300x225.jpeg 300w, https:\/\/agora.xtec.cat\/ceip-salvador-espriu-roda\/wp-content\/uploads\/usu1367\/2025\/10\/WhatsApp-Image-2025-10-27-at-16.35.22-1-768x576.jpeg 768w, https:\/\/agora.xtec.cat\/ceip-salvador-espriu-roda\/wp-content\/uploads\/usu1367\/2025\/10\/WhatsApp-Image-2025-10-27-at-16.35.22-1-1536x1152.jpeg 1536w, https:\/\/agora.xtec.cat\/ceip-salvador-espriu-roda\/wp-content\/uploads\/usu1367\/2025\/10\/WhatsApp-Image-2025-10-27-at-16.35.22-1-200x150.jpeg 200w, https:\/\/agora.xtec.cat\/ceip-salvador-espriu-roda\/wp-content\/uploads\/usu1367\/2025\/10\/WhatsApp-Image-2025-10-27-at-16.35.22-1.jpeg 1600w\" sizes=\"auto, (max-width: 1024px) 100vw, 1024px\" \/><\/a><\/td>\n<td style=\"width: 33.3333%;\"><a href=\"https:\/\/agora.xtec.cat\/ceip-salvador-espriu-roda\/wp-content\/uploads\/usu1367\/2025\/10\/WhatsApp-Image-2025-10-27-at-16.35.23-1.jpeg\"><img loading=\"lazy\" decoding=\"async\" class=\"aligncenter size-large wp-image-8925\" src=\"https:\/\/agora.xtec.cat\/ceip-salvador-espriu-roda\/wp-content\/uploads\/usu1367\/2025\/10\/WhatsApp-Image-2025-10-27-at-16.35.23-1-768x1024.jpeg\" alt=\"\" width=\"768\" height=\"1024\" srcset=\"https:\/\/agora.xtec.cat\/ceip-salvador-espriu-roda\/wp-content\/uploads\/usu1367\/2025\/10\/WhatsApp-Image-2025-10-27-at-16.35.23-1-768x1024.jpeg 768w, https:\/\/agora.xtec.cat\/ceip-salvador-espriu-roda\/wp-content\/uploads\/usu1367\/2025\/10\/WhatsApp-Image-2025-10-27-at-16.35.23-1-225x300.jpeg 225w, https:\/\/agora.xtec.cat\/ceip-salvador-espriu-roda\/wp-content\/uploads\/usu1367\/2025\/10\/WhatsApp-Image-2025-10-27-at-16.35.23-1-1152x1536.jpeg 1152w, https:\/\/agora.xtec.cat\/ceip-salvador-espriu-roda\/wp-content\/uploads\/usu1367\/2025\/10\/WhatsApp-Image-2025-10-27-at-16.35.23-1.jpeg 1200w\" sizes=\"auto, (max-width: 768px) 100vw, 768px\" \/><\/a><\/td>\n<td style=\"width: 33.3333%;\"><\/td>\n<\/tr>\n<\/tbody>\n<\/table>\n<p>&nbsp;<\/p>\n","protected":false},"excerpt":{"rendered":"<p>Benvolgudes fam\u00edlies!<br \/>\nDilluns, gr\u00e0cies a la col\u00b7laboraci\u00f3 de mares i pares, l\u2019alumnat de la comunitat de petits i mitjans ha pogut gaudir d\u2019una fant\u00e0stica obra de teatre de la castanyada!<br \/>\nHa estat una experi\u00e8ncia molt enriquidora i divertida que ha perm\u00e8s viure la m\u00e0gia del teatre d\u2019una&hellip;  <a href=\"https:\/\/agora.xtec.cat\/ceip-salvador-espriu-roda\/general\/tarda-de-teatre-a-lescola\/\" title=\"Read Tarda de teatre a l\u2019escola.\">Llegeix m\u00e9s\u00bb<\/a><\/p>\n","protected":false},"author":1,"featured_media":8926,"comment_status":"closed","ping_status":"closed","sticky":false,"template":"","format":"standard","meta":{"_bbp_topic_count":0,"_bbp_reply_count":0,"_bbp_total_topic_count":0,"_bbp_total_reply_count":0,"_bbp_voice_count":0,"_bbp_anonymous_reply_count":0,"_bbp_topic_count_hidden":0,"_bbp_reply_count_hidden":0,"_bbp_forum_subforum_count":0,"footnotes":""},"categories":[1,103,104,4,108],"tags":[],"class_list":["post-8923","post","type-post","status-publish","format-standard","has-post-thumbnail","hentry","category-general","category-hem-fet-a-escola","category-infantil","category-portada","category-primaria"],"post_mailing_queue_ids":[],"_links":{"self":[{"href":"https:\/\/agora.xtec.cat\/ceip-salvador-espriu-roda\/wp-json\/wp\/v2\/posts\/8923","targetHints":{"allow":["GET"]}}],"collection":[{"href":"https:\/\/agora.xtec.cat\/ceip-salvador-espriu-roda\/wp-json\/wp\/v2\/posts"}],"about":[{"href":"https:\/\/agora.xtec.cat\/ceip-salvador-espriu-roda\/wp-json\/wp\/v2\/types\/post"}],"author":[{"embeddable":true,"href":"https:\/\/agora.xtec.cat\/ceip-salvador-espriu-roda\/wp-json\/wp\/v2\/users\/1"}],"replies":[{"embeddable":true,"href":"https:\/\/agora.xtec.cat\/ceip-salvador-espriu-roda\/wp-json\/wp\/v2\/comments?post=8923"}],"version-history":[{"count":3,"href":"https:\/\/agora.xtec.cat\/ceip-salvador-espriu-roda\/wp-json\/wp\/v2\/posts\/8923\/revisions"}],"predecessor-version":[{"id":8932,"href":"https:\/\/agora.xtec.cat\/ceip-salvador-espriu-roda\/wp-json\/wp\/v2\/posts\/8923\/revisions\/8932"}],"wp:featuredmedia":[{"embeddable":true,"href":"https:\/\/agora.xtec.cat\/ceip-salvador-espriu-roda\/wp-json\/wp\/v2\/media\/8926"}],"wp:attachment":[{"href":"https:\/\/agora.xtec.cat\/ceip-salvador-espriu-roda\/wp-json\/wp\/v2\/media?parent=8923"}],"wp:term":[{"taxonomy":"category","embeddable":true,"href":"https:\/\/agora.xtec.cat\/ceip-salvador-espriu-roda\/wp-json\/wp\/v2\/categories?post=8923"},{"taxonomy":"post_tag","embeddable":true,"href":"https:\/\/agora.xtec.cat\/ceip-salvador-espriu-roda\/wp-json\/wp\/v2\/tags?post=8923"}],"curies":[{"name":"wp","href":"https:\/\/api.w.org\/{rel}","templated":true}]}}