{"id":8846,"date":"2025-06-27T13:21:23","date_gmt":"2025-06-27T11:21:23","guid":{"rendered":"https:\/\/agora.xtec.cat\/ceip-salvador-espriu-roda\/?p=8846"},"modified":"2025-06-27T13:21:23","modified_gmt":"2025-06-27T11:21:23","slug":"butlleti-families-25-26","status":"publish","type":"post","link":"https:\/\/agora.xtec.cat\/ceip-salvador-espriu-roda\/general\/butlleti-families-25-26\/","title":{"rendered":"Butllet\u00ed fam\u00edlies 25-26"},"content":{"rendered":"<p>Hola fam\u00edlies!<\/p>\n<p>Us deixem el butllet\u00ed informatiu d\u2019inici de curs trobareu informaci\u00f3 de l\u2019organitzaci\u00f3 i funcionament de l\u2019escola per facilitar el comen\u00e7ament del nou curs escolar.<\/p>\n<p><a href=\"https:\/\/agora.xtec.cat\/ceip-salvador-espriu-roda\/wp-content\/uploads\/usu1367\/2025\/06\/Butlleti-families-25-26-Escola-Salvador-Espriu-.pdf\">Butllet\u00ed fam\u00edlies-25-26-Escola Salvador Espriu<\/a><\/p>\n<p>&nbsp;<\/p>\n","protected":false},"excerpt":{"rendered":"<p>Hola fam\u00edlies!<br \/>\nUs deixem el butllet\u00ed informatiu d\u2019inici de curs trobareu informaci\u00f3 de l\u2019organitzaci\u00f3 i funcionament de l\u2019escola per facilitar el comen\u00e7ament del nou curs escolar.<br \/>\n<a href=\"https:\/\/agora.xtec.cat\/ceip-salvador-espriu-roda\/wp-content\/uploads\/usu1367\/2025\/06\/Butlleti-families-25-26-Escola-Salvador-Espriu-.pdf\">Butllet\u00ed fam\u00edlies-25-26-Escola Salvador Espriu<\/a><br \/>\n&nbsp;<\/p>\n","protected":false},"author":1,"featured_media":0,"comment_status":"closed","ping_status":"closed","sticky":false,"template":"","format":"standard","meta":{"_bbp_topic_count":0,"_bbp_reply_count":0,"_bbp_total_topic_count":0,"_bbp_total_reply_count":0,"_bbp_voice_count":0,"_bbp_anonymous_reply_count":0,"_bbp_topic_count_hidden":0,"_bbp_reply_count_hidden":0,"_bbp_forum_subforum_count":0,"footnotes":""},"categories":[1,55,4],"tags":[],"class_list":["post-8846","post","type-post","status-publish","format-standard","hentry","category-general","category-informacions-diverses","category-portada"],"post_mailing_queue_ids":[],"_links":{"self":[{"href":"https:\/\/agora.xtec.cat\/ceip-salvador-espriu-roda\/wp-json\/wp\/v2\/posts\/8846","targetHints":{"allow":["GET"]}}],"collection":[{"href":"https:\/\/agora.xtec.cat\/ceip-salvador-espriu-roda\/wp-json\/wp\/v2\/posts"}],"about":[{"href":"https:\/\/agora.xtec.cat\/ceip-salvador-espriu-roda\/wp-json\/wp\/v2\/types\/post"}],"author":[{"embeddable":true,"href":"https:\/\/agora.xtec.cat\/ceip-salvador-espriu-roda\/wp-json\/wp\/v2\/users\/1"}],"replies":[{"embeddable":true,"href":"https:\/\/agora.xtec.cat\/ceip-salvador-espriu-roda\/wp-json\/wp\/v2\/comments?post=8846"}],"version-history":[{"count":1,"href":"https:\/\/agora.xtec.cat\/ceip-salvador-espriu-roda\/wp-json\/wp\/v2\/posts\/8846\/revisions"}],"predecessor-version":[{"id":8848,"href":"https:\/\/agora.xtec.cat\/ceip-salvador-espriu-roda\/wp-json\/wp\/v2\/posts\/8846\/revisions\/8848"}],"wp:attachment":[{"href":"https:\/\/agora.xtec.cat\/ceip-salvador-espriu-roda\/wp-json\/wp\/v2\/media?parent=8846"}],"wp:term":[{"taxonomy":"category","embeddable":true,"href":"https:\/\/agora.xtec.cat\/ceip-salvador-espriu-roda\/wp-json\/wp\/v2\/categories?post=8846"},{"taxonomy":"post_tag","embeddable":true,"href":"https:\/\/agora.xtec.cat\/ceip-salvador-espriu-roda\/wp-json\/wp\/v2\/tags?post=8846"}],"curies":[{"name":"wp","href":"https:\/\/api.w.org\/{rel}","templated":true}]}}