{"id":8804,"date":"2025-06-19T13:45:41","date_gmt":"2025-06-19T11:45:41","guid":{"rendered":"https:\/\/agora.xtec.cat\/ceip-salvador-espriu-roda\/?p=8804"},"modified":"2025-06-19T13:57:17","modified_gmt":"2025-06-19T11:57:17","slug":"llegim-a-les-vacances","status":"publish","type":"post","link":"https:\/\/agora.xtec.cat\/ceip-salvador-espriu-roda\/general\/llegim-a-les-vacances\/","title":{"rendered":"Llegim a les vacances!"},"content":{"rendered":"<p style=\"text-align: justify;\">Benvolgudes fam\u00edlies,<\/p>\n<p style=\"text-align: justify;\">Amb l\u2019arribada de les vacances d\u2019estiu, volem recordar-vos la import\u00e0ncia de mantenir l\u2019h\u00e0bit lector durant aquests mesos. La lectura no nom\u00e9s enriqueix el vocabulari i la imaginaci\u00f3 dels nostres fills i filles, sin\u00f3 que tamb\u00e9 afavoreix el seu desenvolupament cognitiu i emocional.<\/p>\n<p style=\"text-align: justify;\">Per aix\u00f2, us animem a continuar llegint plegats all\u00e0 on aneu: jard\u00ed, platja, muntanya&#8230;<\/p>\n<p style=\"text-align: justify;\">Recordar-vos que la biblioteca municipal \u00e9s un espai ideal per descobrir nous llibres i gaudir de la lectura. All\u00e0 podreu trobar una \u00e0mplia selecci\u00f3 de llibres per a totes les edats i interessos a m\u00e9s dels que us recomanem des de l&#8217;escola.<\/p>\n<p style=\"text-align: justify;\">A continuaci\u00f3, us oferim algunes recomanacions per fomentar la lectura durant l\u2019estiu:<\/p>\n<ul style=\"text-align: justify;\">\n<li>Llegiu junts cada dia: Dediqueu uns minuts cada dia a llegir plegats. Pot ser un moment especial per compartir hist\u00f2ries i converses.<\/li>\n<li>Deixeu que els infants tri\u00efn els llibres: Permetre\u2019ls escollir els llibres que els interessin afavoreix la seva motivaci\u00f3 per llegir.<\/li>\n<li>Aneu a la biblioteca municipal: Visiteu la biblioteca per descobrir nous llibres i participar en activitats culturals que s&#8217;hi organitzen.<\/li>\n<li>Creeu una rutina de lectura: Establir un moment i un lloc per llegir cada dia ajuda a consolidar l\u2019h\u00e0bit lector.<\/li>\n<li>Compartiu les lectures: Parleu sobre els llibres que llegiu, intercanvieu opinions i feu activitats relacionades amb les lectures.<\/li>\n<li>Us deixem un document on podreu trobar recomanacions de lectures per l&#8217;estiu: <a href=\"https:\/\/agora.xtec.cat\/ceip-salvador-espriu-roda\/wp-content\/uploads\/usu1367\/2025\/06\/RECOMANACIONS-LECTURES-ESTIU.pdf\">Recomanacions de lectura a l&#8217;estiu.\u00a0<\/a><br \/>\n<table style=\"border-collapse: collapse; width: 100%;\">\n<tbody>\n<tr>\n<td style=\"width: 50%;\"><a href=\"https:\/\/agora.xtec.cat\/ceip-salvador-espriu-roda\/wp-content\/uploads\/usu1367\/2025\/06\/RECOMANACIONS-LECTURES-ESTIU_page-0001-scaled.jpg\"><img loading=\"lazy\" decoding=\"async\" class=\"aligncenter size-large wp-image-8812\" src=\"https:\/\/agora.xtec.cat\/ceip-salvador-espriu-roda\/wp-content\/uploads\/usu1367\/2025\/06\/RECOMANACIONS-LECTURES-ESTIU_page-0001-724x1024.jpg\" alt=\"\" width=\"724\" height=\"1024\" srcset=\"https:\/\/agora.xtec.cat\/ceip-salvador-espriu-roda\/wp-content\/uploads\/usu1367\/2025\/06\/RECOMANACIONS-LECTURES-ESTIU_page-0001-724x1024.jpg 724w, https:\/\/agora.xtec.cat\/ceip-salvador-espriu-roda\/wp-content\/uploads\/usu1367\/2025\/06\/RECOMANACIONS-LECTURES-ESTIU_page-0001-212x300.jpg 212w, https:\/\/agora.xtec.cat\/ceip-salvador-espriu-roda\/wp-content\/uploads\/usu1367\/2025\/06\/RECOMANACIONS-LECTURES-ESTIU_page-0001-768x1086.jpg 768w, https:\/\/agora.xtec.cat\/ceip-salvador-espriu-roda\/wp-content\/uploads\/usu1367\/2025\/06\/RECOMANACIONS-LECTURES-ESTIU_page-0001-1086x1536.jpg 1086w, https:\/\/agora.xtec.cat\/ceip-salvador-espriu-roda\/wp-content\/uploads\/usu1367\/2025\/06\/RECOMANACIONS-LECTURES-ESTIU_page-0001-1448x2048.jpg 1448w, https:\/\/agora.xtec.cat\/ceip-salvador-espriu-roda\/wp-content\/uploads\/usu1367\/2025\/06\/RECOMANACIONS-LECTURES-ESTIU_page-0001-scaled.jpg 1810w\" sizes=\"auto, (max-width: 724px) 100vw, 724px\" \/><\/a><\/td>\n<td style=\"width: 50%;\"><a href=\"https:\/\/agora.xtec.cat\/ceip-salvador-espriu-roda\/wp-content\/uploads\/usu1367\/2025\/06\/RECOMANACIONS-LECTURES-ESTIU_page-0002-scaled.jpg\"><img loading=\"lazy\" decoding=\"async\" class=\"aligncenter size-large wp-image-8814\" src=\"https:\/\/agora.xtec.cat\/ceip-salvador-espriu-roda\/wp-content\/uploads\/usu1367\/2025\/06\/RECOMANACIONS-LECTURES-ESTIU_page-0002-724x1024.jpg\" alt=\"\" width=\"724\" height=\"1024\" srcset=\"https:\/\/agora.xtec.cat\/ceip-salvador-espriu-roda\/wp-content\/uploads\/usu1367\/2025\/06\/RECOMANACIONS-LECTURES-ESTIU_page-0002-724x1024.jpg 724w, https:\/\/agora.xtec.cat\/ceip-salvador-espriu-roda\/wp-content\/uploads\/usu1367\/2025\/06\/RECOMANACIONS-LECTURES-ESTIU_page-0002-212x300.jpg 212w, https:\/\/agora.xtec.cat\/ceip-salvador-espriu-roda\/wp-content\/uploads\/usu1367\/2025\/06\/RECOMANACIONS-LECTURES-ESTIU_page-0002-768x1086.jpg 768w, https:\/\/agora.xtec.cat\/ceip-salvador-espriu-roda\/wp-content\/uploads\/usu1367\/2025\/06\/RECOMANACIONS-LECTURES-ESTIU_page-0002-1086x1536.jpg 1086w, https:\/\/agora.xtec.cat\/ceip-salvador-espriu-roda\/wp-content\/uploads\/usu1367\/2025\/06\/RECOMANACIONS-LECTURES-ESTIU_page-0002-1448x2048.jpg 1448w, https:\/\/agora.xtec.cat\/ceip-salvador-espriu-roda\/wp-content\/uploads\/usu1367\/2025\/06\/RECOMANACIONS-LECTURES-ESTIU_page-0002-scaled.jpg 1810w\" sizes=\"auto, (max-width: 724px) 100vw, 724px\" \/><\/a><\/td>\n<\/tr>\n<tr>\n<td style=\"width: 50%;\"><a href=\"https:\/\/agora.xtec.cat\/ceip-salvador-espriu-roda\/wp-content\/uploads\/usu1367\/2025\/06\/RECOMANACIONS-LECTURES-ESTIU_page-0003-scaled.jpg\"><img loading=\"lazy\" decoding=\"async\" class=\"aligncenter size-large wp-image-8813\" src=\"https:\/\/agora.xtec.cat\/ceip-salvador-espriu-roda\/wp-content\/uploads\/usu1367\/2025\/06\/RECOMANACIONS-LECTURES-ESTIU_page-0003-724x1024.jpg\" alt=\"\" width=\"724\" height=\"1024\" srcset=\"https:\/\/agora.xtec.cat\/ceip-salvador-espriu-roda\/wp-content\/uploads\/usu1367\/2025\/06\/RECOMANACIONS-LECTURES-ESTIU_page-0003-724x1024.jpg 724w, https:\/\/agora.xtec.cat\/ceip-salvador-espriu-roda\/wp-content\/uploads\/usu1367\/2025\/06\/RECOMANACIONS-LECTURES-ESTIU_page-0003-212x300.jpg 212w, https:\/\/agora.xtec.cat\/ceip-salvador-espriu-roda\/wp-content\/uploads\/usu1367\/2025\/06\/RECOMANACIONS-LECTURES-ESTIU_page-0003-768x1086.jpg 768w, https:\/\/agora.xtec.cat\/ceip-salvador-espriu-roda\/wp-content\/uploads\/usu1367\/2025\/06\/RECOMANACIONS-LECTURES-ESTIU_page-0003-1086x1536.jpg 1086w, https:\/\/agora.xtec.cat\/ceip-salvador-espriu-roda\/wp-content\/uploads\/usu1367\/2025\/06\/RECOMANACIONS-LECTURES-ESTIU_page-0003-1448x2048.jpg 1448w, https:\/\/agora.xtec.cat\/ceip-salvador-espriu-roda\/wp-content\/uploads\/usu1367\/2025\/06\/RECOMANACIONS-LECTURES-ESTIU_page-0003-scaled.jpg 1810w\" sizes=\"auto, (max-width: 724px) 100vw, 724px\" \/><\/a><\/td>\n<td style=\"width: 50%;\"><a href=\"https:\/\/agora.xtec.cat\/ceip-salvador-espriu-roda\/wp-content\/uploads\/usu1367\/2025\/06\/RECOMANACIONS-LECTURES-ESTIU_page-0004-scaled.jpg\"><img loading=\"lazy\" decoding=\"async\" class=\"aligncenter size-large wp-image-8811\" src=\"https:\/\/agora.xtec.cat\/ceip-salvador-espriu-roda\/wp-content\/uploads\/usu1367\/2025\/06\/RECOMANACIONS-LECTURES-ESTIU_page-0004-724x1024.jpg\" alt=\"\" width=\"724\" height=\"1024\" srcset=\"https:\/\/agora.xtec.cat\/ceip-salvador-espriu-roda\/wp-content\/uploads\/usu1367\/2025\/06\/RECOMANACIONS-LECTURES-ESTIU_page-0004-724x1024.jpg 724w, https:\/\/agora.xtec.cat\/ceip-salvador-espriu-roda\/wp-content\/uploads\/usu1367\/2025\/06\/RECOMANACIONS-LECTURES-ESTIU_page-0004-212x300.jpg 212w, https:\/\/agora.xtec.cat\/ceip-salvador-espriu-roda\/wp-content\/uploads\/usu1367\/2025\/06\/RECOMANACIONS-LECTURES-ESTIU_page-0004-768x1086.jpg 768w, https:\/\/agora.xtec.cat\/ceip-salvador-espriu-roda\/wp-content\/uploads\/usu1367\/2025\/06\/RECOMANACIONS-LECTURES-ESTIU_page-0004-1086x1536.jpg 1086w, https:\/\/agora.xtec.cat\/ceip-salvador-espriu-roda\/wp-content\/uploads\/usu1367\/2025\/06\/RECOMANACIONS-LECTURES-ESTIU_page-0004-1448x2048.jpg 1448w, https:\/\/agora.xtec.cat\/ceip-salvador-espriu-roda\/wp-content\/uploads\/usu1367\/2025\/06\/RECOMANACIONS-LECTURES-ESTIU_page-0004-scaled.jpg 1810w\" sizes=\"auto, (max-width: 724px) 100vw, 724px\" \/><\/a><\/td>\n<\/tr>\n<\/tbody>\n<\/table>\n<\/li>\n<\/ul>\n<p style=\"text-align: justify;\">Recordeu que la lectura \u00e9s una porta oberta a noves aventures i coneixements. Us animem a aprofitar aquest estiu per gaudir de la lectura en fam\u00edlia.<\/p>\n<p style=\"text-align: justify;\">A m\u00e9s us proposem\u00a0un repte,\u00a0<em>Quin ser\u00e0 el lloc m\u00e9s especial on llegiran les nostres fam\u00edlies?\u00a0<\/em>Feu una foto\u00a0i guardeu-la&#8230; al setembre us informarem!<\/p>\n<p style=\"text-align: justify;\">Bon estiu i bones lectures!<\/p>\n<p style=\"text-align: justify;\">Atentament,<\/p>\n<p style=\"text-align: justify;\">Biblio Espriu.<\/p>\n<p>&nbsp;<\/p>\n","protected":false},"excerpt":{"rendered":"<p>Benvolgudes fam\u00edlies,<br \/>\nAmb l\u2019arribada de les vacances d\u2019estiu, volem recordar-vos la import\u00e0ncia de mantenir l\u2019h\u00e0bit lector durant aquests mesos. La lectura no nom\u00e9s enriqueix el vocabulari i la imaginaci\u00f3 dels nostres fills i filles, sin\u00f3 que tamb\u00e9 afavoreix el seu desenvolupament cognitiu i emocional.<br \/>\nPer aix\u00f2, us&hellip;  <a href=\"https:\/\/agora.xtec.cat\/ceip-salvador-espriu-roda\/general\/llegim-a-les-vacances\/\" title=\"Read Llegim a les vacances!\">Llegeix m\u00e9s\u00bb<\/a><\/p>\n","protected":false},"author":1,"featured_media":8810,"comment_status":"closed","ping_status":"closed","sticky":false,"template":"","format":"standard","meta":{"_bbp_topic_count":0,"_bbp_reply_count":0,"_bbp_total_topic_count":0,"_bbp_total_reply_count":0,"_bbp_voice_count":0,"_bbp_anonymous_reply_count":0,"_bbp_topic_count_hidden":0,"_bbp_reply_count_hidden":0,"_bbp_forum_subforum_count":0,"footnotes":""},"categories":[64,1,55,4,77],"tags":[],"class_list":["post-8804","post","type-post","status-publish","format-standard","has-post-thumbnail","hentry","category-biblioteca","category-general","category-informacions-diverses","category-portada","category-projectes"],"post_mailing_queue_ids":[],"_links":{"self":[{"href":"https:\/\/agora.xtec.cat\/ceip-salvador-espriu-roda\/wp-json\/wp\/v2\/posts\/8804","targetHints":{"allow":["GET"]}}],"collection":[{"href":"https:\/\/agora.xtec.cat\/ceip-salvador-espriu-roda\/wp-json\/wp\/v2\/posts"}],"about":[{"href":"https:\/\/agora.xtec.cat\/ceip-salvador-espriu-roda\/wp-json\/wp\/v2\/types\/post"}],"author":[{"embeddable":true,"href":"https:\/\/agora.xtec.cat\/ceip-salvador-espriu-roda\/wp-json\/wp\/v2\/users\/1"}],"replies":[{"embeddable":true,"href":"https:\/\/agora.xtec.cat\/ceip-salvador-espriu-roda\/wp-json\/wp\/v2\/comments?post=8804"}],"version-history":[{"count":6,"href":"https:\/\/agora.xtec.cat\/ceip-salvador-espriu-roda\/wp-json\/wp\/v2\/posts\/8804\/revisions"}],"predecessor-version":[{"id":8816,"href":"https:\/\/agora.xtec.cat\/ceip-salvador-espriu-roda\/wp-json\/wp\/v2\/posts\/8804\/revisions\/8816"}],"wp:featuredmedia":[{"embeddable":true,"href":"https:\/\/agora.xtec.cat\/ceip-salvador-espriu-roda\/wp-json\/wp\/v2\/media\/8810"}],"wp:attachment":[{"href":"https:\/\/agora.xtec.cat\/ceip-salvador-espriu-roda\/wp-json\/wp\/v2\/media?parent=8804"}],"wp:term":[{"taxonomy":"category","embeddable":true,"href":"https:\/\/agora.xtec.cat\/ceip-salvador-espriu-roda\/wp-json\/wp\/v2\/categories?post=8804"},{"taxonomy":"post_tag","embeddable":true,"href":"https:\/\/agora.xtec.cat\/ceip-salvador-espriu-roda\/wp-json\/wp\/v2\/tags?post=8804"}],"curies":[{"name":"wp","href":"https:\/\/api.w.org\/{rel}","templated":true}]}}