{"id":8737,"date":"2025-06-02T09:10:11","date_gmt":"2025-06-02T07:10:11","guid":{"rendered":"https:\/\/agora.xtec.cat\/ceip-salvador-espriu-roda\/?p=8737"},"modified":"2025-06-02T09:10:27","modified_gmt":"2025-06-02T07:10:27","slug":"curt-avions-de-paper","status":"publish","type":"post","link":"https:\/\/agora.xtec.cat\/ceip-salvador-espriu-roda\/general\/curt-avions-de-paper\/","title":{"rendered":"FIC-CAT Avions de paper"},"content":{"rendered":"<p>Hola fam\u00edlies!<\/p>\n<p>Ja podeu veure el nostre curtmetratge d&#8217;enguany <strong>&#8220;Avions de paper&#8221;<\/strong> a la plataforma 3.cat. Tamb\u00e9 optem al premi en l\u00ednia per nombre de visualitzacions, aix\u00ed que fem-ho c\u00f3rrer \u2764\ufe0f<\/p>\n<p>Us deixem l&#8217;enlla\u00e7 al curt:\u00a0<a href=\"https:\/\/www.3cat.cat\/3cat\/avions-de-paper\/video\/6340696\/\">https:\/\/www.3cat.cat\/3cat\/avions-de-paper\/video\/6340696\/<\/a><\/p>\n<p>&nbsp;<\/p>\n<p>&nbsp;<\/p>\n","protected":false},"excerpt":{"rendered":"<p>Hola fam\u00edlies!<br \/>\nJa podeu veure el nostre curtmetratge d&#8217;enguany &#8220;Avions de paper&#8221; a la plataforma 3.cat. Tamb\u00e9 optem al premi en l\u00ednia per nombre de visualitzacions, aix\u00ed que fem-ho c\u00f3rrer \u2764\ufe0f<br \/>\nUs deixem l&#8217;enlla\u00e7 al curt:\u00a0<a href=\"https:\/\/www.3cat.cat\/3cat\/avions-de-paper\/video\/6340696\/\">https:\/\/www.3cat.cat\/3cat\/avions-de-paper\/video\/6340696\/<\/a><br \/>\n&nbsp;<br \/>\n&nbsp;<\/p>\n","protected":false},"author":1,"featured_media":8741,"comment_status":"closed","ping_status":"closed","sticky":false,"template":"","format":"standard","meta":{"_bbp_topic_count":0,"_bbp_reply_count":0,"_bbp_total_topic_count":0,"_bbp_total_reply_count":0,"_bbp_voice_count":0,"_bbp_anonymous_reply_count":0,"_bbp_topic_count_hidden":0,"_bbp_reply_count_hidden":0,"_bbp_forum_subforum_count":0,"footnotes":""},"categories":[82,1,103,4,77],"tags":[],"class_list":["post-8737","post","type-post","status-publish","format-standard","has-post-thumbnail","hentry","category-cinema-a-lescola","category-general","category-hem-fet-a-escola","category-portada","category-projectes"],"post_mailing_queue_ids":[],"_links":{"self":[{"href":"https:\/\/agora.xtec.cat\/ceip-salvador-espriu-roda\/wp-json\/wp\/v2\/posts\/8737","targetHints":{"allow":["GET"]}}],"collection":[{"href":"https:\/\/agora.xtec.cat\/ceip-salvador-espriu-roda\/wp-json\/wp\/v2\/posts"}],"about":[{"href":"https:\/\/agora.xtec.cat\/ceip-salvador-espriu-roda\/wp-json\/wp\/v2\/types\/post"}],"author":[{"embeddable":true,"href":"https:\/\/agora.xtec.cat\/ceip-salvador-espriu-roda\/wp-json\/wp\/v2\/users\/1"}],"replies":[{"embeddable":true,"href":"https:\/\/agora.xtec.cat\/ceip-salvador-espriu-roda\/wp-json\/wp\/v2\/comments?post=8737"}],"version-history":[{"count":4,"href":"https:\/\/agora.xtec.cat\/ceip-salvador-espriu-roda\/wp-json\/wp\/v2\/posts\/8737\/revisions"}],"predecessor-version":[{"id":8742,"href":"https:\/\/agora.xtec.cat\/ceip-salvador-espriu-roda\/wp-json\/wp\/v2\/posts\/8737\/revisions\/8742"}],"wp:featuredmedia":[{"embeddable":true,"href":"https:\/\/agora.xtec.cat\/ceip-salvador-espriu-roda\/wp-json\/wp\/v2\/media\/8741"}],"wp:attachment":[{"href":"https:\/\/agora.xtec.cat\/ceip-salvador-espriu-roda\/wp-json\/wp\/v2\/media?parent=8737"}],"wp:term":[{"taxonomy":"category","embeddable":true,"href":"https:\/\/agora.xtec.cat\/ceip-salvador-espriu-roda\/wp-json\/wp\/v2\/categories?post=8737"},{"taxonomy":"post_tag","embeddable":true,"href":"https:\/\/agora.xtec.cat\/ceip-salvador-espriu-roda\/wp-json\/wp\/v2\/tags?post=8737"}],"curies":[{"name":"wp","href":"https:\/\/api.w.org\/{rel}","templated":true}]}}