{"id":8509,"date":"2025-04-09T09:47:45","date_gmt":"2025-04-09T07:47:45","guid":{"rendered":"https:\/\/agora.xtec.cat\/ceip-salvador-espriu-roda\/?p=8509"},"modified":"2025-04-09T09:47:45","modified_gmt":"2025-04-09T07:47:45","slug":"la-clika-a-2n","status":"publish","type":"post","link":"https:\/\/agora.xtec.cat\/ceip-salvador-espriu-roda\/portada\/la-clika-a-2n\/","title":{"rendered":"La Clika a 2n!"},"content":{"rendered":"<p>Hola fam\u00edlies!<\/p>\n<p>Aquest dilluns, al teatre Tarragona, l&#8217;alumnat de 2n va interpretar les 11 can\u00e7ons de La Clika en directe! \ud83c\udfb6\ud83e\udd41<\/p>\n<p>Vam poder experimentar els nervis i les emocions que noten els artistes abans de pujar dalt d&#8217;un escenari. <!--more-->I no ho vam fer sols! Ho vam poder compartir amb m\u00fasics, directors, nens i nenes d&#8217;altres escoles i vosaltres, fam\u00edlies! Va ser tot un \u00e8xit!\ud83d\udcaa\ud83c\udffd<\/p>\n<p>Despr\u00e9s de la prova de so i l&#8217;actuaci\u00f3, vam gaudir dinant i jugant per Tarragona.\ud83d\udedd<\/p>\n<p>Gr\u00e0cies a tots els nens i nenes de 2n per la vostra implicaci\u00f3 i energia. Sou una gran Clika!\u2764\ufe0f<\/p>\n\n","protected":false},"excerpt":{"rendered":"<p>Hola fam\u00edlies!<br \/>\nAquest dilluns, al teatre Tarragona, l&#8217;alumnat de 2n va interpretar les 11 can\u00e7ons de La Clika en directe! \ud83c\udfb6\ud83e\udd41<br \/>\nVam poder experimentar els nervis i les emocions que noten els artistes abans de pujar dalt d&#8217;un escenari. <\/p>\n","protected":false},"author":1,"featured_media":8504,"comment_status":"closed","ping_status":"closed","sticky":false,"template":"","format":"standard","meta":{"_bbp_topic_count":0,"_bbp_reply_count":0,"_bbp_total_topic_count":0,"_bbp_total_reply_count":0,"_bbp_voice_count":0,"_bbp_anonymous_reply_count":0,"_bbp_topic_count_hidden":0,"_bbp_reply_count_hidden":0,"_bbp_forum_subforum_count":0,"footnotes":""},"categories":[110,103,4,108],"tags":[],"class_list":["post-8509","post","type-post","status-publish","format-standard","has-post-thumbnail","hentry","category-2n","category-hem-fet-a-escola","category-portada","category-primaria"],"post_mailing_queue_ids":[],"_links":{"self":[{"href":"https:\/\/agora.xtec.cat\/ceip-salvador-espriu-roda\/wp-json\/wp\/v2\/posts\/8509","targetHints":{"allow":["GET"]}}],"collection":[{"href":"https:\/\/agora.xtec.cat\/ceip-salvador-espriu-roda\/wp-json\/wp\/v2\/posts"}],"about":[{"href":"https:\/\/agora.xtec.cat\/ceip-salvador-espriu-roda\/wp-json\/wp\/v2\/types\/post"}],"author":[{"embeddable":true,"href":"https:\/\/agora.xtec.cat\/ceip-salvador-espriu-roda\/wp-json\/wp\/v2\/users\/1"}],"replies":[{"embeddable":true,"href":"https:\/\/agora.xtec.cat\/ceip-salvador-espriu-roda\/wp-json\/wp\/v2\/comments?post=8509"}],"version-history":[{"count":1,"href":"https:\/\/agora.xtec.cat\/ceip-salvador-espriu-roda\/wp-json\/wp\/v2\/posts\/8509\/revisions"}],"predecessor-version":[{"id":8510,"href":"https:\/\/agora.xtec.cat\/ceip-salvador-espriu-roda\/wp-json\/wp\/v2\/posts\/8509\/revisions\/8510"}],"wp:featuredmedia":[{"embeddable":true,"href":"https:\/\/agora.xtec.cat\/ceip-salvador-espriu-roda\/wp-json\/wp\/v2\/media\/8504"}],"wp:attachment":[{"href":"https:\/\/agora.xtec.cat\/ceip-salvador-espriu-roda\/wp-json\/wp\/v2\/media?parent=8509"}],"wp:term":[{"taxonomy":"category","embeddable":true,"href":"https:\/\/agora.xtec.cat\/ceip-salvador-espriu-roda\/wp-json\/wp\/v2\/categories?post=8509"},{"taxonomy":"post_tag","embeddable":true,"href":"https:\/\/agora.xtec.cat\/ceip-salvador-espriu-roda\/wp-json\/wp\/v2\/tags?post=8509"}],"curies":[{"name":"wp","href":"https:\/\/api.w.org\/{rel}","templated":true}]}}