{"id":7892,"date":"2024-11-20T09:12:48","date_gmt":"2024-11-20T08:12:48","guid":{"rendered":"https:\/\/agora.xtec.cat\/ceip-salvador-espriu-roda\/?p=7892"},"modified":"2024-11-20T09:12:48","modified_gmt":"2024-11-20T08:12:48","slug":"programa-de-fruita-i-hortalisses-a-les-escoles","status":"publish","type":"post","link":"https:\/\/agora.xtec.cat\/ceip-salvador-espriu-roda\/portada\/programa-de-fruita-i-hortalisses-a-les-escoles\/","title":{"rendered":"Programa de fruita i hortalisses a les escoles"},"content":{"rendered":"<p>Hola fam\u00edlies!<\/p>\n<p>Un any m\u00e9s, el nostre centre participa en el programa de Consum de fruita a les escoles.<\/p>\n<p>\u00c9s una distribuci\u00f3 gratu\u00efta, al llarg d\u2019algunes setmanes, de fruita i verdura fresca als escolars de segon cicle d&#8217;educaci\u00f3 infantil i de prim\u00e0ria (infants de 3 a 12 anys). Els productes s\u2019inclouen en els esbarjos, en cap cas substitueixen els esmorzars.<\/p>\n<p>\u00c9s una iniciativa de la Uni\u00f3 Europea amb l&#8217;acci\u00f3 conjunta dels departaments d&#8217;Agricultura, Salut i Ensenyament.<\/p>\n<p>Els objectius s\u00f3n:<\/p>\n<p>\u00b7 Oferir fruita gratu\u00efta en els esmorzars dins del centre escolar.<\/p>\n<p>\u00b7 Informar sobre els beneficis de pujar el consum de fruites i verdures, i sobre la seva diversitat, trets, producci\u00f3, estacionalitat, etc.<\/p>\n<p>\u00b7 Proposar el consum de fruites com una alternativa excel\u00b7lent al consum d&#8217;altres aliments amb menys qualitat nutricional.<\/p>\n<p>Es pret\u00e9n amb aix\u00f2 afavorir la salut dels infants i promoure el consum de fruites, verdures, fruita seca, llegums, aigua i joc actiu.<\/p>\n<p>Recordem tamb\u00e9 que cal reduir el consum de llaminadures, begudes refrescants, brioixeria i videojocs sedentaris.<\/p>\n<p><img loading=\"lazy\" decoding=\"async\" class=\"aligncenter wp-image-7893\" src=\"https:\/\/agora.xtec.cat\/ceip-salvador-espriu-roda\/wp-content\/uploads\/usu1367\/2024\/11\/IMG-20241120-WA0001-215x300.jpg\" alt=\"\" width=\"500\" height=\"698\" srcset=\"https:\/\/agora.xtec.cat\/ceip-salvador-espriu-roda\/wp-content\/uploads\/usu1367\/2024\/11\/IMG-20241120-WA0001-215x300.jpg 215w, https:\/\/agora.xtec.cat\/ceip-salvador-espriu-roda\/wp-content\/uploads\/usu1367\/2024\/11\/IMG-20241120-WA0001-734x1024.jpg 734w, https:\/\/agora.xtec.cat\/ceip-salvador-espriu-roda\/wp-content\/uploads\/usu1367\/2024\/11\/IMG-20241120-WA0001-768x1072.jpg 768w, https:\/\/agora.xtec.cat\/ceip-salvador-espriu-roda\/wp-content\/uploads\/usu1367\/2024\/11\/IMG-20241120-WA0001.jpg 799w\" sizes=\"auto, (max-width: 500px) 100vw, 500px\" \/><\/p>\n","protected":false},"excerpt":{"rendered":"<p>Hola fam\u00edlies!<br \/>\nUn any m\u00e9s, el nostre centre participa en el programa de Consum de fruita a les escoles.<br \/>\n\u00c9s una distribuci\u00f3 gratu\u00efta, al llarg d\u2019algunes setmanes, de fruita i verdura fresca als escolars de segon cicle d&#8217;educaci\u00f3 infantil i de prim\u00e0ria (infants de 3 a 12&hellip;  <a href=\"https:\/\/agora.xtec.cat\/ceip-salvador-espriu-roda\/portada\/programa-de-fruita-i-hortalisses-a-les-escoles\/\" title=\"Read Programa de fruita i hortalisses a les escoles\">Llegeix m\u00e9s\u00bb<\/a><\/p>\n","protected":false},"author":1,"featured_media":7893,"comment_status":"closed","ping_status":"closed","sticky":false,"template":"","format":"standard","meta":{"_bbp_topic_count":0,"_bbp_reply_count":0,"_bbp_total_topic_count":0,"_bbp_total_reply_count":0,"_bbp_voice_count":0,"_bbp_anonymous_reply_count":0,"_bbp_topic_count_hidden":0,"_bbp_reply_count_hidden":0,"_bbp_forum_subforum_count":0,"footnotes":""},"categories":[55,4],"tags":[],"class_list":["post-7892","post","type-post","status-publish","format-standard","has-post-thumbnail","hentry","category-informacions-diverses","category-portada"],"post_mailing_queue_ids":[],"_links":{"self":[{"href":"https:\/\/agora.xtec.cat\/ceip-salvador-espriu-roda\/wp-json\/wp\/v2\/posts\/7892","targetHints":{"allow":["GET"]}}],"collection":[{"href":"https:\/\/agora.xtec.cat\/ceip-salvador-espriu-roda\/wp-json\/wp\/v2\/posts"}],"about":[{"href":"https:\/\/agora.xtec.cat\/ceip-salvador-espriu-roda\/wp-json\/wp\/v2\/types\/post"}],"author":[{"embeddable":true,"href":"https:\/\/agora.xtec.cat\/ceip-salvador-espriu-roda\/wp-json\/wp\/v2\/users\/1"}],"replies":[{"embeddable":true,"href":"https:\/\/agora.xtec.cat\/ceip-salvador-espriu-roda\/wp-json\/wp\/v2\/comments?post=7892"}],"version-history":[{"count":2,"href":"https:\/\/agora.xtec.cat\/ceip-salvador-espriu-roda\/wp-json\/wp\/v2\/posts\/7892\/revisions"}],"predecessor-version":[{"id":7895,"href":"https:\/\/agora.xtec.cat\/ceip-salvador-espriu-roda\/wp-json\/wp\/v2\/posts\/7892\/revisions\/7895"}],"wp:featuredmedia":[{"embeddable":true,"href":"https:\/\/agora.xtec.cat\/ceip-salvador-espriu-roda\/wp-json\/wp\/v2\/media\/7893"}],"wp:attachment":[{"href":"https:\/\/agora.xtec.cat\/ceip-salvador-espriu-roda\/wp-json\/wp\/v2\/media?parent=7892"}],"wp:term":[{"taxonomy":"category","embeddable":true,"href":"https:\/\/agora.xtec.cat\/ceip-salvador-espriu-roda\/wp-json\/wp\/v2\/categories?post=7892"},{"taxonomy":"post_tag","embeddable":true,"href":"https:\/\/agora.xtec.cat\/ceip-salvador-espriu-roda\/wp-json\/wp\/v2\/tags?post=7892"}],"curies":[{"name":"wp","href":"https:\/\/api.w.org\/{rel}","templated":true}]}}