{"id":7708,"date":"2024-10-28T10:07:23","date_gmt":"2024-10-28T09:07:23","guid":{"rendered":"https:\/\/agora.xtec.cat\/ceip-salvador-espriu-roda\/?p=7708"},"modified":"2024-10-28T10:08:23","modified_gmt":"2024-10-28T09:08:23","slug":"la-classe-de-6ec-inicia-projecte","status":"publish","type":"post","link":"https:\/\/agora.xtec.cat\/ceip-salvador-espriu-roda\/portada\/la-classe-de-6ec-inicia-projecte\/","title":{"rendered":"La classe de 6\u00e8C inicia projecte!"},"content":{"rendered":"<p>Hola fam\u00edlies!<\/p>\n<p>Estem molt emocionats i emocionades d\u2019anunciar que la nostra classe de 6\u00e8 C s\u2019endinsa en una nova aventura! \ud83d\ude80 Aquesta setmana comencem la investigaci\u00f3 sobre la situaci\u00f3 d&#8217;aprenentatge que ens portar\u00e0 a explorar una de les grans preguntes de la humanitat: Hi ha vida fora del nostre planeta? \ud83d\udef8\ud83d\udc7d<br \/>\nAmb l&#8217;ajuda dels nostres petits astrobi\u00f2legs i astrobi\u00f2logues, aprendrem sobre l&#8217;univers, el sistema solar, les missions espacials i, per descomptat, els \u00e9ssers vius que podrien habitar lluny de casa! Cada setmana ser\u00e0 una nova oportunitat per descobrir i explorar all\u00f2 desconegut! \ud83c\udf0d\ud83c\udf20<br \/>\nEstigueu atentes i atents, ja que compartirem els nostres descobriments i reflexions! \ud83d\udea8<br \/>\nUs convidem a seguir-nos en aquest viatge estel\u00b7lar i a preguntar-vos: Qu\u00e8 penseu vosaltres? Hi ha vida all\u00e0 fora? \u2728<\/p>\n\n\t\t<style type=\"text\/css\">\n\t\t\t#gallery-1 {\n\t\t\t\tmargin: auto;\n\t\t\t}\n\t\t\t#gallery-1 .gallery-item {\n\t\t\t\tfloat: left;\n\t\t\t\tmargin-top: 10px;\n\t\t\t\ttext-align: center;\n\t\t\t\twidth: 33%;\n\t\t\t}\n\t\t\t#gallery-1 img {\n\t\t\t\tborder: 2px solid #cfcfcf;\n\t\t\t}\n\t\t\t#gallery-1 .gallery-caption {\n\t\t\t\tmargin-left: 0;\n\t\t\t}\n\t\t\t\/* see gallery_shortcode() in wp-includes\/media.php *\/\n\t\t<\/style>\n\t\t<div id='gallery-1' class='gallery galleryid-7708 gallery-columns-3 gallery-size-medium'><dl class='gallery-item'>\n\t\t\t<dt class='gallery-icon portrait'>\n\t\t\t\t<a href='https:\/\/agora.xtec.cat\/ceip-salvador-espriu-roda\/portada\/la-classe-de-6ec-inicia-projecte\/attachment\/whatsapp-image-2024-10-24-at-18-35-24-1\/'><img loading=\"lazy\" decoding=\"async\" width=\"225\" height=\"300\" src=\"https:\/\/agora.xtec.cat\/ceip-salvador-espriu-roda\/wp-content\/uploads\/usu1367\/2024\/10\/WhatsApp-Image-2024-10-24-at-18.35.24-1-225x300.jpeg\" class=\"attachment-medium size-medium\" alt=\"\" srcset=\"https:\/\/agora.xtec.cat\/ceip-salvador-espriu-roda\/wp-content\/uploads\/usu1367\/2024\/10\/WhatsApp-Image-2024-10-24-at-18.35.24-1-225x300.jpeg 225w, https:\/\/agora.xtec.cat\/ceip-salvador-espriu-roda\/wp-content\/uploads\/usu1367\/2024\/10\/WhatsApp-Image-2024-10-24-at-18.35.24-1-768x1024.jpeg 768w, https:\/\/agora.xtec.cat\/ceip-salvador-espriu-roda\/wp-content\/uploads\/usu1367\/2024\/10\/WhatsApp-Image-2024-10-24-at-18.35.24-1-1152x1536.jpeg 1152w, https:\/\/agora.xtec.cat\/ceip-salvador-espriu-roda\/wp-content\/uploads\/usu1367\/2024\/10\/WhatsApp-Image-2024-10-24-at-18.35.24-1.jpeg 1536w\" sizes=\"auto, (max-width: 225px) 100vw, 225px\" \/><\/a>\n\t\t\t<\/dt><\/dl><dl class='gallery-item'>\n\t\t\t<dt class='gallery-icon portrait'>\n\t\t\t\t<a href='https:\/\/agora.xtec.cat\/ceip-salvador-espriu-roda\/portada\/la-classe-de-6ec-inicia-projecte\/attachment\/whatsapp-image-2024-10-24-at-18-35-23\/'><img loading=\"lazy\" decoding=\"async\" width=\"235\" height=\"300\" src=\"https:\/\/agora.xtec.cat\/ceip-salvador-espriu-roda\/wp-content\/uploads\/usu1367\/2024\/10\/WhatsApp-Image-2024-10-24-at-18.35.23-235x300.jpeg\" class=\"attachment-medium size-medium\" alt=\"\" srcset=\"https:\/\/agora.xtec.cat\/ceip-salvador-espriu-roda\/wp-content\/uploads\/usu1367\/2024\/10\/WhatsApp-Image-2024-10-24-at-18.35.23-235x300.jpeg 235w, https:\/\/agora.xtec.cat\/ceip-salvador-espriu-roda\/wp-content\/uploads\/usu1367\/2024\/10\/WhatsApp-Image-2024-10-24-at-18.35.23-802x1024.jpeg 802w, https:\/\/agora.xtec.cat\/ceip-salvador-espriu-roda\/wp-content\/uploads\/usu1367\/2024\/10\/WhatsApp-Image-2024-10-24-at-18.35.23-768x981.jpeg 768w, https:\/\/agora.xtec.cat\/ceip-salvador-espriu-roda\/wp-content\/uploads\/usu1367\/2024\/10\/WhatsApp-Image-2024-10-24-at-18.35.23-1203x1536.jpeg 1203w, https:\/\/agora.xtec.cat\/ceip-salvador-espriu-roda\/wp-content\/uploads\/usu1367\/2024\/10\/WhatsApp-Image-2024-10-24-at-18.35.23.jpeg 1604w\" sizes=\"auto, (max-width: 235px) 100vw, 235px\" \/><\/a>\n\t\t\t<\/dt><\/dl><dl class='gallery-item'>\n\t\t\t<dt class='gallery-icon portrait'>\n\t\t\t\t<a href='https:\/\/agora.xtec.cat\/ceip-salvador-espriu-roda\/portada\/la-classe-de-6ec-inicia-projecte\/attachment\/whatsapp-image-2024-10-24-at-18-35-24\/'><img loading=\"lazy\" decoding=\"async\" width=\"227\" height=\"300\" src=\"https:\/\/agora.xtec.cat\/ceip-salvador-espriu-roda\/wp-content\/uploads\/usu1367\/2024\/10\/WhatsApp-Image-2024-10-24-at-18.35.24-227x300.jpeg\" class=\"attachment-medium size-medium\" alt=\"\" srcset=\"https:\/\/agora.xtec.cat\/ceip-salvador-espriu-roda\/wp-content\/uploads\/usu1367\/2024\/10\/WhatsApp-Image-2024-10-24-at-18.35.24-227x300.jpeg 227w, https:\/\/agora.xtec.cat\/ceip-salvador-espriu-roda\/wp-content\/uploads\/usu1367\/2024\/10\/WhatsApp-Image-2024-10-24-at-18.35.24-774x1024.jpeg 774w, https:\/\/agora.xtec.cat\/ceip-salvador-espriu-roda\/wp-content\/uploads\/usu1367\/2024\/10\/WhatsApp-Image-2024-10-24-at-18.35.24-768x1016.jpeg 768w, https:\/\/agora.xtec.cat\/ceip-salvador-espriu-roda\/wp-content\/uploads\/usu1367\/2024\/10\/WhatsApp-Image-2024-10-24-at-18.35.24-1161x1536.jpeg 1161w, https:\/\/agora.xtec.cat\/ceip-salvador-espriu-roda\/wp-content\/uploads\/usu1367\/2024\/10\/WhatsApp-Image-2024-10-24-at-18.35.24.jpeg 1548w\" sizes=\"auto, (max-width: 227px) 100vw, 227px\" \/><\/a>\n\t\t\t<\/dt><\/dl><br style=\"clear: both\" \/>\n\t\t<\/div>\n\n","protected":false},"excerpt":{"rendered":"<p>Hola fam\u00edlies!<br \/>\nEstem molt emocionats i emocionades d\u2019anunciar que la nostra classe de 6\u00e8 C s\u2019endinsa en una nova aventura! \ud83d\ude80 Aquesta setmana comencem la investigaci\u00f3 sobre la situaci\u00f3 d&#8217;aprenentatge que ens portar\u00e0 a explorar una de les grans preguntes de la humanitat: Hi ha vida&hellip;  <a href=\"https:\/\/agora.xtec.cat\/ceip-salvador-espriu-roda\/portada\/la-classe-de-6ec-inicia-projecte\/\" title=\"Read La classe de 6\u00e8C inicia projecte!\">Llegeix m\u00e9s\u00bb<\/a><\/p>\n","protected":false},"author":1,"featured_media":7711,"comment_status":"closed","ping_status":"closed","sticky":false,"template":"","format":"standard","meta":{"_bbp_topic_count":0,"_bbp_reply_count":0,"_bbp_total_topic_count":0,"_bbp_total_reply_count":0,"_bbp_voice_count":0,"_bbp_anonymous_reply_count":0,"_bbp_topic_count_hidden":0,"_bbp_reply_count_hidden":0,"_bbp_forum_subforum_count":0,"footnotes":""},"categories":[114,103,4,108],"tags":[],"class_list":["post-7708","post","type-post","status-publish","format-standard","has-post-thumbnail","hentry","category-6e","category-hem-fet-a-escola","category-portada","category-primaria"],"post_mailing_queue_ids":[],"_links":{"self":[{"href":"https:\/\/agora.xtec.cat\/ceip-salvador-espriu-roda\/wp-json\/wp\/v2\/posts\/7708","targetHints":{"allow":["GET"]}}],"collection":[{"href":"https:\/\/agora.xtec.cat\/ceip-salvador-espriu-roda\/wp-json\/wp\/v2\/posts"}],"about":[{"href":"https:\/\/agora.xtec.cat\/ceip-salvador-espriu-roda\/wp-json\/wp\/v2\/types\/post"}],"author":[{"embeddable":true,"href":"https:\/\/agora.xtec.cat\/ceip-salvador-espriu-roda\/wp-json\/wp\/v2\/users\/1"}],"replies":[{"embeddable":true,"href":"https:\/\/agora.xtec.cat\/ceip-salvador-espriu-roda\/wp-json\/wp\/v2\/comments?post=7708"}],"version-history":[{"count":1,"href":"https:\/\/agora.xtec.cat\/ceip-salvador-espriu-roda\/wp-json\/wp\/v2\/posts\/7708\/revisions"}],"predecessor-version":[{"id":7712,"href":"https:\/\/agora.xtec.cat\/ceip-salvador-espriu-roda\/wp-json\/wp\/v2\/posts\/7708\/revisions\/7712"}],"wp:featuredmedia":[{"embeddable":true,"href":"https:\/\/agora.xtec.cat\/ceip-salvador-espriu-roda\/wp-json\/wp\/v2\/media\/7711"}],"wp:attachment":[{"href":"https:\/\/agora.xtec.cat\/ceip-salvador-espriu-roda\/wp-json\/wp\/v2\/media?parent=7708"}],"wp:term":[{"taxonomy":"category","embeddable":true,"href":"https:\/\/agora.xtec.cat\/ceip-salvador-espriu-roda\/wp-json\/wp\/v2\/categories?post=7708"},{"taxonomy":"post_tag","embeddable":true,"href":"https:\/\/agora.xtec.cat\/ceip-salvador-espriu-roda\/wp-json\/wp\/v2\/tags?post=7708"}],"curies":[{"name":"wp","href":"https:\/\/api.w.org\/{rel}","templated":true}]}}