{"id":7682,"date":"2024-10-22T13:46:01","date_gmt":"2024-10-22T11:46:01","guid":{"rendered":"https:\/\/agora.xtec.cat\/ceip-salvador-espriu-roda\/?p=7682"},"modified":"2024-10-22T13:46:35","modified_gmt":"2024-10-22T11:46:35","slug":"tercer-visita-lhort-ecologic","status":"publish","type":"post","link":"https:\/\/agora.xtec.cat\/ceip-salvador-espriu-roda\/general\/tercer-visita-lhort-ecologic\/","title":{"rendered":"Tercer visita l&#8217;hort ecol\u00f2gic"},"content":{"rendered":"<p style=\"text-align: justify;\">Hola fam\u00edlies!<\/p>\n<p style=\"text-align: justify;\">Ahir, l&#8217;alumnat de tercer de la nostra escola han tingut l&#8217;oportunitat de visitar l&#8217;hort ecol\u00f2gic de la Riera de Gai\u00e0, una experi\u00e8ncia educativa que ha estat molt enriquidora i a m\u00e9s, ha perm\u00e8s als alumnes connectar amb el medi ambient de manera pr\u00e0ctica. <!--more--><\/p>\n<p style=\"text-align: justify;\">Durant la visita, els alumnes han apr\u00e8s sobre la import\u00e0ncia de l&#8217;agricultura ecol\u00f2gica i com aquestes pr\u00e0ctiques ajuden a preservar el nostre entorn. Han tingut l&#8217;oportunitat de sembrar diverses plantes arom\u00e0tiques que no nom\u00e9s s\u00f3n \u00fatils a la cuina, sin\u00f3 que tamb\u00e9 contribueixen a la biodiversitat.<\/p>\n<p style=\"text-align: justify;\">Tamb\u00e9, els alumnes han pogut portar-se a casa ramillets, fomentant aix\u00ed el seu inter\u00e8s per la jardineria. Aquesta activitat no nom\u00e9s ha estat divertida, sin\u00f3 que tamb\u00e9 ha estat una manera excel\u00b7lent d&#8217;aprendre sobre la responsabilitat ambiental i la import\u00e0ncia de consumir productes locals i ecol\u00f2gics.<\/p>\n<p style=\"text-align: justify;\">Us deixem unes fotografies de les activitats!<\/p>\n\n\t\t<style type=\"text\/css\">\n\t\t\t#gallery-1 {\n\t\t\t\tmargin: auto;\n\t\t\t}\n\t\t\t#gallery-1 .gallery-item {\n\t\t\t\tfloat: left;\n\t\t\t\tmargin-top: 10px;\n\t\t\t\ttext-align: center;\n\t\t\t\twidth: 25%;\n\t\t\t}\n\t\t\t#gallery-1 img {\n\t\t\t\tborder: 2px solid #cfcfcf;\n\t\t\t}\n\t\t\t#gallery-1 .gallery-caption {\n\t\t\t\tmargin-left: 0;\n\t\t\t}\n\t\t\t\/* see gallery_shortcode() in wp-includes\/media.php *\/\n\t\t<\/style>\n\t\t<div id='gallery-1' class='gallery galleryid-7682 gallery-columns-4 gallery-size-medium'><dl class='gallery-item'>\n\t\t\t<dt class='gallery-icon landscape'>\n\t\t\t\t<a href='https:\/\/agora.xtec.cat\/ceip-salvador-espriu-roda\/general\/tercer-visita-lhort-ecologic\/attachment\/whatsapp-image-2024-10-21-at-13-31-00-1\/'><img loading=\"lazy\" decoding=\"async\" width=\"300\" height=\"225\" src=\"https:\/\/agora.xtec.cat\/ceip-salvador-espriu-roda\/wp-content\/uploads\/usu1367\/2024\/10\/WhatsApp-Image-2024-10-21-at-13.31.00-1-300x225.jpeg\" class=\"attachment-medium size-medium\" alt=\"\" srcset=\"https:\/\/agora.xtec.cat\/ceip-salvador-espriu-roda\/wp-content\/uploads\/usu1367\/2024\/10\/WhatsApp-Image-2024-10-21-at-13.31.00-1-300x225.jpeg 300w, https:\/\/agora.xtec.cat\/ceip-salvador-espriu-roda\/wp-content\/uploads\/usu1367\/2024\/10\/WhatsApp-Image-2024-10-21-at-13.31.00-1-1024x768.jpeg 1024w, https:\/\/agora.xtec.cat\/ceip-salvador-espriu-roda\/wp-content\/uploads\/usu1367\/2024\/10\/WhatsApp-Image-2024-10-21-at-13.31.00-1-768x576.jpeg 768w, https:\/\/agora.xtec.cat\/ceip-salvador-espriu-roda\/wp-content\/uploads\/usu1367\/2024\/10\/WhatsApp-Image-2024-10-21-at-13.31.00-1-1536x1152.jpeg 1536w, https:\/\/agora.xtec.cat\/ceip-salvador-espriu-roda\/wp-content\/uploads\/usu1367\/2024\/10\/WhatsApp-Image-2024-10-21-at-13.31.00-1-200x150.jpeg 200w, https:\/\/agora.xtec.cat\/ceip-salvador-espriu-roda\/wp-content\/uploads\/usu1367\/2024\/10\/WhatsApp-Image-2024-10-21-at-13.31.00-1.jpeg 1600w\" sizes=\"auto, (max-width: 300px) 100vw, 300px\" \/><\/a>\n\t\t\t<\/dt><\/dl><dl class='gallery-item'>\n\t\t\t<dt class='gallery-icon landscape'>\n\t\t\t\t<a href='https:\/\/agora.xtec.cat\/ceip-salvador-espriu-roda\/general\/tercer-visita-lhort-ecologic\/attachment\/whatsapp-image-2024-10-21-at-13-31-00\/'><img loading=\"lazy\" decoding=\"async\" width=\"300\" height=\"225\" src=\"https:\/\/agora.xtec.cat\/ceip-salvador-espriu-roda\/wp-content\/uploads\/usu1367\/2024\/10\/WhatsApp-Image-2024-10-21-at-13.31.00-300x225.jpeg\" class=\"attachment-medium size-medium\" alt=\"\" srcset=\"https:\/\/agora.xtec.cat\/ceip-salvador-espriu-roda\/wp-content\/uploads\/usu1367\/2024\/10\/WhatsApp-Image-2024-10-21-at-13.31.00-300x225.jpeg 300w, https:\/\/agora.xtec.cat\/ceip-salvador-espriu-roda\/wp-content\/uploads\/usu1367\/2024\/10\/WhatsApp-Image-2024-10-21-at-13.31.00-1024x768.jpeg 1024w, https:\/\/agora.xtec.cat\/ceip-salvador-espriu-roda\/wp-content\/uploads\/usu1367\/2024\/10\/WhatsApp-Image-2024-10-21-at-13.31.00-768x576.jpeg 768w, https:\/\/agora.xtec.cat\/ceip-salvador-espriu-roda\/wp-content\/uploads\/usu1367\/2024\/10\/WhatsApp-Image-2024-10-21-at-13.31.00-1536x1152.jpeg 1536w, https:\/\/agora.xtec.cat\/ceip-salvador-espriu-roda\/wp-content\/uploads\/usu1367\/2024\/10\/WhatsApp-Image-2024-10-21-at-13.31.00-200x150.jpeg 200w, https:\/\/agora.xtec.cat\/ceip-salvador-espriu-roda\/wp-content\/uploads\/usu1367\/2024\/10\/WhatsApp-Image-2024-10-21-at-13.31.00.jpeg 1600w\" sizes=\"auto, (max-width: 300px) 100vw, 300px\" \/><\/a>\n\t\t\t<\/dt><\/dl><dl class='gallery-item'>\n\t\t\t<dt class='gallery-icon portrait'>\n\t\t\t\t<a href='https:\/\/agora.xtec.cat\/ceip-salvador-espriu-roda\/general\/tercer-visita-lhort-ecologic\/attachment\/whatsapp-image-2024-10-21-at-13-30-59-1\/'><img loading=\"lazy\" decoding=\"async\" width=\"225\" height=\"300\" src=\"https:\/\/agora.xtec.cat\/ceip-salvador-espriu-roda\/wp-content\/uploads\/usu1367\/2024\/10\/WhatsApp-Image-2024-10-21-at-13.30.59-1-225x300.jpeg\" class=\"attachment-medium size-medium\" alt=\"\" srcset=\"https:\/\/agora.xtec.cat\/ceip-salvador-espriu-roda\/wp-content\/uploads\/usu1367\/2024\/10\/WhatsApp-Image-2024-10-21-at-13.30.59-1-225x300.jpeg 225w, https:\/\/agora.xtec.cat\/ceip-salvador-espriu-roda\/wp-content\/uploads\/usu1367\/2024\/10\/WhatsApp-Image-2024-10-21-at-13.30.59-1-768x1024.jpeg 768w, https:\/\/agora.xtec.cat\/ceip-salvador-espriu-roda\/wp-content\/uploads\/usu1367\/2024\/10\/WhatsApp-Image-2024-10-21-at-13.30.59-1-1152x1536.jpeg 1152w, https:\/\/agora.xtec.cat\/ceip-salvador-espriu-roda\/wp-content\/uploads\/usu1367\/2024\/10\/WhatsApp-Image-2024-10-21-at-13.30.59-1.jpeg 1200w\" sizes=\"auto, (max-width: 225px) 100vw, 225px\" \/><\/a>\n\t\t\t<\/dt><\/dl><dl class='gallery-item'>\n\t\t\t<dt class='gallery-icon landscape'>\n\t\t\t\t<a href='https:\/\/agora.xtec.cat\/ceip-salvador-espriu-roda\/general\/tercer-visita-lhort-ecologic\/attachment\/whatsapp-image-2024-10-21-at-13-30-59\/'><img loading=\"lazy\" decoding=\"async\" width=\"300\" height=\"225\" src=\"https:\/\/agora.xtec.cat\/ceip-salvador-espriu-roda\/wp-content\/uploads\/usu1367\/2024\/10\/WhatsApp-Image-2024-10-21-at-13.30.59-300x225.jpeg\" class=\"attachment-medium size-medium\" alt=\"\" srcset=\"https:\/\/agora.xtec.cat\/ceip-salvador-espriu-roda\/wp-content\/uploads\/usu1367\/2024\/10\/WhatsApp-Image-2024-10-21-at-13.30.59-300x225.jpeg 300w, https:\/\/agora.xtec.cat\/ceip-salvador-espriu-roda\/wp-content\/uploads\/usu1367\/2024\/10\/WhatsApp-Image-2024-10-21-at-13.30.59-1024x768.jpeg 1024w, https:\/\/agora.xtec.cat\/ceip-salvador-espriu-roda\/wp-content\/uploads\/usu1367\/2024\/10\/WhatsApp-Image-2024-10-21-at-13.30.59-768x576.jpeg 768w, https:\/\/agora.xtec.cat\/ceip-salvador-espriu-roda\/wp-content\/uploads\/usu1367\/2024\/10\/WhatsApp-Image-2024-10-21-at-13.30.59-1536x1152.jpeg 1536w, https:\/\/agora.xtec.cat\/ceip-salvador-espriu-roda\/wp-content\/uploads\/usu1367\/2024\/10\/WhatsApp-Image-2024-10-21-at-13.30.59-200x150.jpeg 200w, https:\/\/agora.xtec.cat\/ceip-salvador-espriu-roda\/wp-content\/uploads\/usu1367\/2024\/10\/WhatsApp-Image-2024-10-21-at-13.30.59.jpeg 1600w\" sizes=\"auto, (max-width: 300px) 100vw, 300px\" \/><\/a>\n\t\t\t<\/dt><\/dl><br style=\"clear: both\" \/><dl class='gallery-item'>\n\t\t\t<dt class='gallery-icon landscape'>\n\t\t\t\t<a href='https:\/\/agora.xtec.cat\/ceip-salvador-espriu-roda\/general\/tercer-visita-lhort-ecologic\/attachment\/whatsapp-image-2024-10-21-at-13-30-58\/'><img loading=\"lazy\" decoding=\"async\" width=\"300\" height=\"225\" src=\"https:\/\/agora.xtec.cat\/ceip-salvador-espriu-roda\/wp-content\/uploads\/usu1367\/2024\/10\/WhatsApp-Image-2024-10-21-at-13.30.58-300x225.jpeg\" class=\"attachment-medium size-medium\" alt=\"\" srcset=\"https:\/\/agora.xtec.cat\/ceip-salvador-espriu-roda\/wp-content\/uploads\/usu1367\/2024\/10\/WhatsApp-Image-2024-10-21-at-13.30.58-300x225.jpeg 300w, https:\/\/agora.xtec.cat\/ceip-salvador-espriu-roda\/wp-content\/uploads\/usu1367\/2024\/10\/WhatsApp-Image-2024-10-21-at-13.30.58-1024x768.jpeg 1024w, https:\/\/agora.xtec.cat\/ceip-salvador-espriu-roda\/wp-content\/uploads\/usu1367\/2024\/10\/WhatsApp-Image-2024-10-21-at-13.30.58-768x576.jpeg 768w, https:\/\/agora.xtec.cat\/ceip-salvador-espriu-roda\/wp-content\/uploads\/usu1367\/2024\/10\/WhatsApp-Image-2024-10-21-at-13.30.58-1536x1152.jpeg 1536w, https:\/\/agora.xtec.cat\/ceip-salvador-espriu-roda\/wp-content\/uploads\/usu1367\/2024\/10\/WhatsApp-Image-2024-10-21-at-13.30.58-200x150.jpeg 200w, https:\/\/agora.xtec.cat\/ceip-salvador-espriu-roda\/wp-content\/uploads\/usu1367\/2024\/10\/WhatsApp-Image-2024-10-21-at-13.30.58.jpeg 1600w\" sizes=\"auto, (max-width: 300px) 100vw, 300px\" \/><\/a>\n\t\t\t<\/dt><\/dl><dl class='gallery-item'>\n\t\t\t<dt class='gallery-icon portrait'>\n\t\t\t\t<a href='https:\/\/agora.xtec.cat\/ceip-salvador-espriu-roda\/general\/tercer-visita-lhort-ecologic\/attachment\/whatsapp-image-2024-10-21-at-13-28-21-2\/'><img loading=\"lazy\" decoding=\"async\" width=\"168\" height=\"300\" src=\"https:\/\/agora.xtec.cat\/ceip-salvador-espriu-roda\/wp-content\/uploads\/usu1367\/2024\/10\/WhatsApp-Image-2024-10-21-at-13.28.21-2-168x300.jpeg\" class=\"attachment-medium size-medium\" alt=\"\" srcset=\"https:\/\/agora.xtec.cat\/ceip-salvador-espriu-roda\/wp-content\/uploads\/usu1367\/2024\/10\/WhatsApp-Image-2024-10-21-at-13.28.21-2-168x300.jpeg 168w, https:\/\/agora.xtec.cat\/ceip-salvador-espriu-roda\/wp-content\/uploads\/usu1367\/2024\/10\/WhatsApp-Image-2024-10-21-at-13.28.21-2-574x1024.jpeg 574w, https:\/\/agora.xtec.cat\/ceip-salvador-espriu-roda\/wp-content\/uploads\/usu1367\/2024\/10\/WhatsApp-Image-2024-10-21-at-13.28.21-2-768x1370.jpeg 768w, https:\/\/agora.xtec.cat\/ceip-salvador-espriu-roda\/wp-content\/uploads\/usu1367\/2024\/10\/WhatsApp-Image-2024-10-21-at-13.28.21-2-861x1536.jpeg 861w, https:\/\/agora.xtec.cat\/ceip-salvador-espriu-roda\/wp-content\/uploads\/usu1367\/2024\/10\/WhatsApp-Image-2024-10-21-at-13.28.21-2.jpeg 1144w\" sizes=\"auto, (max-width: 168px) 100vw, 168px\" \/><\/a>\n\t\t\t<\/dt><\/dl><dl class='gallery-item'>\n\t\t\t<dt class='gallery-icon portrait'>\n\t\t\t\t<a href='https:\/\/agora.xtec.cat\/ceip-salvador-espriu-roda\/general\/tercer-visita-lhort-ecologic\/attachment\/whatsapp-image-2024-10-21-at-13-28-21-1\/'><img loading=\"lazy\" decoding=\"async\" width=\"168\" height=\"300\" src=\"https:\/\/agora.xtec.cat\/ceip-salvador-espriu-roda\/wp-content\/uploads\/usu1367\/2024\/10\/WhatsApp-Image-2024-10-21-at-13.28.21-1-168x300.jpeg\" class=\"attachment-medium size-medium\" alt=\"\" srcset=\"https:\/\/agora.xtec.cat\/ceip-salvador-espriu-roda\/wp-content\/uploads\/usu1367\/2024\/10\/WhatsApp-Image-2024-10-21-at-13.28.21-1-168x300.jpeg 168w, https:\/\/agora.xtec.cat\/ceip-salvador-espriu-roda\/wp-content\/uploads\/usu1367\/2024\/10\/WhatsApp-Image-2024-10-21-at-13.28.21-1-574x1024.jpeg 574w, https:\/\/agora.xtec.cat\/ceip-salvador-espriu-roda\/wp-content\/uploads\/usu1367\/2024\/10\/WhatsApp-Image-2024-10-21-at-13.28.21-1-768x1370.jpeg 768w, https:\/\/agora.xtec.cat\/ceip-salvador-espriu-roda\/wp-content\/uploads\/usu1367\/2024\/10\/WhatsApp-Image-2024-10-21-at-13.28.21-1-861x1536.jpeg 861w, https:\/\/agora.xtec.cat\/ceip-salvador-espriu-roda\/wp-content\/uploads\/usu1367\/2024\/10\/WhatsApp-Image-2024-10-21-at-13.28.21-1.jpeg 1144w\" sizes=\"auto, (max-width: 168px) 100vw, 168px\" \/><\/a>\n\t\t\t<\/dt><\/dl><dl class='gallery-item'>\n\t\t\t<dt class='gallery-icon portrait'>\n\t\t\t\t<a href='https:\/\/agora.xtec.cat\/ceip-salvador-espriu-roda\/general\/tercer-visita-lhort-ecologic\/attachment\/whatsapp-image-2024-10-21-at-13-28-21\/'><img loading=\"lazy\" decoding=\"async\" width=\"168\" height=\"300\" src=\"https:\/\/agora.xtec.cat\/ceip-salvador-espriu-roda\/wp-content\/uploads\/usu1367\/2024\/10\/WhatsApp-Image-2024-10-21-at-13.28.21-168x300.jpeg\" class=\"attachment-medium size-medium\" alt=\"\" srcset=\"https:\/\/agora.xtec.cat\/ceip-salvador-espriu-roda\/wp-content\/uploads\/usu1367\/2024\/10\/WhatsApp-Image-2024-10-21-at-13.28.21-168x300.jpeg 168w, https:\/\/agora.xtec.cat\/ceip-salvador-espriu-roda\/wp-content\/uploads\/usu1367\/2024\/10\/WhatsApp-Image-2024-10-21-at-13.28.21-574x1024.jpeg 574w, https:\/\/agora.xtec.cat\/ceip-salvador-espriu-roda\/wp-content\/uploads\/usu1367\/2024\/10\/WhatsApp-Image-2024-10-21-at-13.28.21-768x1370.jpeg 768w, https:\/\/agora.xtec.cat\/ceip-salvador-espriu-roda\/wp-content\/uploads\/usu1367\/2024\/10\/WhatsApp-Image-2024-10-21-at-13.28.21-861x1536.jpeg 861w, https:\/\/agora.xtec.cat\/ceip-salvador-espriu-roda\/wp-content\/uploads\/usu1367\/2024\/10\/WhatsApp-Image-2024-10-21-at-13.28.21.jpeg 1144w\" sizes=\"auto, (max-width: 168px) 100vw, 168px\" \/><\/a>\n\t\t\t<\/dt><\/dl><br style=\"clear: both\" \/><dl class='gallery-item'>\n\t\t\t<dt class='gallery-icon portrait'>\n\t\t\t\t<a href='https:\/\/agora.xtec.cat\/ceip-salvador-espriu-roda\/general\/tercer-visita-lhort-ecologic\/attachment\/whatsapp-image-2024-10-21-at-13-28-20-1\/'><img loading=\"lazy\" decoding=\"async\" width=\"168\" height=\"300\" src=\"https:\/\/agora.xtec.cat\/ceip-salvador-espriu-roda\/wp-content\/uploads\/usu1367\/2024\/10\/WhatsApp-Image-2024-10-21-at-13.28.20-1-168x300.jpeg\" class=\"attachment-medium size-medium\" alt=\"\" srcset=\"https:\/\/agora.xtec.cat\/ceip-salvador-espriu-roda\/wp-content\/uploads\/usu1367\/2024\/10\/WhatsApp-Image-2024-10-21-at-13.28.20-1-168x300.jpeg 168w, https:\/\/agora.xtec.cat\/ceip-salvador-espriu-roda\/wp-content\/uploads\/usu1367\/2024\/10\/WhatsApp-Image-2024-10-21-at-13.28.20-1-574x1024.jpeg 574w, https:\/\/agora.xtec.cat\/ceip-salvador-espriu-roda\/wp-content\/uploads\/usu1367\/2024\/10\/WhatsApp-Image-2024-10-21-at-13.28.20-1-768x1370.jpeg 768w, https:\/\/agora.xtec.cat\/ceip-salvador-espriu-roda\/wp-content\/uploads\/usu1367\/2024\/10\/WhatsApp-Image-2024-10-21-at-13.28.20-1-861x1536.jpeg 861w, https:\/\/agora.xtec.cat\/ceip-salvador-espriu-roda\/wp-content\/uploads\/usu1367\/2024\/10\/WhatsApp-Image-2024-10-21-at-13.28.20-1.jpeg 1144w\" sizes=\"auto, (max-width: 168px) 100vw, 168px\" \/><\/a>\n\t\t\t<\/dt><\/dl><dl class='gallery-item'>\n\t\t\t<dt class='gallery-icon portrait'>\n\t\t\t\t<a href='https:\/\/agora.xtec.cat\/ceip-salvador-espriu-roda\/general\/tercer-visita-lhort-ecologic\/attachment\/whatsapp-image-2024-10-21-at-13-28-20\/'><img loading=\"lazy\" decoding=\"async\" width=\"168\" height=\"300\" src=\"https:\/\/agora.xtec.cat\/ceip-salvador-espriu-roda\/wp-content\/uploads\/usu1367\/2024\/10\/WhatsApp-Image-2024-10-21-at-13.28.20-168x300.jpeg\" class=\"attachment-medium size-medium\" alt=\"\" srcset=\"https:\/\/agora.xtec.cat\/ceip-salvador-espriu-roda\/wp-content\/uploads\/usu1367\/2024\/10\/WhatsApp-Image-2024-10-21-at-13.28.20-168x300.jpeg 168w, https:\/\/agora.xtec.cat\/ceip-salvador-espriu-roda\/wp-content\/uploads\/usu1367\/2024\/10\/WhatsApp-Image-2024-10-21-at-13.28.20-574x1024.jpeg 574w, https:\/\/agora.xtec.cat\/ceip-salvador-espriu-roda\/wp-content\/uploads\/usu1367\/2024\/10\/WhatsApp-Image-2024-10-21-at-13.28.20-768x1370.jpeg 768w, https:\/\/agora.xtec.cat\/ceip-salvador-espriu-roda\/wp-content\/uploads\/usu1367\/2024\/10\/WhatsApp-Image-2024-10-21-at-13.28.20-861x1536.jpeg 861w, https:\/\/agora.xtec.cat\/ceip-salvador-espriu-roda\/wp-content\/uploads\/usu1367\/2024\/10\/WhatsApp-Image-2024-10-21-at-13.28.20.jpeg 1144w\" sizes=\"auto, (max-width: 168px) 100vw, 168px\" \/><\/a>\n\t\t\t<\/dt><\/dl>\n\t\t\t<br style='clear: both' \/>\n\t\t<\/div>\n\n","protected":false},"excerpt":{"rendered":"<p>Hola fam\u00edlies!<br \/>\nAhir, l&#8217;alumnat de tercer de la nostra escola han tingut l&#8217;oportunitat de visitar l&#8217;hort ecol\u00f2gic de la Riera de Gai\u00e0, una experi\u00e8ncia educativa que ha estat molt enriquidora i a m\u00e9s, ha perm\u00e8s als alumnes connectar amb el medi ambient de manera pr\u00e0ctica. <\/p>\n","protected":false},"author":1,"featured_media":7687,"comment_status":"closed","ping_status":"closed","sticky":false,"template":"","format":"standard","meta":{"_bbp_topic_count":0,"_bbp_reply_count":0,"_bbp_total_topic_count":0,"_bbp_total_reply_count":0,"_bbp_voice_count":0,"_bbp_anonymous_reply_count":0,"_bbp_topic_count_hidden":0,"_bbp_reply_count_hidden":0,"_bbp_forum_subforum_count":0,"footnotes":""},"categories":[111,117,126,1,4,108,115],"tags":[],"class_list":["post-7682","post","type-post","status-publish","format-standard","has-post-thumbnail","hentry","category-3r","category-comunitat-de-mitjans","category-educacio-mediambiental","category-general","category-portada","category-primaria","category-sortides"],"post_mailing_queue_ids":[],"_links":{"self":[{"href":"https:\/\/agora.xtec.cat\/ceip-salvador-espriu-roda\/wp-json\/wp\/v2\/posts\/7682","targetHints":{"allow":["GET"]}}],"collection":[{"href":"https:\/\/agora.xtec.cat\/ceip-salvador-espriu-roda\/wp-json\/wp\/v2\/posts"}],"about":[{"href":"https:\/\/agora.xtec.cat\/ceip-salvador-espriu-roda\/wp-json\/wp\/v2\/types\/post"}],"author":[{"embeddable":true,"href":"https:\/\/agora.xtec.cat\/ceip-salvador-espriu-roda\/wp-json\/wp\/v2\/users\/1"}],"replies":[{"embeddable":true,"href":"https:\/\/agora.xtec.cat\/ceip-salvador-espriu-roda\/wp-json\/wp\/v2\/comments?post=7682"}],"version-history":[{"count":1,"href":"https:\/\/agora.xtec.cat\/ceip-salvador-espriu-roda\/wp-json\/wp\/v2\/posts\/7682\/revisions"}],"predecessor-version":[{"id":7693,"href":"https:\/\/agora.xtec.cat\/ceip-salvador-espriu-roda\/wp-json\/wp\/v2\/posts\/7682\/revisions\/7693"}],"wp:featuredmedia":[{"embeddable":true,"href":"https:\/\/agora.xtec.cat\/ceip-salvador-espriu-roda\/wp-json\/wp\/v2\/media\/7687"}],"wp:attachment":[{"href":"https:\/\/agora.xtec.cat\/ceip-salvador-espriu-roda\/wp-json\/wp\/v2\/media?parent=7682"}],"wp:term":[{"taxonomy":"category","embeddable":true,"href":"https:\/\/agora.xtec.cat\/ceip-salvador-espriu-roda\/wp-json\/wp\/v2\/categories?post=7682"},{"taxonomy":"post_tag","embeddable":true,"href":"https:\/\/agora.xtec.cat\/ceip-salvador-espriu-roda\/wp-json\/wp\/v2\/tags?post=7682"}],"curies":[{"name":"wp","href":"https:\/\/api.w.org\/{rel}","templated":true}]}}