{"id":7393,"date":"2024-05-20T13:20:40","date_gmt":"2024-05-20T11:20:40","guid":{"rendered":"https:\/\/agora.xtec.cat\/ceip-salvador-espriu-roda\/?p=7393"},"modified":"2024-05-20T13:20:40","modified_gmt":"2024-05-20T11:20:40","slug":"colonies-de-6e-a-flix","status":"publish","type":"post","link":"https:\/\/agora.xtec.cat\/ceip-salvador-espriu-roda\/general\/colonies-de-6e-a-flix\/","title":{"rendered":"Col\u00f2nies de 6\u00e8 a Flix"},"content":{"rendered":"<p>Hola fam\u00edlies.<\/p>\n<p>Recentment, els alumnes de sis\u00e8 de prim\u00e0ria van gaudir d&#8217;una sortida de 3 dies al camp d&#8217;aprenentatge de Flix, on van endinsar-se en l&#8217;estudi de l&#8217;entorn natural i hist\u00f2ric d&#8217;aquest entorn tan singular.<\/p>\n<p style=\"text-align: justify;\">Durant la seva estada, els estudiants van tenir l&#8217;oportunitat de con\u00e8ixer de primera m\u00e0 la riquesa de la flora i fauna del territori, aprenent sobre les diferents esp\u00e8cies que hi habiten i les caracter\u00edstiques de l&#8217;ecosistema fluvial. Mitjan\u00e7ant activitats pr\u00e0ctiques i observacions al camp, van poder comprendre millor els processos naturals que tenen lloc en aquest indret.<\/p>\n<p style=\"text-align: justify;\">A m\u00e9s de l&#8217;aprenentatge sobre l&#8217;entorn natural, els estudiants tamb\u00e9 van explorar el ric patrimoni hist\u00f2ric de la zona. Van visitar diversos llocs emblem\u00e0tics i van aprendre sobre la hist\u00f2ria de la zona.<\/p>\n<p style=\"text-align: justify;\">Aquesta experi\u00e8ncia al camp d&#8217;aprenentatge de Flix ha suposat una oportunitat \u00fanica per als alumnes de sis\u00e8 de prim\u00e0ria per connectar amb la natura i el llegat hist\u00f2ric del seu entorn. Sens dubte, una viv\u00e8ncia que els marcar\u00e0 i els permetr\u00e0 desenvolupar una consci\u00e8ncia m\u00e9s profunda sobre la import\u00e0ncia de cuidar i preservar el nostre medi ambient.<\/p>\n\n\t\t<style type=\"text\/css\">\n\t\t\t#gallery-1 {\n\t\t\t\tmargin: auto;\n\t\t\t}\n\t\t\t#gallery-1 .gallery-item {\n\t\t\t\tfloat: left;\n\t\t\t\tmargin-top: 10px;\n\t\t\t\ttext-align: center;\n\t\t\t\twidth: 50%;\n\t\t\t}\n\t\t\t#gallery-1 img {\n\t\t\t\tborder: 2px solid #cfcfcf;\n\t\t\t}\n\t\t\t#gallery-1 .gallery-caption {\n\t\t\t\tmargin-left: 0;\n\t\t\t}\n\t\t\t\/* see gallery_shortcode() in wp-includes\/media.php *\/\n\t\t<\/style>\n\t\t<div id='gallery-1' class='gallery galleryid-7393 gallery-columns-2 gallery-size-medium'><dl class='gallery-item'>\n\t\t\t<dt class='gallery-icon landscape'>\n\t\t\t\t<a href='https:\/\/agora.xtec.cat\/ceip-salvador-espriu-roda\/general\/colonies-de-6e-a-flix\/attachment\/img_20240515_145950\/'><img loading=\"lazy\" decoding=\"async\" width=\"300\" height=\"224\" src=\"https:\/\/agora.xtec.cat\/ceip-salvador-espriu-roda\/wp-content\/uploads\/usu1367\/2024\/05\/IMG_20240515_145950-300x224.jpg\" class=\"attachment-medium size-medium\" alt=\"\" srcset=\"https:\/\/agora.xtec.cat\/ceip-salvador-espriu-roda\/wp-content\/uploads\/usu1367\/2024\/05\/IMG_20240515_145950-300x224.jpg 300w, https:\/\/agora.xtec.cat\/ceip-salvador-espriu-roda\/wp-content\/uploads\/usu1367\/2024\/05\/IMG_20240515_145950-1024x766.jpg 1024w, https:\/\/agora.xtec.cat\/ceip-salvador-espriu-roda\/wp-content\/uploads\/usu1367\/2024\/05\/IMG_20240515_145950-768x575.jpg 768w, https:\/\/agora.xtec.cat\/ceip-salvador-espriu-roda\/wp-content\/uploads\/usu1367\/2024\/05\/IMG_20240515_145950-1536x1149.jpg 1536w, https:\/\/agora.xtec.cat\/ceip-salvador-espriu-roda\/wp-content\/uploads\/usu1367\/2024\/05\/IMG_20240515_145950-2048x1532.jpg 2048w, https:\/\/agora.xtec.cat\/ceip-salvador-espriu-roda\/wp-content\/uploads\/usu1367\/2024\/05\/IMG_20240515_145950-200x150.jpg 200w\" sizes=\"auto, (max-width: 300px) 100vw, 300px\" \/><\/a>\n\t\t\t<\/dt><\/dl><dl class='gallery-item'>\n\t\t\t<dt class='gallery-icon landscape'>\n\t\t\t\t<a href='https:\/\/agora.xtec.cat\/ceip-salvador-espriu-roda\/general\/colonies-de-6e-a-flix\/attachment\/pxl_20240516_075549349-mp\/'><img loading=\"lazy\" decoding=\"async\" width=\"300\" height=\"169\" src=\"https:\/\/agora.xtec.cat\/ceip-salvador-espriu-roda\/wp-content\/uploads\/usu1367\/2024\/05\/PXL_20240516_075549349.MP_-300x169.jpg\" class=\"attachment-medium size-medium\" alt=\"\" srcset=\"https:\/\/agora.xtec.cat\/ceip-salvador-espriu-roda\/wp-content\/uploads\/usu1367\/2024\/05\/PXL_20240516_075549349.MP_-300x169.jpg 300w, https:\/\/agora.xtec.cat\/ceip-salvador-espriu-roda\/wp-content\/uploads\/usu1367\/2024\/05\/PXL_20240516_075549349.MP_-1024x576.jpg 1024w, https:\/\/agora.xtec.cat\/ceip-salvador-espriu-roda\/wp-content\/uploads\/usu1367\/2024\/05\/PXL_20240516_075549349.MP_-768x432.jpg 768w, https:\/\/agora.xtec.cat\/ceip-salvador-espriu-roda\/wp-content\/uploads\/usu1367\/2024\/05\/PXL_20240516_075549349.MP_-1536x864.jpg 1536w, https:\/\/agora.xtec.cat\/ceip-salvador-espriu-roda\/wp-content\/uploads\/usu1367\/2024\/05\/PXL_20240516_075549349.MP_-2048x1152.jpg 2048w\" sizes=\"auto, (max-width: 300px) 100vw, 300px\" \/><\/a>\n\t\t\t<\/dt><\/dl><br style=\"clear: both\" \/>\n\t\t<\/div>\n\n<p>&nbsp;<\/p>\n","protected":false},"excerpt":{"rendered":"<p>Hola fam\u00edlies.<br \/>\nRecentment, els alumnes de sis\u00e8 de prim\u00e0ria van gaudir d&#8217;una sortida de 3 dies al camp d&#8217;aprenentatge de Flix, on van endinsar-se en l&#8217;estudi de l&#8217;entorn natural i hist\u00f2ric d&#8217;aquest entorn tan singular.<br \/>\nDurant la seva estada, els estudiants van tenir l&#8217;oportunitat de con\u00e8ixer de&hellip;  <a href=\"https:\/\/agora.xtec.cat\/ceip-salvador-espriu-roda\/general\/colonies-de-6e-a-flix\/\" title=\"Read Col\u00f2nies de 6\u00e8 a Flix\">Llegeix m\u00e9s\u00bb<\/a><\/p>\n","protected":false},"author":1,"featured_media":7394,"comment_status":"closed","ping_status":"closed","sticky":false,"template":"","format":"standard","meta":{"_bbp_topic_count":0,"_bbp_reply_count":0,"_bbp_total_topic_count":0,"_bbp_total_reply_count":0,"_bbp_voice_count":0,"_bbp_anonymous_reply_count":0,"_bbp_topic_count_hidden":0,"_bbp_reply_count_hidden":0,"_bbp_forum_subforum_count":0,"footnotes":""},"categories":[114,119,1,4,108,115],"tags":[],"class_list":["post-7393","post","type-post","status-publish","format-standard","has-post-thumbnail","hentry","category-6e","category-comunitat-de-grans","category-general","category-portada","category-primaria","category-sortides"],"post_mailing_queue_ids":[],"_links":{"self":[{"href":"https:\/\/agora.xtec.cat\/ceip-salvador-espriu-roda\/wp-json\/wp\/v2\/posts\/7393","targetHints":{"allow":["GET"]}}],"collection":[{"href":"https:\/\/agora.xtec.cat\/ceip-salvador-espriu-roda\/wp-json\/wp\/v2\/posts"}],"about":[{"href":"https:\/\/agora.xtec.cat\/ceip-salvador-espriu-roda\/wp-json\/wp\/v2\/types\/post"}],"author":[{"embeddable":true,"href":"https:\/\/agora.xtec.cat\/ceip-salvador-espriu-roda\/wp-json\/wp\/v2\/users\/1"}],"replies":[{"embeddable":true,"href":"https:\/\/agora.xtec.cat\/ceip-salvador-espriu-roda\/wp-json\/wp\/v2\/comments?post=7393"}],"version-history":[{"count":1,"href":"https:\/\/agora.xtec.cat\/ceip-salvador-espriu-roda\/wp-json\/wp\/v2\/posts\/7393\/revisions"}],"predecessor-version":[{"id":7396,"href":"https:\/\/agora.xtec.cat\/ceip-salvador-espriu-roda\/wp-json\/wp\/v2\/posts\/7393\/revisions\/7396"}],"wp:featuredmedia":[{"embeddable":true,"href":"https:\/\/agora.xtec.cat\/ceip-salvador-espriu-roda\/wp-json\/wp\/v2\/media\/7394"}],"wp:attachment":[{"href":"https:\/\/agora.xtec.cat\/ceip-salvador-espriu-roda\/wp-json\/wp\/v2\/media?parent=7393"}],"wp:term":[{"taxonomy":"category","embeddable":true,"href":"https:\/\/agora.xtec.cat\/ceip-salvador-espriu-roda\/wp-json\/wp\/v2\/categories?post=7393"},{"taxonomy":"post_tag","embeddable":true,"href":"https:\/\/agora.xtec.cat\/ceip-salvador-espriu-roda\/wp-json\/wp\/v2\/tags?post=7393"}],"curies":[{"name":"wp","href":"https:\/\/api.w.org\/{rel}","templated":true}]}}