{"id":7302,"date":"2024-04-26T15:04:58","date_gmt":"2024-04-26T13:04:58","guid":{"rendered":"https:\/\/agora.xtec.cat\/ceip-salvador-espriu-roda\/?p=7302"},"modified":"2024-04-26T15:04:58","modified_gmt":"2024-04-26T13:04:58","slug":"projecte-darbitres-a-5e","status":"publish","type":"post","link":"https:\/\/agora.xtec.cat\/ceip-salvador-espriu-roda\/general\/projecte-darbitres-a-5e\/","title":{"rendered":"Projecte d&#8217;\u00e0rbitres a 5\u00e8"},"content":{"rendered":"<p style=\"text-align: justify;\">Hola fam\u00edlies,<br \/>\nDins del projecte d&#8217;\u00e0rbitres en el curs de cinqu\u00e8 de prim\u00e0ria, dos \u00e0rbitres de categoria Nacional: Gonzalo Romero i Maria Planes van visitar un grup d&#8217;alumnes de cinqu\u00e8 de prim\u00e0ria per a compartir la seva experi\u00e8ncia i realitzar una petita formaci\u00f3. La iniciativa, que buscava educar als participants sobre el treball d&#8217;un \u00e0rbitre va resultar en una experi\u00e8ncia enriquidora per a l&#8217;alumnat.<\/p>\n<p style=\"text-align: justify;\">Durant la visita, els \u00e0rbitres van tenir l&#8217;oportunitat d&#8217;explicar detalladament en qu\u00e8 consisteix el seu treball, des de la preparaci\u00f3 pr\u00e8via als partits fins a la presa de decisions en el camp. Els nens i nenes, entusiasmats, van tenir l&#8217;oportunitat de fer preguntes i participar en din\u00e0miques que els van permetre comprendre la import\u00e0ncia de l&#8217;arbitratge en el futbol.<\/p>\n<p>Aquesta visita no sols va brindar als nens l&#8217;oportunitat d&#8217;aprendre sobre una professi\u00f3 fonamental en el m\u00f3n de l&#8217;esport, sin\u00f3 que tamb\u00e9 els va mostrar la import\u00e0ncia del treball en equip, la presa de decisions i la import\u00e0ncia dels valors del respecte, la imparcialitat i la responsabilitat en el seu treball.<\/p>\n\n\t\t<style type=\"text\/css\">\n\t\t\t#gallery-1 {\n\t\t\t\tmargin: auto;\n\t\t\t}\n\t\t\t#gallery-1 .gallery-item {\n\t\t\t\tfloat: left;\n\t\t\t\tmargin-top: 10px;\n\t\t\t\ttext-align: center;\n\t\t\t\twidth: 50%;\n\t\t\t}\n\t\t\t#gallery-1 img {\n\t\t\t\tborder: 2px solid #cfcfcf;\n\t\t\t}\n\t\t\t#gallery-1 .gallery-caption {\n\t\t\t\tmargin-left: 0;\n\t\t\t}\n\t\t\t\/* see gallery_shortcode() in wp-includes\/media.php *\/\n\t\t<\/style>\n\t\t<div id='gallery-1' class='gallery galleryid-7302 gallery-columns-2 gallery-size-medium'><dl class='gallery-item'>\n\t\t\t<dt class='gallery-icon landscape'>\n\t\t\t\t<a href='https:\/\/agora.xtec.cat\/ceip-salvador-espriu-roda\/general\/projecte-darbitres-a-5e\/attachment\/whatsapp-image-2024-04-25-at-15-46-54-2\/'><img loading=\"lazy\" decoding=\"async\" width=\"300\" height=\"278\" src=\"https:\/\/agora.xtec.cat\/ceip-salvador-espriu-roda\/wp-content\/uploads\/usu1367\/2024\/04\/WhatsApp-Image-2024-04-25-at-15.46.54-2-300x278.jpeg\" class=\"attachment-medium size-medium\" alt=\"\" srcset=\"https:\/\/agora.xtec.cat\/ceip-salvador-espriu-roda\/wp-content\/uploads\/usu1367\/2024\/04\/WhatsApp-Image-2024-04-25-at-15.46.54-2-300x278.jpeg 300w, https:\/\/agora.xtec.cat\/ceip-salvador-espriu-roda\/wp-content\/uploads\/usu1367\/2024\/04\/WhatsApp-Image-2024-04-25-at-15.46.54-2-1024x949.jpeg 1024w, https:\/\/agora.xtec.cat\/ceip-salvador-espriu-roda\/wp-content\/uploads\/usu1367\/2024\/04\/WhatsApp-Image-2024-04-25-at-15.46.54-2-768x712.jpeg 768w, https:\/\/agora.xtec.cat\/ceip-salvador-espriu-roda\/wp-content\/uploads\/usu1367\/2024\/04\/WhatsApp-Image-2024-04-25-at-15.46.54-2-1536x1424.jpeg 1536w, https:\/\/agora.xtec.cat\/ceip-salvador-espriu-roda\/wp-content\/uploads\/usu1367\/2024\/04\/WhatsApp-Image-2024-04-25-at-15.46.54-2.jpeg 2048w\" sizes=\"auto, (max-width: 300px) 100vw, 300px\" \/><\/a>\n\t\t\t<\/dt><\/dl><dl class='gallery-item'>\n\t\t\t<dt class='gallery-icon portrait'>\n\t\t\t\t<a href='https:\/\/agora.xtec.cat\/ceip-salvador-espriu-roda\/general\/projecte-darbitres-a-5e\/attachment\/whatsapp-image-2024-04-25-at-15-46-54-1\/'><img loading=\"lazy\" decoding=\"async\" width=\"225\" height=\"300\" src=\"https:\/\/agora.xtec.cat\/ceip-salvador-espriu-roda\/wp-content\/uploads\/usu1367\/2024\/04\/WhatsApp-Image-2024-04-25-at-15.46.54-1-225x300.jpeg\" class=\"attachment-medium size-medium\" alt=\"\" srcset=\"https:\/\/agora.xtec.cat\/ceip-salvador-espriu-roda\/wp-content\/uploads\/usu1367\/2024\/04\/WhatsApp-Image-2024-04-25-at-15.46.54-1-225x300.jpeg 225w, https:\/\/agora.xtec.cat\/ceip-salvador-espriu-roda\/wp-content\/uploads\/usu1367\/2024\/04\/WhatsApp-Image-2024-04-25-at-15.46.54-1-768x1024.jpeg 768w, https:\/\/agora.xtec.cat\/ceip-salvador-espriu-roda\/wp-content\/uploads\/usu1367\/2024\/04\/WhatsApp-Image-2024-04-25-at-15.46.54-1-1152x1536.jpeg 1152w, https:\/\/agora.xtec.cat\/ceip-salvador-espriu-roda\/wp-content\/uploads\/usu1367\/2024\/04\/WhatsApp-Image-2024-04-25-at-15.46.54-1.jpeg 1512w\" sizes=\"auto, (max-width: 225px) 100vw, 225px\" \/><\/a>\n\t\t\t<\/dt><\/dl><br style=\"clear: both\" \/><dl class='gallery-item'>\n\t\t\t<dt class='gallery-icon portrait'>\n\t\t\t\t<a href='https:\/\/agora.xtec.cat\/ceip-salvador-espriu-roda\/general\/projecte-darbitres-a-5e\/attachment\/whatsapp-image-2024-04-25-at-15-46-54\/'><img loading=\"lazy\" decoding=\"async\" width=\"225\" height=\"300\" src=\"https:\/\/agora.xtec.cat\/ceip-salvador-espriu-roda\/wp-content\/uploads\/usu1367\/2024\/04\/WhatsApp-Image-2024-04-25-at-15.46.54-225x300.jpeg\" class=\"attachment-medium size-medium\" alt=\"\" srcset=\"https:\/\/agora.xtec.cat\/ceip-salvador-espriu-roda\/wp-content\/uploads\/usu1367\/2024\/04\/WhatsApp-Image-2024-04-25-at-15.46.54-225x300.jpeg 225w, https:\/\/agora.xtec.cat\/ceip-salvador-espriu-roda\/wp-content\/uploads\/usu1367\/2024\/04\/WhatsApp-Image-2024-04-25-at-15.46.54-768x1024.jpeg 768w, https:\/\/agora.xtec.cat\/ceip-salvador-espriu-roda\/wp-content\/uploads\/usu1367\/2024\/04\/WhatsApp-Image-2024-04-25-at-15.46.54-1152x1536.jpeg 1152w, https:\/\/agora.xtec.cat\/ceip-salvador-espriu-roda\/wp-content\/uploads\/usu1367\/2024\/04\/WhatsApp-Image-2024-04-25-at-15.46.54.jpeg 1512w\" sizes=\"auto, (max-width: 225px) 100vw, 225px\" \/><\/a>\n\t\t\t<\/dt><\/dl><dl class='gallery-item'>\n\t\t\t<dt class='gallery-icon portrait'>\n\t\t\t\t<a href='https:\/\/agora.xtec.cat\/ceip-salvador-espriu-roda\/general\/projecte-darbitres-a-5e\/attachment\/whatsapp-image-2024-04-25-at-15-46-54-3\/'><img loading=\"lazy\" decoding=\"async\" width=\"225\" height=\"300\" src=\"https:\/\/agora.xtec.cat\/ceip-salvador-espriu-roda\/wp-content\/uploads\/usu1367\/2024\/04\/WhatsApp-Image-2024-04-25-at-15.46.54-3-225x300.jpeg\" class=\"attachment-medium size-medium\" alt=\"\" srcset=\"https:\/\/agora.xtec.cat\/ceip-salvador-espriu-roda\/wp-content\/uploads\/usu1367\/2024\/04\/WhatsApp-Image-2024-04-25-at-15.46.54-3-225x300.jpeg 225w, https:\/\/agora.xtec.cat\/ceip-salvador-espriu-roda\/wp-content\/uploads\/usu1367\/2024\/04\/WhatsApp-Image-2024-04-25-at-15.46.54-3-768x1024.jpeg 768w, https:\/\/agora.xtec.cat\/ceip-salvador-espriu-roda\/wp-content\/uploads\/usu1367\/2024\/04\/WhatsApp-Image-2024-04-25-at-15.46.54-3-1152x1536.jpeg 1152w, https:\/\/agora.xtec.cat\/ceip-salvador-espriu-roda\/wp-content\/uploads\/usu1367\/2024\/04\/WhatsApp-Image-2024-04-25-at-15.46.54-3.jpeg 1536w\" sizes=\"auto, (max-width: 225px) 100vw, 225px\" \/><\/a>\n\t\t\t<\/dt><\/dl><br style=\"clear: both\" \/><dl class='gallery-item'>\n\t\t\t<dt class='gallery-icon landscape'>\n\t\t\t\t<a href='https:\/\/agora.xtec.cat\/ceip-salvador-espriu-roda\/general\/projecte-darbitres-a-5e\/attachment\/pxl_20240424_094310953-mp\/'><img loading=\"lazy\" decoding=\"async\" width=\"300\" height=\"169\" src=\"https:\/\/agora.xtec.cat\/ceip-salvador-espriu-roda\/wp-content\/uploads\/usu1367\/2024\/04\/PXL_20240424_094310953.MP_-300x169.jpg\" class=\"attachment-medium size-medium\" alt=\"\" srcset=\"https:\/\/agora.xtec.cat\/ceip-salvador-espriu-roda\/wp-content\/uploads\/usu1367\/2024\/04\/PXL_20240424_094310953.MP_-300x169.jpg 300w, https:\/\/agora.xtec.cat\/ceip-salvador-espriu-roda\/wp-content\/uploads\/usu1367\/2024\/04\/PXL_20240424_094310953.MP_-1024x576.jpg 1024w, https:\/\/agora.xtec.cat\/ceip-salvador-espriu-roda\/wp-content\/uploads\/usu1367\/2024\/04\/PXL_20240424_094310953.MP_-768x432.jpg 768w, https:\/\/agora.xtec.cat\/ceip-salvador-espriu-roda\/wp-content\/uploads\/usu1367\/2024\/04\/PXL_20240424_094310953.MP_-1536x864.jpg 1536w, https:\/\/agora.xtec.cat\/ceip-salvador-espriu-roda\/wp-content\/uploads\/usu1367\/2024\/04\/PXL_20240424_094310953.MP_-2048x1152.jpg 2048w\" sizes=\"auto, (max-width: 300px) 100vw, 300px\" \/><\/a>\n\t\t\t<\/dt><\/dl>\n\t\t\t<br style='clear: both' \/>\n\t\t<\/div>\n\n<p>&nbsp;<\/p>\n<p style=\"text-align: justify;\">\n","protected":false},"excerpt":{"rendered":"<p>Hola fam\u00edlies,<br \/>\nDins del projecte d&#8217;\u00e0rbitres en el curs de cinqu\u00e8 de prim\u00e0ria, dos \u00e0rbitres de categoria Nacional: Gonzalo Romero i Maria Planes van visitar un grup d&#8217;alumnes de cinqu\u00e8 de prim\u00e0ria per a compartir la seva experi\u00e8ncia i realitzar una petita formaci\u00f3. La iniciativa, que&hellip;  <a href=\"https:\/\/agora.xtec.cat\/ceip-salvador-espriu-roda\/general\/projecte-darbitres-a-5e\/\" title=\"Read Projecte d&#8217;\u00e0rbitres a 5\u00e8\">Llegeix m\u00e9s\u00bb<\/a><\/p>\n","protected":false},"author":1,"featured_media":7303,"comment_status":"closed","ping_status":"closed","sticky":false,"template":"","format":"standard","meta":{"_bbp_topic_count":0,"_bbp_reply_count":0,"_bbp_total_topic_count":0,"_bbp_total_reply_count":0,"_bbp_voice_count":0,"_bbp_anonymous_reply_count":0,"_bbp_topic_count_hidden":0,"_bbp_reply_count_hidden":0,"_bbp_forum_subforum_count":0,"footnotes":""},"categories":[1,4],"tags":[],"class_list":["post-7302","post","type-post","status-publish","format-standard","has-post-thumbnail","hentry","category-general","category-portada"],"post_mailing_queue_ids":[],"_links":{"self":[{"href":"https:\/\/agora.xtec.cat\/ceip-salvador-espriu-roda\/wp-json\/wp\/v2\/posts\/7302","targetHints":{"allow":["GET"]}}],"collection":[{"href":"https:\/\/agora.xtec.cat\/ceip-salvador-espriu-roda\/wp-json\/wp\/v2\/posts"}],"about":[{"href":"https:\/\/agora.xtec.cat\/ceip-salvador-espriu-roda\/wp-json\/wp\/v2\/types\/post"}],"author":[{"embeddable":true,"href":"https:\/\/agora.xtec.cat\/ceip-salvador-espriu-roda\/wp-json\/wp\/v2\/users\/1"}],"replies":[{"embeddable":true,"href":"https:\/\/agora.xtec.cat\/ceip-salvador-espriu-roda\/wp-json\/wp\/v2\/comments?post=7302"}],"version-history":[{"count":3,"href":"https:\/\/agora.xtec.cat\/ceip-salvador-espriu-roda\/wp-json\/wp\/v2\/posts\/7302\/revisions"}],"predecessor-version":[{"id":7317,"href":"https:\/\/agora.xtec.cat\/ceip-salvador-espriu-roda\/wp-json\/wp\/v2\/posts\/7302\/revisions\/7317"}],"wp:featuredmedia":[{"embeddable":true,"href":"https:\/\/agora.xtec.cat\/ceip-salvador-espriu-roda\/wp-json\/wp\/v2\/media\/7303"}],"wp:attachment":[{"href":"https:\/\/agora.xtec.cat\/ceip-salvador-espriu-roda\/wp-json\/wp\/v2\/media?parent=7302"}],"wp:term":[{"taxonomy":"category","embeddable":true,"href":"https:\/\/agora.xtec.cat\/ceip-salvador-espriu-roda\/wp-json\/wp\/v2\/categories?post=7302"},{"taxonomy":"post_tag","embeddable":true,"href":"https:\/\/agora.xtec.cat\/ceip-salvador-espriu-roda\/wp-json\/wp\/v2\/tags?post=7302"}],"curies":[{"name":"wp","href":"https:\/\/api.w.org\/{rel}","templated":true}]}}